{"id":513453,"date":"2025-11-05T12:06:13","date_gmt":"2025-11-05T12:06:13","guid":{"rendered":"https:\/\/www.europesays.com\/fr\/513453\/"},"modified":"2025-11-05T12:06:13","modified_gmt":"2025-11-05T12:06:13","slug":"voici-quand-sera-installe-le-sapin-place-stanislas","status":"publish","type":"post","link":"https:\/\/www.europesays.com\/fr\/513453\/","title":{"rendered":"voici quand sera install\u00e9 le sapin place Stanislas"},"content":{"rendered":"<p>            Par<br \/>\n        <strong><br \/>\n            <a href=\"https:\/\/actu.fr\/auteur\/amandine-mehl\" title=\"Consulter tous les articles de Amandine Mehl\" target=\"_blank\" rel=\"noopener\">Amandine Mehl<\/a><br \/>\n        <\/strong><\/p>\n<p>        Publi\u00e9 le<\/p>\n<p>            5 nov. 2025 \u00e0 12h33        <\/p>\n<p>\u00c0 <strong>Nancy<\/strong>, th\u00e9\u00e2tre du <a href=\"https:\/\/actu.fr\/grand-est\/nancy_54395\/jardin-ephemere-a-nancy-date-theme-forme-ce-qu-on-sait-deja-sur-l-edition-2025_62217544.html\" target=\"_blank\" rel=\"noopener\">jardin \u00e9ph\u00e9m\u00e8re<\/a> durant un mois, la <a href=\"https:\/\/actu.fr\/tag\/place-stanislas\" target=\"_blank\" rel=\"noopener\">place Stanislas<\/a> s\u2019appr\u00eate \u00e0 <strong>changer d\u2019ambiance<\/strong> en se parant aux couleurs des festivit\u00e9s de <a href=\"https:\/\/actu.fr\/tag\/saint-nicolas\" target=\"_blank\" rel=\"noopener\">Saint-Nicolas<\/a>.<\/p>\n<p class=\" wall-content\">Le <strong>sapin<\/strong>, qui l\u2019habillera jusqu\u2019au mois de janvier 2026, fera son arriv\u00e9e <strong>jeudi 6 novembre<\/strong> au matin.<\/p>\n<p>Un sapin de 18 m\u00e8tres pour 3,6 tonnes place Stanislas<\/p>\n<p class=\" wall-content\">Coup\u00e9 mercredi \u00e0 <strong>Saint-Broing<\/strong> (Haute-Sa\u00f4ne), o\u00f9 il a grandi sur un terrain priv\u00e9 et a pris trop d\u2019ampleur, ce sapin qualifi\u00e9 de \u00ab\u00a0<strong>tr\u00e8s branchu<\/strong>\u00a0\u00bb mesure <strong>18 m\u00e8tres pour 3,6 tonnes<\/strong>. Il sera mis dans son socle au moyen de <strong>grues<\/strong>.<\/p>\n<p class=\" wall-content\">Orn\u00e9 de <strong>120 motifs color\u00e9s aux lignes art d\u00e9co<\/strong>, l\u2019arbre sera <strong>illumin\u00e9 le vendredi 21 novembre<\/strong>, jour du lancement des festivit\u00e9s de <a href=\"https:\/\/actu.fr\/grand-est\/nancy_54395\/fetes-de-saint-nicolas-a-nancy-dates-theme-nouveautes-voici-tout-ce-que-l-on-sait-deja-de-l-edition-2025_63173235.html\" target=\"_blank\" rel=\"noopener\">Saint-Nicolas<\/a>. Un <strong>banc \u00e0 selfie<\/strong> sera par ailleurs install\u00e9 au sapin et accessible au public.<\/p>\n<p class=\" wall-content\">Personnalisez votre actualit\u00e9 en ajoutant vos villes et m\u00e9dias en favori avec <a href=\"https:\/\/moncompte.actu.fr\" title=\"D\u00e9couvez Mon Actu\" rel=\"nofollow noopener\" data-trk=\"{&quot;cta&quot;:{&quot;action&quot;:&quot;https:\\\/\\\/moncompte.actu.fr&quot;,&quot;category&quot;:&quot;mon compte&quot;,&quot;from&quot;:&quot;article footer&quot;,&quot;name&quot;:&quot;Mon actu&quot;,&quot;type&quot;:&quot;cta&quot;}}\" target=\"_blank\">Mon Actu<\/a>.<\/p>\n","protected":false},"excerpt":{"rendered":"Par Amandine Mehl Publi\u00e9 le 5 nov. 2025 \u00e0 12h33 \u00c0 Nancy, th\u00e9\u00e2tre du jardin \u00e9ph\u00e9m\u00e8re durant un&hellip;\n","protected":false},"author":2,"featured_media":513454,"comment_status":"","ping_status":"","sticky":false,"template":"","format":"standard","meta":{"footnotes":""},"categories":[9635],"tags":[1111,11,1777,674,1011,27,775,1702,12,9647,25,14334,104],"class_list":{"0":"post-513453","1":"post","2":"type-post","3":"status-publish","4":"format-standard","5":"has-post-thumbnail","7":"category-nancy","8":"tag-actu","9":"tag-actualites","10":"tag-eu","11":"tag-europe","12":"tag-fr","13":"tag-france","14":"tag-grand-est","15":"tag-nancy","16":"tag-news","17":"tag-place-stanislas","18":"tag-republique-francaise","19":"tag-saint-nicolas","20":"tag-societe"},"share_on_mastodon":{"url":"https:\/\/pubeurope.com\/@fr\/115497008061896734","error":""},"_links":{"self":[{"href":"https:\/\/www.europesays.com\/fr\/wp-json\/wp\/v2\/posts\/513453","targetHints":{"allow":["GET"]}}],"collection":[{"href":"https:\/\/www.europesays.com\/fr\/wp-json\/wp\/v2\/posts"}],"about":[{"href":"https:\/\/www.europesays.com\/fr\/wp-json\/wp\/v2\/types\/post"}],"author":[{"embeddable":true,"href":"https:\/\/www.europesays.com\/fr\/wp-json\/wp\/v2\/users\/2"}],"replies":[{"embeddable":true,"href":"https:\/\/www.europesays.com\/fr\/wp-json\/wp\/v2\/comments?post=513453"}],"version-history":[{"count":0,"href":"https:\/\/www.europesays.com\/fr\/wp-json\/wp\/v2\/posts\/513453\/revisions"}],"wp:featuredmedia":[{"embeddable":true,"href":"https:\/\/www.europesays.com\/fr\/wp-json\/wp\/v2\/media\/513454"}],"wp:attachment":[{"href":"https:\/\/www.europesays.com\/fr\/wp-json\/wp\/v2\/media?parent=513453"}],"wp:term":[{"taxonomy":"category","embeddable":true,"href":"https:\/\/www.europesays.com\/fr\/wp-json\/wp\/v2\/categories?post=513453"},{"taxonomy":"post_tag","embeddable":true,"href":"https:\/\/www.europesays.com\/fr\/wp-json\/wp\/v2\/tags?post=513453"}],"curies":[{"name":"wp","href":"https:\/\/api.w.org\/{rel}","templated":true}]}}