{"id":513459,"date":"2025-11-05T12:10:14","date_gmt":"2025-11-05T12:10:14","guid":{"rendered":"https:\/\/www.europesays.com\/fr\/513459\/"},"modified":"2025-11-05T12:10:14","modified_gmt":"2025-11-05T12:10:14","slug":"le-paradis-des-plantes-a-prix-mini-debarque-a-la-halle-tropisme","status":"publish","type":"post","link":"https:\/\/www.europesays.com\/fr\/513459\/","title":{"rendered":"le paradis des plantes \u00e0 prix mini d\u00e9barque \u00e0 la Halle Tropisme"},"content":{"rendered":"<p>\n\u00a9 Photo d\u2019illustration \u2013 une grande vente de plantes \u00e0 la Halle Tropisme \u00e0 Montpellier.<\/p>\n<p><a data-no-instant=\"1\" href=\"https:\/\/www.lunel.com\/2025\/09\/25\/flamenco-2025-une-cinquieme-edition-prometteuse\/\" rel=\"noopener nofollow\" class=\"a2t-link\" aria-label=\"3672-image\" target=\"_blank\"><img decoding=\"async\" loading=\"lazy\" src=\"https:\/\/www.europesays.com\/fr\/wp-content\/uploads\/2025\/11\/3672-image.jpg\" alt=\"\"   width=\"1220\" height=\"260\"\/><\/a><\/p>\n<p>Du <strong>7 au 9 novembre<\/strong>, un vent de verdure d\u00e9barque \u00e0 la <strong>Halle Tropisme<\/strong> \u00e0 <a href=\"https:\/\/infoccitanie.fr\/tag\/montpellier\/\" rel=\"nofollow noopener\" target=\"_blank\">Montpellier<\/a>. Durant ces trois jours, les montpelli\u00e9rains et les visiteurs de passage pourront se d\u00e9goter des<strong> plantes fra\u00eeches \u00e0 un prix mini<\/strong>. <strong>Au programme ?<\/strong> Plus de 150 vari\u00e9t\u00e9s de plantes <strong>\u00e0 partir de 0,99 euros<\/strong> (paiement possible en carte bancaire ou en esp\u00e8ces). Des terreaux, pots et caches-pots seront \u00e9galement propos\u00e9es pour sublimer ces plantes.<\/p>\n<p>La s\u00e9lection effectu\u00e9e par le personnel de la Halle Tropisme \u00e0 l\u2019occasion de cette grande vente de plantes est <strong>directement venue du producteur<\/strong>. Elle arrivera le matin m\u00eame du premier jour de l\u2019\u00e9v\u00e8nement et il n\u2019y aura pas de r\u00e9approvisionnement durant le week-end.<\/p>\n<p>S\u2019offrir une pause nature<\/p>\n<p>La grande vente de plantes \u00e0 la Halle Tropisme \u00e0 Montpellier n\u00e9cessite la <strong>r\u00e9servation d\u2019un billet gratuit<\/strong> (cliquez <a href=\"https:\/\/plantespourtous.co\/products\/grande-vente-de-plantes-montpellier\" target=\"_blank\" rel=\"nofollow noopener\">ici<\/a>). Ce syst\u00e8me de r\u00e9servation permet aux organisateurs d\u2019estimer le nombre de personnes attendues et de commander un nombre de plantes adapt\u00e9 et \u00e9viter les ruptures de stock. Pour s\u2019offrir une pause nature, rendez-vous \u00e0 partir <strong>ce vendredi 7 novembre \u00e0 partir de 9 heures<\/strong> \u00e0 la <a href=\"https:\/\/infoccitanie.fr\/tag\/halle-tropisme\/\" rel=\"nofollow noopener\" target=\"_blank\">Halle Tropisme<\/a>.<\/p>\n","protected":false},"excerpt":{"rendered":"\u00a9 Photo d\u2019illustration \u2013 une grande vente de plantes \u00e0 la Halle Tropisme \u00e0 Montpellier. Du 7 au&hellip;\n","protected":false},"author":2,"featured_media":513460,"comment_status":"","ping_status":"","sticky":false,"template":"","format":"standard","meta":{"footnotes":""},"categories":[9599],"tags":[1111,11,1777,674,1011,27,63430,2208,12,2680,25],"class_list":{"0":"post-513459","1":"post","2":"type-post","3":"status-publish","4":"format-standard","5":"has-post-thumbnail","7":"category-montpellier","8":"tag-actu","9":"tag-actualites","10":"tag-eu","11":"tag-europe","12":"tag-fr","13":"tag-france","14":"tag-halle-tropisme","15":"tag-montpellier","16":"tag-news","17":"tag-occitanie","18":"tag-republique-francaise"},"share_on_mastodon":{"url":"https:\/\/pubeurope.com\/@fr\/115497024976491801","error":""},"_links":{"self":[{"href":"https:\/\/www.europesays.com\/fr\/wp-json\/wp\/v2\/posts\/513459","targetHints":{"allow":["GET"]}}],"collection":[{"href":"https:\/\/www.europesays.com\/fr\/wp-json\/wp\/v2\/posts"}],"about":[{"href":"https:\/\/www.europesays.com\/fr\/wp-json\/wp\/v2\/types\/post"}],"author":[{"embeddable":true,"href":"https:\/\/www.europesays.com\/fr\/wp-json\/wp\/v2\/users\/2"}],"replies":[{"embeddable":true,"href":"https:\/\/www.europesays.com\/fr\/wp-json\/wp\/v2\/comments?post=513459"}],"version-history":[{"count":0,"href":"https:\/\/www.europesays.com\/fr\/wp-json\/wp\/v2\/posts\/513459\/revisions"}],"wp:featuredmedia":[{"embeddable":true,"href":"https:\/\/www.europesays.com\/fr\/wp-json\/wp\/v2\/media\/513460"}],"wp:attachment":[{"href":"https:\/\/www.europesays.com\/fr\/wp-json\/wp\/v2\/media?parent=513459"}],"wp:term":[{"taxonomy":"category","embeddable":true,"href":"https:\/\/www.europesays.com\/fr\/wp-json\/wp\/v2\/categories?post=513459"},{"taxonomy":"post_tag","embeddable":true,"href":"https:\/\/www.europesays.com\/fr\/wp-json\/wp\/v2\/tags?post=513459"}],"curies":[{"name":"wp","href":"https:\/\/api.w.org\/{rel}","templated":true}]}}