{"id":513463,"date":"2025-11-05T12:12:14","date_gmt":"2025-11-05T12:12:14","guid":{"rendered":"https:\/\/www.europesays.com\/fr\/513463\/"},"modified":"2025-11-05T12:12:14","modified_gmt":"2025-11-05T12:12:14","slug":"quatre-personnes-interpellees-pour-trafic-de-drogue-plus-de-100-000-euros-saisis","status":"publish","type":"post","link":"https:\/\/www.europesays.com\/fr\/513463\/","title":{"rendered":"Quatre personnes interpell\u00e9es pour trafic de drogue, plus de 100.000 euros saisis"},"content":{"rendered":"<p>Quatre personnes ont \u00e9t\u00e9 interpell\u00e9es par la <a href=\"https:\/\/www.20minutes.fr\/dossier\/police\" class=\"c-link c-link--is-underlined\" target=\"_blank\" rel=\"noopener\">police<\/a> \u00e0 Rouen (<a href=\"https:\/\/www.20minutes.fr\/dossier\/seine_maritime-1\" class=\"c-link c-link--is-underlined\" target=\"_blank\" rel=\"noopener\">Seine-Maritime<\/a>) et dans son agglom\u00e9ration mardi. D\u2019apr\u00e8s une information r\u00e9v\u00e9l\u00e9e par nos confr\u00e8res d\u2019<a href=\"https:\/\/www.francebleu.fr\/infos\/faits-divers-justice\/trafic-d-armes-et-de-drogue-a-rouen-plus-de-100-000-euros-saisis-quatre-suspects-interpelles-5949903\" target=\"_blank\" class=\"c-link c-link--is-underlined\" rel=\"noopener\">ici Normandie<\/a>, ces individus sont suspect\u00e9s\u00a0d\u2019avoir particip\u00e9\u00a0\u00e0 un vaste <a href=\"https:\/\/www.20minutes.fr\/dossier\/trafic_de_drogue\" class=\"c-link c-link--is-underlined\" target=\"_blank\" rel=\"noopener\">trafic de stup\u00e9fiants<\/a>.\u00a0Leur interpellation est survenue apr\u00e8s plusieurs mois d\u2019enqu\u00eate.<\/p>\n<p>Tout a commenc\u00e9 lors d\u2019une patrouille, lorsque des agents de police ont rep\u00e9r\u00e9 une voiture vol\u00e9e. Par la suite, les enqu\u00eateurs de la Division de la criminalit\u00e9 territoriale ont \u00e9tabli un lien entre ce\u00a0v\u00e9hicule et un important trafic de drogue. Leurs investigations ont permis d\u2019identifier et d\u2019arr\u00eater les quatre suspects mardi. Ils\u00a0ont \u00e9t\u00e9 plac\u00e9s en garde \u00e0 vue.<\/p>\n<p>Des armes et pr\u00e8s de 10 kilos de drogue<\/p>\n<p>Selon la radio locale, les mis en cause vivaient\u00a0tous dans des logements lou\u00e9s via Airbnb.\u00a0Mardi, les forces de l\u2019ordre ont men\u00e9 des perquisitions \u00e0 leurs domiciles et ont retrouv\u00e9\u00a0pr\u00e8s de\u00a010 kilos de drogue (coca\u00efne, ecstasy et cannabis), plus de 100.000 euros en liquide ainsi qu\u2019une dizaine d\u2019armes de poing et d\u2019\u00e9paule.<\/p>\n<\/p>\n<p>En octobre, <a href=\"https:\/\/www.20minutes.fr\/societe\/4178680-20251011-trafic-stupefiants-huit-personnes-mises-examen-dont-avocate\" class=\"c-link c-link--is-underlined\" target=\"_blank\" rel=\"noopener\">huit personnes, dont une avocate du barreau de\u00a0Rouen, avaient \u00e9t\u00e9 mises en examen et plac\u00e9es en d\u00e9tention provisoire dans le cadre d\u2019une enqu\u00eate sur un r\u00e9seau de\u00a0trafic de cannabis<\/a>. Ils\u00a0s\u2019approvisionnaient en Espagne et aux Pays-Bas avant d\u2019\u00e9couler leur marchandise dans la r\u00e9gion de Rouen. Leur proc\u00e8s doit prendre fin ce mercredi, indique <a href=\"https:\/\/www.ouest-france.fr\/faits-divers\/trafic\/trafic-de-drogue-dix-personnes-jugees-a-lille-apres-le-demantelement-dun-reseau-a-rouen-5027f77e-b8cb-11f0-9097-68e77b575996\" target=\"_blank\" class=\"c-link c-link--is-underlined\" rel=\"noopener\">Ouest France<\/a>.<\/p>\n","protected":false},"excerpt":{"rendered":"Quatre personnes ont \u00e9t\u00e9 interpell\u00e9es par la police \u00e0 Rouen (Seine-Maritime) et dans son agglom\u00e9ration mardi. D\u2019apr\u00e8s une&hellip;\n","protected":false},"author":2,"featured_media":513464,"comment_status":"","ping_status":"","sticky":false,"template":"","format":"standard","meta":{"footnotes":""},"categories":[9587],"tags":[1111,47,11,1777,674,118,1011,27,12,5161,1072,25,9590,5163,887],"class_list":{"0":"post-513463","1":"post","2":"type-post","3":"status-publish","4":"format-standard","5":"has-post-thumbnail","7":"category-rouen","8":"tag-actu","9":"tag-actualite","10":"tag-actualites","11":"tag-eu","12":"tag-europe","13":"tag-faits-divers","14":"tag-fr","15":"tag-france","16":"tag-news","17":"tag-normandie","18":"tag-police","19":"tag-republique-francaise","20":"tag-rouen","21":"tag-seine-maritime","22":"tag-trafic-de-drogue"},"share_on_mastodon":{"url":"https:\/\/pubeurope.com\/@fr\/115497031754058296","error":""},"_links":{"self":[{"href":"https:\/\/www.europesays.com\/fr\/wp-json\/wp\/v2\/posts\/513463","targetHints":{"allow":["GET"]}}],"collection":[{"href":"https:\/\/www.europesays.com\/fr\/wp-json\/wp\/v2\/posts"}],"about":[{"href":"https:\/\/www.europesays.com\/fr\/wp-json\/wp\/v2\/types\/post"}],"author":[{"embeddable":true,"href":"https:\/\/www.europesays.com\/fr\/wp-json\/wp\/v2\/users\/2"}],"replies":[{"embeddable":true,"href":"https:\/\/www.europesays.com\/fr\/wp-json\/wp\/v2\/comments?post=513463"}],"version-history":[{"count":0,"href":"https:\/\/www.europesays.com\/fr\/wp-json\/wp\/v2\/posts\/513463\/revisions"}],"wp:featuredmedia":[{"embeddable":true,"href":"https:\/\/www.europesays.com\/fr\/wp-json\/wp\/v2\/media\/513464"}],"wp:attachment":[{"href":"https:\/\/www.europesays.com\/fr\/wp-json\/wp\/v2\/media?parent=513463"}],"wp:term":[{"taxonomy":"category","embeddable":true,"href":"https:\/\/www.europesays.com\/fr\/wp-json\/wp\/v2\/categories?post=513463"},{"taxonomy":"post_tag","embeddable":true,"href":"https:\/\/www.europesays.com\/fr\/wp-json\/wp\/v2\/tags?post=513463"}],"curies":[{"name":"wp","href":"https:\/\/api.w.org\/{rel}","templated":true}]}}