{"id":513465,"date":"2025-11-05T12:13:17","date_gmt":"2025-11-05T12:13:17","guid":{"rendered":"https:\/\/www.europesays.com\/fr\/513465\/"},"modified":"2025-11-05T12:13:17","modified_gmt":"2025-11-05T12:13:17","slug":"les-etudiants-entrepreneurs-a-lhonneur","status":"publish","type":"post","link":"https:\/\/www.europesays.com\/fr\/513465\/","title":{"rendered":"les \u00e9tudiants entrepreneurs \u00e0 l&rsquo;honneur"},"content":{"rendered":"<p>Entreprendre, c&rsquo;est le lot de tous les \u00e9tudiants d&rsquo;\u00e9cole de commerce, mais les \u00e9tudiantes et \u00e9tudiants, futurs infirmiers, architectes, di\u00e9t\u00e9ticiens et on en passe ont aussi le droit de cultiver leur \u00e2me entrepreneuriale. C&rsquo;est pour cela qu&rsquo;est n\u00e9 le P\u00e9pite oZer. \u00ab\u00a0C&rsquo;est un dispositif national. P\u00e9pite, c&rsquo;est\u00a0P\u00f4les \u00c9tudiants pour l\u2019Innovation, le Transfert et l\u2019Entrepreneuriat \u00bb, rappelle Pedro Olivas. Il dirige le P\u00e9pite oZer de l&rsquo;acad\u00e9mie de Grenoble, un des 32 P\u00e9pites fran\u00e7ais. \u00ab\u00a0Tout le monde peut entreprendre si \u00e7a le titille, on d\u00e9mystifie l&rsquo;entrepreuneuriat. C&rsquo;est notre premi\u00e8re mission. La deuxi\u00e8me, c&rsquo;est d&rsquo;attribuer le statut d&rsquo;\u00e9tudiant entrepreneur. \u00bb<\/p>\n<p>Et il s&rsquo;agit de donner un coup de pouce moral, des conseils pertinent et de mettre ce petit monde en r\u00e9seau. Un petit ch\u00e8que est \u00e9galement attribu\u00e9\u00a0dans le cadre du\u00a0Prix P\u00e9pite national en partenariat avec Bpifrance.<\/p>\n<p>Parmi les projets qu&rsquo;ils accompagnent,\u00a0les trois P\u00e9pites r\u00e9gionaux (Lyon, Clermont et Grenoble)\u00a0ont choisi quatre laur\u00e9ats par acad\u00e9mie qui ont re\u00e7u une dotation de deux mille euros ce mardi 4 novembre \u00e0 Grenoble. Et pour chaque acad\u00e9mie, laur\u00e9at recevra un autre prix le 20 novembre prochain lors d&rsquo;une c\u00e9r\u00e9monie nationale \u00e0 Paris,\u00a0avec, \u00e0 la cl\u00e9, une dotation de 5000 euros.<\/p>\n<p>Les laur\u00e9ats de l&rsquo;acad\u00e9mie de Grenoble<br \/>\n  Aelys Drone<\/p>\n<p>Florian Lopez-Rios : \u00ab\u00a0Aelys\u00a0Drone pourra livrer des refuges par drone de mani\u00e8re r\u00e9guli\u00e8re. Aussi, l&rsquo;objectif est de diversifier les services\u00a0: faire du transport pour tout ce qui est chantier en montagne, en milieu difficile d&rsquo;acc\u00e8s ou\u00a0des inspections de parcs photovolta\u00efques par exemple.\u00bb\u00a0<\/p>\n<p>  Cygon<\/p>\n<p>Yann Sellier et\u00a0Gabriel Fontaine : \u00ab\u00a0Notre passion, c&rsquo;est la cr\u00e9ation de jeux vid\u00e9o. Depuis qu&rsquo;on est au coll\u00e8ge, on fait \u00e7a. Nous avons cr\u00e9\u00e9 le logiciel dont on aurait r\u00eav\u00e9 quand on a commenc\u00e9.\u00a0Cela repose sur une technologie qu&rsquo;on a d\u00e9velopp\u00e9e, une nouvelle fa\u00e7on de d\u00e9crire et d&rsquo;encoder la 3D. Ce qui nous permet de s&rsquo;ouvrir \u00e0 beaucoup d&rsquo;outils\u00a0et d&rsquo;applications. Nous sommes\u00a0au Start-up studio de l&rsquo;Inria. On a sorti il y a un mois notre version Insider Program.\u00a0Ce qui nous a permis d&rsquo;avoir une quarantaine d&rsquo;utilisateurs actifs. On esp\u00e8re d&rsquo;ici mai sortir notre version commerciale.\u00a0\u00bb<\/p>\n<p>  Warground<\/p>\n<p>Matthieu Deshayes : \u00ab\u00a0Warground fait des accessoires pour les jeux de figurine, gr\u00e2ce \u00e0 l&rsquo;impression 3D. On est en cours de cr\u00e9ation d&rsquo;entreprise sur Grenoble. Nous avons des premiers prototypes. Nous avons deux typologies de clients: des revendeurs de jeux qui vont aussi vendre des accessoires et aussi directement en BtoC sur internet.\u00a0\u00bb\u00a0 Photo Le DL\/C.A.<\/p>\n<p>  Nutribouge<\/p>\n<p>Amandine Bouchard, 24 ans\u00a0: son projet Nutribouge associe activit\u00e9 physique adapt\u00e9e et nutrition, \u00ab\u00a0l\u2019objectif est simple mais essentiel : offrir \u00e0 chacun les moyens de se sentir bien dans son corps, sans jugement, et de retrouver le go\u00fbt d\u2019agir pour sa sant\u00e9\u00a0\u00bb. Photo Le DL\/C.A.<\/p>\n","protected":false},"excerpt":{"rendered":"Entreprendre, c&rsquo;est le lot de tous les \u00e9tudiants d&rsquo;\u00e9cole de commerce, mais les \u00e9tudiantes et \u00e9tudiants, futurs infirmiers,&hellip;\n","protected":false},"author":2,"featured_media":513466,"comment_status":"","ping_status":"","sticky":false,"template":"","format":"standard","meta":{"footnotes":""},"categories":[9566],"tags":[1111,11,2430,9810,4854,1777,674,1011,27,2731,5015,12,25,20932],"class_list":{"0":"post-513465","1":"post","2":"type-post","3":"status-publish","4":"format-standard","5":"has-post-thumbnail","7":"category-grenoble","8":"tag-actu","9":"tag-actualites","10":"tag-auvergne-rhone-alpes","11":"tag-direct-entreprises","12":"tag-enseignement-superieur","13":"tag-eu","14":"tag-europe","15":"tag-fr","16":"tag-france","17":"tag-grenoble","18":"tag-innovation-et-start-up","19":"tag-news","20":"tag-republique-francaise","21":"tag-tech-and-fest"},"share_on_mastodon":{"url":"https:\/\/pubeurope.com\/@fr\/115497035667443394","error":""},"_links":{"self":[{"href":"https:\/\/www.europesays.com\/fr\/wp-json\/wp\/v2\/posts\/513465","targetHints":{"allow":["GET"]}}],"collection":[{"href":"https:\/\/www.europesays.com\/fr\/wp-json\/wp\/v2\/posts"}],"about":[{"href":"https:\/\/www.europesays.com\/fr\/wp-json\/wp\/v2\/types\/post"}],"author":[{"embeddable":true,"href":"https:\/\/www.europesays.com\/fr\/wp-json\/wp\/v2\/users\/2"}],"replies":[{"embeddable":true,"href":"https:\/\/www.europesays.com\/fr\/wp-json\/wp\/v2\/comments?post=513465"}],"version-history":[{"count":0,"href":"https:\/\/www.europesays.com\/fr\/wp-json\/wp\/v2\/posts\/513465\/revisions"}],"wp:featuredmedia":[{"embeddable":true,"href":"https:\/\/www.europesays.com\/fr\/wp-json\/wp\/v2\/media\/513466"}],"wp:attachment":[{"href":"https:\/\/www.europesays.com\/fr\/wp-json\/wp\/v2\/media?parent=513465"}],"wp:term":[{"taxonomy":"category","embeddable":true,"href":"https:\/\/www.europesays.com\/fr\/wp-json\/wp\/v2\/categories?post=513465"},{"taxonomy":"post_tag","embeddable":true,"href":"https:\/\/www.europesays.com\/fr\/wp-json\/wp\/v2\/tags?post=513465"}],"curies":[{"name":"wp","href":"https:\/\/api.w.org\/{rel}","templated":true}]}}