{"id":513471,"date":"2025-11-05T12:16:20","date_gmt":"2025-11-05T12:16:20","guid":{"rendered":"https:\/\/www.europesays.com\/fr\/513471\/"},"modified":"2025-11-05T12:16:20","modified_gmt":"2025-11-05T12:16:20","slug":"deux-nouvelles-lignes-vont-ouvrir-vers-ces-villes-de-mediterranee","status":"publish","type":"post","link":"https:\/\/www.europesays.com\/fr\/513471\/","title":{"rendered":"deux nouvelles lignes vont ouvrir vers ces villes de M\u00e9diterran\u00e9e"},"content":{"rendered":"<p>            Par<br \/>\n        <strong><br \/>\n            <a href=\"https:\/\/actu.fr\/auteur\/clemence-pays02-actu-fr\" title=\"Consulter tous les articles de Cl\u00e9mence Pays\" target=\"_blank\" rel=\"noopener\">Cl\u00e9mence Pays<\/a><br \/>\n        <\/strong><\/p>\n<p>        Publi\u00e9 le<\/p>\n<p>            5 nov. 2025 \u00e0 12h40        <\/p>\n<p>L\u2019offre de destination au d\u00e9part de Rennes s\u2019\u00e9largit. Mercredi 5\u00a0novembre 2025, <a href=\"https:\/\/actu.fr\/tag\/aeroport-de-rennes\" target=\"_blank\" rel=\"noopener\">l\u2019a\u00e9roport rennais<\/a> a annonc\u00e9 \u00ab\u2009l\u2019extension de son r\u00e9seau\u2009\u00bb avec l\u2019arriv\u00e9e de <strong>deux nouvelles lignes vers la Corse.<\/strong><\/p>\n<p class=\" wall-content\">Ces vols directs seront effectu\u00e9s par <strong>Air Corsica<\/strong> et permettront aux Bretons de rejoindre <strong>Ajaccio<\/strong> et <strong>Bastia,<\/strong> respectivement situ\u00e9es au sud et au nord de l\u2019\u00eele de beaut\u00e9.<\/p>\n<blockquote class=\"ac-article-quote wall-content\">\n<p>Ces nouvelles lignes vers Ajaccio et Bastia r\u00e9pondent \u00e0 une demande importante des voyageurs et renforcent encore les liens entre la Bretagne et la Corse.<\/p>\n<p>    <strong>Yannick Bouiller<\/strong><br \/>\n        Directeur de l&rsquo;a\u00e9roport Rennes Bretagne    <\/p><\/blockquote>\n<p>Huit compagnies pr\u00e9sentes \u00e0 Rennes<\/p>\n<p class=\" wall-content\">Pour profiter de ces nouvelles destinations, il faudra patienter jusqu\u2019au <strong>2\u00a0juillet 2026,<\/strong> date \u00e0 laquelle les vols seront effectifs. Ces derniers seront alors op\u00e9r\u00e9s chaque samedi vers Ajaccio et chaque jeudi et dimanche vers Bastia, <strong>jusqu\u2019au 24\u00a0octobre 2026.<\/strong><\/p>\n<p class=\" wall-content\">\u00ab\u2009Cette coop\u00e9ration [avec Air Corsica, N.D.L.R.], <strong>portant \u00e0 huit le nombre de compagnies<\/strong> op\u00e9rant au d\u00e9part de Rennes, illustre la volont\u00e9 de l\u2019a\u00e9roport de proposer une offre stable et \u00e9quilibr\u00e9e entre destinations loisirs et m\u00e9tropoles \u00e9conomiques\u2009\u00bb, peut-on lire dans le communiqu\u00e9 de Rennes Bretagne A\u00e9roport.<\/p>\n<p class=\" wall-content\">Personnalisez votre actualit\u00e9 en ajoutant vos villes et m\u00e9dias en favori avec <a href=\"https:\/\/moncompte.actu.fr\" title=\"D\u00e9couvez Mon Actu\" rel=\"nofollow noopener\" data-trk=\"{&quot;cta&quot;:{&quot;action&quot;:&quot;https:\\\/\\\/moncompte.actu.fr&quot;,&quot;category&quot;:&quot;mon compte&quot;,&quot;from&quot;:&quot;article footer&quot;,&quot;name&quot;:&quot;Mon actu&quot;,&quot;type&quot;:&quot;cta&quot;}}\" target=\"_blank\">Mon Actu<\/a>.<\/p>\n","protected":false},"excerpt":{"rendered":"Par Cl\u00e9mence Pays Publi\u00e9 le 5 nov. 2025 \u00e0 12h40 L\u2019offre de destination au d\u00e9part de Rennes s\u2019\u00e9largit.&hellip;\n","protected":false},"author":2,"featured_media":513472,"comment_status":"","ping_status":"","sticky":false,"template":"","format":"standard","meta":{"footnotes":""},"categories":[2821],"tags":[1111,11,21542,829,33,1777,674,1011,27,12,584,25],"class_list":{"0":"post-513471","1":"post","2":"type-post","3":"status-publish","4":"format-standard","5":"has-post-thumbnail","7":"category-rennes","8":"tag-actu","9":"tag-actualites","10":"tag-aeroport-de-rennes","11":"tag-bretagne","12":"tag-economie","13":"tag-eu","14":"tag-europe","15":"tag-fr","16":"tag-france","17":"tag-news","18":"tag-rennes","19":"tag-republique-francaise"},"share_on_mastodon":{"url":"https:\/\/pubeurope.com\/@fr\/115497047500297396","error":""},"_links":{"self":[{"href":"https:\/\/www.europesays.com\/fr\/wp-json\/wp\/v2\/posts\/513471","targetHints":{"allow":["GET"]}}],"collection":[{"href":"https:\/\/www.europesays.com\/fr\/wp-json\/wp\/v2\/posts"}],"about":[{"href":"https:\/\/www.europesays.com\/fr\/wp-json\/wp\/v2\/types\/post"}],"author":[{"embeddable":true,"href":"https:\/\/www.europesays.com\/fr\/wp-json\/wp\/v2\/users\/2"}],"replies":[{"embeddable":true,"href":"https:\/\/www.europesays.com\/fr\/wp-json\/wp\/v2\/comments?post=513471"}],"version-history":[{"count":0,"href":"https:\/\/www.europesays.com\/fr\/wp-json\/wp\/v2\/posts\/513471\/revisions"}],"wp:featuredmedia":[{"embeddable":true,"href":"https:\/\/www.europesays.com\/fr\/wp-json\/wp\/v2\/media\/513472"}],"wp:attachment":[{"href":"https:\/\/www.europesays.com\/fr\/wp-json\/wp\/v2\/media?parent=513471"}],"wp:term":[{"taxonomy":"category","embeddable":true,"href":"https:\/\/www.europesays.com\/fr\/wp-json\/wp\/v2\/categories?post=513471"},{"taxonomy":"post_tag","embeddable":true,"href":"https:\/\/www.europesays.com\/fr\/wp-json\/wp\/v2\/tags?post=513471"}],"curies":[{"name":"wp","href":"https:\/\/api.w.org\/{rel}","templated":true}]}}