{"id":513481,"date":"2025-11-05T12:21:14","date_gmt":"2025-11-05T12:21:14","guid":{"rendered":"https:\/\/www.europesays.com\/fr\/513481\/"},"modified":"2025-11-05T12:21:14","modified_gmt":"2025-11-05T12:21:14","slug":"le-plus-grand-marche-de-noel-de-louest-sinstalle-a-nantes-tout-ce-quil-faut","status":"publish","type":"post","link":"https:\/\/www.europesays.com\/fr\/513481\/","title":{"rendered":"Le \u00ab\u00a0plus grand march\u00e9 de No\u00ebl de l\u2019Ouest\u00a0\u00bb s\u2019installe \u00e0 Nantes\u00a0: tout ce qu\u2019il faut"},"content":{"rendered":"<p>La magie des f\u00eates de fin d\u2019ann\u00e9e enveloppe d\u00e9j\u00e0 les rues de Nantes. Sur les fa\u00e7ades des b\u00e2timents, dans les branches des arbres, <a href=\"https:\/\/nantes.maville.com\/actu\/actudet_--installer-42-km-de-guirlandes-c-est-un-vrai-marathon-ce-qui-vous-attend-pour-noel-a-nantes-_8-7027197_actu.Htm\" target=\"_self\" rel=\"noopener\">les illuminations color\u00e9es sont install\u00e9es depuis le 20\u00a0octobre 2025<\/a>. Apr\u00e8s les guirlandes et les d\u00e9corations, c\u2019est au tour du march\u00e9 de No\u00ebl de prendre place en centre-ville de Nantes.<\/p>\n<p> <a href=\"https:\/\/nantes.maville.com\/actu\/actudet_-illuminations-marches-animations...-nantes-passe-deja-a-l-heure-de-noel-_8-7026772_actu.Htm\" target=\"_self\" rel=\"noopener\">? \u00c0 LIRE AUSSI. Illuminations, march\u00e9s, animations\u2026\u00a0: Nantes passe d\u00e9j\u00e0 \u00e0 l\u2019heure de No\u00ebl<\/a> <\/p>\n<p>Les chalets du \u00ab\u00a0plus grand march\u00e9 de No\u00ebl de l\u2019Ouest\u00a0\u00bb commencent \u00e0 \u00eatre mont\u00e9s places du Commerce et Royale. Rendez-vous le 20\u00a0novembre 2025. Il sera ouvert jusqu\u2019au 28\u00a0d\u00e9cembre 2025.<\/p>\n<p>\t<img decoding=\"async\" src=\"https:\/\/www.europesays.com\/fr\/wp-content\/uploads\/2025\/11\/P35563542D7050642G_px_640_.jpg\" alt=\"photo les illuminations de no\u00ebl commencent \u00e0 \u00eatre install\u00e9es dans les rues de nantes.  \u00a9  photo presse oc\u00e9an\" width=\"640\" title=\" Les illuminations de No\u00ebl commencent \u00e0 \u00eatre install\u00e9es dans les rues de Nantes.   Photo Presse Oc\u00e9an \"\/><\/p>\n<p class=\"elmt-legende\"> Les illuminations de No\u00ebl commencent \u00e0 \u00eatre install\u00e9es dans les rues de Nantes.   Photo Presse Oc\u00e9an <\/p>\n<p>Animations et gourmandises<\/p>\n<p>Il ne reste donc que quelques semaines \u00e0 patienter avant de profiter des plats chauds, des boissons \u00e9pic\u00e9es et des diff\u00e9rents stands.\u00a0Un des stands est d\u00e9j\u00e0 connu place Royale. Le club de handball de Nantes HBC aura son chalet. Il faudra attendre un peu pour d\u00e9couvrir le reste.<\/p>\n<p>Pr\u00e8s de 140\u00a0exposants sont annonc\u00e9s. De quoi se r\u00e9galer avec des plats chauds, se d\u00e9salt\u00e9rer avec des boissons \u00e9pic\u00e9es ou trouver des id\u00e9es cadeaux. Artisanats, cr\u00e9ations locales et cadeaux orignaux seront propos\u00e9s.<\/p>\n<blockquote class=\"instagram-media\" data-instgrm-captioned=\"\" data-instgrm-permalink=\"https:\/\/www.instagram.com\/p\/DQCe6I-jE87\/?utm_source=ig_embed&amp;utm_campaign=loading\" data-instgrm-version=\"14\" style=\" background:#FFF; border:0; border-radius:3px; box-shadow:0 0 1px 0 rgba(0,0,0,0.5),0 1px 10px 0 rgba(0,0,0,0.15); margin: 1px; max-width:540px; min-width:326px; padding:0; width:99.375%; width:-webkit-calc(100% - 2px); width:calc(100% - 2px);\" wp_automatic_readability=\"-0.22105263157895\"\/>\n<p>Le march\u00e9 sera ouvert du lundi au samedi, de 11\u00a0heures \u00e0 21\u00a0h\u00a030. Le dimanche, il fermera \u00e0 20\u00a0heures. Le mercredi\u00a024, le march\u00e9 fermera \u00e0 18\u00a0heures. Il ne rouvrira qu\u2019\u00e0 15\u00a0heures, le 25\u00a0d\u00e9cembre 2025, mais restera ouvert jusqu\u2019\u00e0 21\u00a0heures.<\/p>\n<p><a href=\"https:\/\/nantes.maville.com\/actu\/actudet_-du-voyage-en-hiver-au-voyage-a-nantes-les-dates-des-grands-rendez-vous-a-venir-_52716-6992759_actu.Htm\" target=\"_self\" rel=\"noopener\"> <strong>? \u00c0 LIRE AUSSI. Du Voyage en hiver au Voyage \u00e0 Nantes\u00a0: les dates des grands rendez-vous \u00e0 venir<\/strong> <\/a><\/p>\n<p>L\u2019Autre March\u00e9 \u00e0 partir du 28\u00a0novembre<\/p>\n<p>Le premier march\u00e9 de No\u00ebl de l\u2019\u00e9conomie sociale et solidaire en France commencera une semaine apr\u00e8s, le 28\u00a0novembre 2025. L\u2019Autre March\u00e9, qui regroupe des collectifs de cr\u00e9ateurs, des associations de solidarit\u00e9 et des coop\u00e9ratives, sera ouvert jusqu\u2019au 23\u00a0d\u00e9cembre 2025, esplanade Feydeau.<\/p>\n<p>En plus d\u2019une guinguette d\u2019hiver, un concert sera propos\u00e9 chaque vendredi soir. Tous les mercredis et les week-ends, des nombreux ateliers sont pr\u00e9vus pour petits et grands.<\/p>\n<p>\u00a0<\/p>\n<p>\t\t<script async src=\"\/\/www.instagram.com\/embed.js\"><\/script><\/p>\n","protected":false},"excerpt":{"rendered":"La magie des f\u00eates de fin d\u2019ann\u00e9e enveloppe d\u00e9j\u00e0 les rues de Nantes. Sur les fa\u00e7ades des b\u00e2timents,&hellip;\n","protected":false},"author":2,"featured_media":513482,"comment_status":"","ping_status":"","sticky":false,"template":"","format":"standard","meta":{"footnotes":""},"categories":[2818],"tags":[1111,11,1777,674,8290,1011,27,2515,14191,2089,766,12,15830,9144,2636,9576,25],"class_list":{"0":"post-513481","1":"post","2":"type-post","3":"status-publish","4":"format-standard","5":"has-post-thumbnail","7":"category-nantes","8":"tag-actu","9":"tag-actualites","10":"tag-eu","11":"tag-europe","12":"tag-faut","13":"tag-fr","14":"tag-france","15":"tag-grand","16":"tag-installe","17":"tag-marche","18":"tag-nantes","19":"tag-news","20":"tag-noel","21":"tag-ouest","22":"tag-pays-de-la-loire","23":"tag-qu","24":"tag-republique-francaise"},"share_on_mastodon":{"url":"https:\/\/pubeurope.com\/@fr\/115497067722571958","error":""},"_links":{"self":[{"href":"https:\/\/www.europesays.com\/fr\/wp-json\/wp\/v2\/posts\/513481","targetHints":{"allow":["GET"]}}],"collection":[{"href":"https:\/\/www.europesays.com\/fr\/wp-json\/wp\/v2\/posts"}],"about":[{"href":"https:\/\/www.europesays.com\/fr\/wp-json\/wp\/v2\/types\/post"}],"author":[{"embeddable":true,"href":"https:\/\/www.europesays.com\/fr\/wp-json\/wp\/v2\/users\/2"}],"replies":[{"embeddable":true,"href":"https:\/\/www.europesays.com\/fr\/wp-json\/wp\/v2\/comments?post=513481"}],"version-history":[{"count":0,"href":"https:\/\/www.europesays.com\/fr\/wp-json\/wp\/v2\/posts\/513481\/revisions"}],"wp:featuredmedia":[{"embeddable":true,"href":"https:\/\/www.europesays.com\/fr\/wp-json\/wp\/v2\/media\/513482"}],"wp:attachment":[{"href":"https:\/\/www.europesays.com\/fr\/wp-json\/wp\/v2\/media?parent=513481"}],"wp:term":[{"taxonomy":"category","embeddable":true,"href":"https:\/\/www.europesays.com\/fr\/wp-json\/wp\/v2\/categories?post=513481"},{"taxonomy":"post_tag","embeddable":true,"href":"https:\/\/www.europesays.com\/fr\/wp-json\/wp\/v2\/tags?post=513481"}],"curies":[{"name":"wp","href":"https:\/\/api.w.org\/{rel}","templated":true}]}}