{"id":513494,"date":"2025-11-05T12:28:12","date_gmt":"2025-11-05T12:28:12","guid":{"rendered":"https:\/\/www.europesays.com\/fr\/513494\/"},"modified":"2025-11-05T12:28:12","modified_gmt":"2025-11-05T12:28:12","slug":"table-ronde-a-lille-les-conflits-mondiaux-negliges-par-les-medias","status":"publish","type":"post","link":"https:\/\/www.europesays.com\/fr\/513494\/","title":{"rendered":"Table ronde \u00e0 Lille : \u201cLes conflits mondiaux n\u00e9glig\u00e9s par les m\u00e9dias\u201d"},"content":{"rendered":"<p>\n\t\t\t\t\tAlors que les projecteurs m\u00e9diatiques se d\u00e9tournent, le Soudan sombre dans une guerre civile aux cons\u00e9quences d\u00e9vastatrices. Le 15 avril 2023 a marqu\u00e9 le d\u00e9but d\u2019un conflit opposant deux factions militaires, pr\u00e9cipitant le pays dans une crise humanitaire majeure, peu relay\u00e9e dans l\u2019espace public fran\u00e7ais. Face \u00e0 ce silence, le Laboratoire de la R\u00e9publique a organis\u00e9 une conf\u00e9rence intitul\u00e9e \u00ab Soudan, une trag\u00e9die oubli\u00e9e \u00bb afin de redonner de la visibilit\u00e9 \u00e0 ce drame. Cette rencontre visait \u00e0 analyser les causes du conflit, ses r\u00e9percussions r\u00e9gionales et internationales, ainsi que les perspectives d&rsquo;une am\u00e9lioration des aides humanitaires.\t\t\t\t<\/p>\n<p>Lire l&rsquo;article de Marianne : \u00ab\u00a0Il s\u2019agit aujourd\u2019hui de la plus grande crise humanitaire au monde\u00a0\u00bb\u00a0: pourquoi personne ne parle du Soudan\u00a0?<\/p>\n<p>Mod\u00e9r\u00e9e par Jean-Michel Blanquer, cette conf\u00e9rence visait \u00e0 donner de la profondeur et de la visibilit\u00e9 \u00e0 un conflit largement absent de l\u2019agenda m\u00e9diatique, alors m\u00eame qu\u2019il d\u00e9chire un pays cl\u00e9 du continent africain : le Soudan.<\/p>\n<p>Trois intervenants sont venus croiser leurs regards :<\/p>\n<p>Cl\u00e9ment Deshayes, anthropologue et chercheur \u00e0 l\u2019IRD (Laboratoire Prodig), a \u00e9voqu\u00e9 la complexit\u00e9 historique et territoriale du pays. Il a insist\u00e9 sur les dynamiques de fragmentation sociale et les h\u00e9ritages coloniaux, qui nourrissent les conflits actuels.<\/p>\n<p>Caroline Bouvard, directrice pays de Solidarit\u00e9s International, a livr\u00e9 un t\u00e9moignage poignant sur la catastrophe humanitaire en cours, avec des millions de d\u00e9plac\u00e9s, des populations en proie \u00e0 la famine, et l\u2019effondrement des services de base.<\/p>\n<p>Fran\u00e7ois Sennesael, doctorant \u00e0 Oxford, a explor\u00e9 les dimensions politiques et g\u00e9opolitiques du conflit, en soulignant notamment la comp\u00e9tition entre puissances r\u00e9gionales et les enjeux li\u00e9s.<\/p>\n<p>Plut\u00f4t qu\u2019une simple addition d\u2019expertises, la conf\u00e9rence a permis de faire \u00e9merger les diff\u00e9rentes strates du drame soudanais : historique, politique, humanitaire, symbolique.<\/p>\n<p>Depuis le 15 avril 2023, le Soudan est en proie \u00e0 une guerre civile d\u00e9vastatrice entre l\u2019arm\u00e9e r\u00e9guli\u00e8re dirig\u00e9e par le g\u00e9n\u00e9ral Abdel Fattah al-Burhan et les Forces de soutien rapide (FSR) du g\u00e9n\u00e9ral Mohamed Hamdan Dogolo (surnomm\u00e9 \u00ab Hemetti \u00bb).<\/p>\n<p>Le conflit trouve racine dans les dysfonctionnements structurels de l\u2019\u00c9tat soudanais depuis l\u2019ind\u00e9pendance en 1956, marqu\u00e9e par une alternance de r\u00e9gimes militaires, de guerres civiles, et d\u2019exclusions ethniques ou r\u00e9gionales. La chute d\u2019Omar el-B\u00e9chir en 2019, apr\u00e8s 30 ans de dictature, a donn\u00e9 lieu \u00e0 un espoir d\u00e9mocratique, vite trahi par un nouveau coup d\u2019\u00c9tat militaire en octobre 2021, o\u00f9 al-Burhan et Hemetti ont pris le pouvoir. Rapidement, leurs alliances se transforment en rivalit\u00e9 politique, \u00e9conomique et militaire.<\/p>\n<p>En avril 2023, les tensions \u00e9clatent lorsque les FSR refusent leur int\u00e9gration dans l\u2019arm\u00e9e nationale. Des combats violents s\u2019engagent \u00e0 Khartoum et au Darfour, avec des affrontements \u00e0 l\u2019arme lourde, des bombardements, et des massacres.<\/p>\n<p>En 18 mois, le conflit a provoqu\u00e9 :<\/p>\n<p>Des dizaines de milliers de morts ;<\/p>\n<p>Le d\u00e9placement de plus de 10 millions de personnes ;<\/p>\n<p>Un risque de famine g\u00e9n\u00e9ralis\u00e9e, d\u00e9j\u00e0 pr\u00e9sent au Darfour (camp de Zamzam) ;<\/p>\n<p>L\u2019effondrement des infrastructures de base (eau, nourriture, soins), affectant plus de 25 millions de Soudanais, soit plus de la moiti\u00e9 de la population.<\/p>\n<p>Le Soudan est devenu le th\u00e9\u00e2tre d\u2019une guerre par procuration entre puissances \u00e9trang\u00e8res (\u00c9mirats arabes unis, Arabie Saoudite, Russie, Isra\u00ebl\u2026). Pendant que les g\u00e9n\u00e9raux cherchent \u00e0 s\u2019imposer, le peuple soudanais est pris en otage, victime de luttes de pouvoir cyniques, et du d\u00e9sint\u00e9r\u00eat croissant de la communaut\u00e9 internationale.<\/p>\n<p><iframe loading=\"lazy\" title=\"Conf\u00e9rence &quot;Soudan, une trag\u00e9die oubli\u00e9e&quot;, Laboratoire de la R\u00e9publique, 02\/06\/2025\" width=\"1200\" height=\"675\" src=\"https:\/\/www.youtube.com\/embed\/mEgyGqWZcyI?feature=oembed\" frameborder=\"0\" allow=\"accelerometer; autoplay; clipboard-write; encrypted-media; gyroscope; picture-in-picture; web-share\" referrerpolicy=\"strict-origin-when-cross-origin\" allowfullscreen><\/iframe><\/p>\n<p>\t\t\t<a class=\"article-content__see-more\" href=\"https:\/\/www.lelaboratoiredelarepublique.fr\/evenements\/comptes-rendus\/compte-rendu-de-la-conference-soudan-une-tragedie-oubliee\/\" target=\"_blank\" rel=\"noopener\"><\/p>\n<p>\t\t\t<\/a><\/p>\n","protected":false},"excerpt":{"rendered":"Alors que les projecteurs m\u00e9diatiques se d\u00e9tournent, le Soudan sombre dans une guerre civile aux cons\u00e9quences d\u00e9vastatrices. Le&hellip;\n","protected":false},"author":2,"featured_media":513495,"comment_status":"","ping_status":"","sticky":false,"template":"","format":"standard","meta":{"footnotes":""},"categories":[2815],"tags":[1111,11,63431,1777,674,1011,27,3535,811,1307,12,25],"class_list":{"0":"post-513494","1":"post","2":"type-post","3":"status-publish","4":"format-standard","5":"has-post-thumbnail","7":"category-lille","8":"tag-actu","9":"tag-actualites","10":"tag-antenne-de-lille","11":"tag-eu","12":"tag-europe","13":"tag-fr","14":"tag-france","15":"tag-geopolitique","16":"tag-hauts-de-france","17":"tag-lille","18":"tag-news","19":"tag-republique-francaise"},"share_on_mastodon":{"url":"https:\/\/pubeurope.com\/@fr\/115497094701619331","error":""},"_links":{"self":[{"href":"https:\/\/www.europesays.com\/fr\/wp-json\/wp\/v2\/posts\/513494","targetHints":{"allow":["GET"]}}],"collection":[{"href":"https:\/\/www.europesays.com\/fr\/wp-json\/wp\/v2\/posts"}],"about":[{"href":"https:\/\/www.europesays.com\/fr\/wp-json\/wp\/v2\/types\/post"}],"author":[{"embeddable":true,"href":"https:\/\/www.europesays.com\/fr\/wp-json\/wp\/v2\/users\/2"}],"replies":[{"embeddable":true,"href":"https:\/\/www.europesays.com\/fr\/wp-json\/wp\/v2\/comments?post=513494"}],"version-history":[{"count":0,"href":"https:\/\/www.europesays.com\/fr\/wp-json\/wp\/v2\/posts\/513494\/revisions"}],"wp:featuredmedia":[{"embeddable":true,"href":"https:\/\/www.europesays.com\/fr\/wp-json\/wp\/v2\/media\/513495"}],"wp:attachment":[{"href":"https:\/\/www.europesays.com\/fr\/wp-json\/wp\/v2\/media?parent=513494"}],"wp:term":[{"taxonomy":"category","embeddable":true,"href":"https:\/\/www.europesays.com\/fr\/wp-json\/wp\/v2\/categories?post=513494"},{"taxonomy":"post_tag","embeddable":true,"href":"https:\/\/www.europesays.com\/fr\/wp-json\/wp\/v2\/tags?post=513494"}],"curies":[{"name":"wp","href":"https:\/\/api.w.org\/{rel}","templated":true}]}}