{"id":513498,"date":"2025-11-05T12:30:20","date_gmt":"2025-11-05T12:30:20","guid":{"rendered":"https:\/\/www.europesays.com\/fr\/513498\/"},"modified":"2025-11-05T12:30:20","modified_gmt":"2025-11-05T12:30:20","slug":"marseille-atalanta-bergame-a-quelle-heure-et-sur-quelle-chaine-tv-voir-le-match-de-ligue-des-champions","status":"publish","type":"post","link":"https:\/\/www.europesays.com\/fr\/513498\/","title":{"rendered":"Marseille-Atalanta Bergame : \u00e0 quelle heure et sur quelle cha\u00eene TV voir le match de Ligue des champions ?"},"content":{"rendered":"<p class=\"paragraph text_align_left lp-f-body-02\">Avec leurs deux d\u00e9faites contre le Real Madrid (2-1) et <a href=\"https:\/\/www.leparisien.fr\/sports\/football\/ligue-des-champions\/sporting-om-2-1-pas-au-niveau-scandaleux-frustres-par-la-defaite-les-marseillais-ciblent-larbitre-23-10-2025-LL33C7WR7JCSBHIX2ZUD2TIESI.php\" target=\"_self\" rel=\"noopener\">le Sporting Portugal (2-1)<\/a>, les Olympiens, 18es, doivent imp\u00e9rativement s\u2019imposer devant leur public pour se rendre l\u2019acc\u00e8s aux barrages de <a href=\"https:\/\/www.leparisien.fr\/sports\/football\/ligue-des-champions\/\" target=\"_blank\" rel=\"noreferrer noopener\">Ligue des champions<\/a> plus facile.<\/p>\n<p class=\"paragraph text_align_left lp-f-body-02\">Pour ce faire, ils pourront compter sur un grand Igor Paixao, auteur de trois buts et une passe d\u00e9cisive en Ligue des champions pour trouver la faille face au club italien. <\/p>\n<p class=\"paragraph text_align_left lp-f-body-02\">De son c\u00f4t\u00e9, l\u2019Atalanta Bergame a eu du mal \u00e0 se relever apr\u00e8s la claque re\u00e7ue lors de son <a href=\"https:\/\/www.leparisien.fr\/sports\/football\/ligue-des-champions\/psg-atalanta-4-0-paris-prolonge-lete-lanalyse-de-dominique-severac-17-09-2025-J2TQXWZYAVEDNDIFDKPSNFG4YE.php\" target=\"_self\" rel=\"noopener\">entr\u00e9e en lice contre le PSG<\/a> (4-0). Les Lombards restent sur un nul d\u00e9cevant contre le Slavia Prague (0-0). <\/p>\n<p class=\"paragraph text_align_left lp-f-body-02\"><b>La rencontre entre l\u2019Olympique de Marseille et l\u2019Atalanta Bergame sera diffus\u00e9e sur Canal+ ce mercredi 5 novembre. Le coup d\u2019envoi est pr\u00e9vu \u00e0 21h.<\/b><\/p>\n","protected":false},"excerpt":{"rendered":"Avec leurs deux d\u00e9faites contre le Real Madrid (2-1) et le Sporting Portugal (2-1), les Olympiens, 18es, doivent&hellip;\n","protected":false},"author":2,"featured_media":513499,"comment_status":"","ping_status":"","sticky":false,"template":"","format":"standard","meta":{"footnotes":""},"categories":[2814],"tags":[1111,11,1777,674,63,1011,27,447,884,12,882,25,60],"class_list":{"0":"post-513498","1":"post","2":"type-post","3":"status-publish","4":"format-standard","5":"has-post-thumbnail","7":"category-marseille","8":"tag-actu","9":"tag-actualites","10":"tag-eu","11":"tag-europe","12":"tag-football","13":"tag-fr","14":"tag-france","15":"tag-ligue-des-champions","16":"tag-marseille","17":"tag-news","18":"tag-provence-alpes-cote-dazur","19":"tag-republique-francaise","20":"tag-sports"},"share_on_mastodon":{"url":"https:\/\/pubeurope.com\/@fr\/115497102666994838","error":""},"_links":{"self":[{"href":"https:\/\/www.europesays.com\/fr\/wp-json\/wp\/v2\/posts\/513498","targetHints":{"allow":["GET"]}}],"collection":[{"href":"https:\/\/www.europesays.com\/fr\/wp-json\/wp\/v2\/posts"}],"about":[{"href":"https:\/\/www.europesays.com\/fr\/wp-json\/wp\/v2\/types\/post"}],"author":[{"embeddable":true,"href":"https:\/\/www.europesays.com\/fr\/wp-json\/wp\/v2\/users\/2"}],"replies":[{"embeddable":true,"href":"https:\/\/www.europesays.com\/fr\/wp-json\/wp\/v2\/comments?post=513498"}],"version-history":[{"count":0,"href":"https:\/\/www.europesays.com\/fr\/wp-json\/wp\/v2\/posts\/513498\/revisions"}],"wp:featuredmedia":[{"embeddable":true,"href":"https:\/\/www.europesays.com\/fr\/wp-json\/wp\/v2\/media\/513499"}],"wp:attachment":[{"href":"https:\/\/www.europesays.com\/fr\/wp-json\/wp\/v2\/media?parent=513498"}],"wp:term":[{"taxonomy":"category","embeddable":true,"href":"https:\/\/www.europesays.com\/fr\/wp-json\/wp\/v2\/categories?post=513498"},{"taxonomy":"post_tag","embeddable":true,"href":"https:\/\/www.europesays.com\/fr\/wp-json\/wp\/v2\/tags?post=513498"}],"curies":[{"name":"wp","href":"https:\/\/api.w.org\/{rel}","templated":true}]}}