{"id":513500,"date":"2025-11-05T12:31:16","date_gmt":"2025-11-05T12:31:16","guid":{"rendered":"https:\/\/www.europesays.com\/fr\/513500\/"},"modified":"2025-11-05T12:31:16","modified_gmt":"2025-11-05T12:31:16","slug":"pourquoi-le-compte-coeur-lyonnais-du-candidat-aulas-est-il-suspendu-sur-x","status":"publish","type":"post","link":"https:\/\/www.europesays.com\/fr\/513500\/","title":{"rendered":"pourquoi le compte C\u0153ur lyonnais du candidat Aulas est-il suspendu sur X\u00a0?"},"content":{"rendered":"<p>La campagne des Municipales 2026 acc\u00e9l\u00e8re et particuli\u00e8rement sur les r\u00e9seaux sociaux, o\u00f9 les comptes pro-Aulas et pro-Doucet occupent l\u2019espace. Mais depuis ce mardi 4\u00a0novembre, l\u2019un d\u2019eux manque \u00e0 l\u2019appel. C\u0153ur lyonnais, le compte de campagne du candidat sans \u00e9tiquette <a href=\"https:\/\/www.leprogres.fr\/p\/jean-michel-aulas\" target=\"_blank\" rel=\"noopener\">Jean-Michel Aulas<\/a>, ralli\u00e9 par la droite et le centre, a \u00e9t\u00e9 suspendu sur le r\u00e9seau X. Avec quelle motivation de la part de la plateforme\u00a0? C\u2019est opaque.<\/p>\n<p>Dans le camp d\u2019en face, c\u00f4t\u00e9 \u00e9cologistes, on s\u2019en amuse et cette suspension ne ferait pas de myst\u00e8re. Si le compte a \u00e9t\u00e9 suspendu, c\u2019est pour avoir \u00ab\u00a0spamm\u00e9\u00a0\u00bb (multipli\u00e9 les messages, NDLR) toute la journ\u00e9e d\u2019hier afin d\u2019effacer le <a href=\"https:\/\/www.leprogres.fr\/elections\/2025\/11\/04\/nous-voulons-une-campagne-joyeuse-gregory-doucet-acte-officiellement-l-union-de-la-gauche-et-des-ecologistes-pour-les-municipales-2026-a-lyon\" target=\"_blank\" rel=\"noopener\">lancement de campagne<\/a> de <a href=\"https:\/\/www.leprogres.fr\/p\/gregory-doucet\" target=\"_blank\" rel=\"noopener\">Gr\u00e9gory Doucet<\/a>, maire sortant, candidat \u00e0 sa r\u00e9\u00e9lection.<\/p>\n<p>Si tel est le cas, est-ce juste de bonne guerre ou la traduction d\u2019une nervosit\u00e9 de la part du candidat <a href=\"https:\/\/www.leprogres.fr\/politique\/2025\/09\/25\/coeur-lyonnais-le-groupe-de-jean-michel-aulas-pour-la-course-a-la-mairie-de-lyon-se-fait-une-place-au-conseil-municipal\" target=\"_blank\" rel=\"noopener\">qui jusque-l\u00e0 donnait le \u00ab\u00a0la\u00a0\u00bb<\/a> et caracole en t\u00eate des sondages ?<\/p>\n<p>  \u00ab\u00a0Un sujet technique\u00a0\u00bb<\/p>\n<p>\u00ab\u00a0C\u2019est juste un sujet technique. Nos \u00e9quipes sont nombreuses \u00e0 \u00eatre connect\u00e9es sur le compte, donc par s\u00e9curit\u00e9, X suspend le compte\u00a0\u00bb, r\u00e9pond l\u2019entourage du candidat Aulas assurant ce mercredi, d\u2019un r\u00e9tablissement en cours.<\/p>\n","protected":false},"excerpt":{"rendered":"La campagne des Municipales 2026 acc\u00e9l\u00e8re et particuli\u00e8rement sur les r\u00e9seaux sociaux, o\u00f9 les comptes pro-Aulas et pro-Doucet&hellip;\n","protected":false},"author":2,"featured_media":513501,"comment_status":"","ping_status":"","sticky":false,"template":"","format":"standard","meta":{"footnotes":""},"categories":[1889],"tags":[1111,11,2430,2757,4188,1777,674,1011,27,3539,6319,2428,2756,12,316,25,2429],"class_list":{"0":"post-513500","1":"post","2":"type-post","3":"status-publish","4":"format-standard","5":"has-post-thumbnail","7":"category-lyon","8":"tag-actu","9":"tag-actualites","10":"tag-auvergne-rhone-alpes","11":"tag-edition-lyon-villeurbanne","12":"tag-elections-municipales","13":"tag-eu","14":"tag-europe","15":"tag-fr","16":"tag-france","17":"tag-les-ecologistes","18":"tag-les-republicains","19":"tag-lyon","20":"tag-lyon-bassin","21":"tag-news","22":"tag-politique","23":"tag-republique-francaise","24":"tag-rhone"},"share_on_mastodon":{"url":"https:\/\/pubeurope.com\/@fr\/115497106654819499","error":""},"_links":{"self":[{"href":"https:\/\/www.europesays.com\/fr\/wp-json\/wp\/v2\/posts\/513500","targetHints":{"allow":["GET"]}}],"collection":[{"href":"https:\/\/www.europesays.com\/fr\/wp-json\/wp\/v2\/posts"}],"about":[{"href":"https:\/\/www.europesays.com\/fr\/wp-json\/wp\/v2\/types\/post"}],"author":[{"embeddable":true,"href":"https:\/\/www.europesays.com\/fr\/wp-json\/wp\/v2\/users\/2"}],"replies":[{"embeddable":true,"href":"https:\/\/www.europesays.com\/fr\/wp-json\/wp\/v2\/comments?post=513500"}],"version-history":[{"count":0,"href":"https:\/\/www.europesays.com\/fr\/wp-json\/wp\/v2\/posts\/513500\/revisions"}],"wp:featuredmedia":[{"embeddable":true,"href":"https:\/\/www.europesays.com\/fr\/wp-json\/wp\/v2\/media\/513501"}],"wp:attachment":[{"href":"https:\/\/www.europesays.com\/fr\/wp-json\/wp\/v2\/media?parent=513500"}],"wp:term":[{"taxonomy":"category","embeddable":true,"href":"https:\/\/www.europesays.com\/fr\/wp-json\/wp\/v2\/categories?post=513500"},{"taxonomy":"post_tag","embeddable":true,"href":"https:\/\/www.europesays.com\/fr\/wp-json\/wp\/v2\/tags?post=513500"}],"curies":[{"name":"wp","href":"https:\/\/api.w.org\/{rel}","templated":true}]}}