{"id":513502,"date":"2025-11-05T12:32:13","date_gmt":"2025-11-05T12:32:13","guid":{"rendered":"https:\/\/www.europesays.com\/fr\/513502\/"},"modified":"2025-11-05T12:32:13","modified_gmt":"2025-11-05T12:32:13","slug":"des-messages-publies-dans-un-groupe-detudiants-de-lyon-iii-signales-a-la-justice-liberation","status":"publish","type":"post","link":"https:\/\/www.europesays.com\/fr\/513502\/","title":{"rendered":"des messages publi\u00e9s dans un groupe d\u2019\u00e9tudiants de Lyon III signal\u00e9s \u00e0 la justice \u2013 Lib\u00e9ration"},"content":{"rendered":"<p class=\"sc-cPiKLX AiZTS text-element\">\u00abQui aime les juifs\u00a0?\u00bb A ce sondage lanc\u00e9 sur un groupe WhatsApp d\u2019\u00e9tudiants en droit de l\u2019universit\u00e9 Jean-Moulin Lyon-III, toutes les r\u00e9ponses propos\u00e9es sont n\u00e9gatives. Parmi elles, on peut lire \u00abPas moi, j\u2019leur tire dessus\u00bb. La facult\u00e9 a indiqu\u00e9 ce mercredi 5\u00a0novembre avoir signal\u00e9 \u00e0 la justice ces propos antis\u00e9mites, dans un contexte d\u2019inqui\u00e9tudes face \u00e0 une <a href=\"https:\/\/www.liberation.fr\/societe\/religions\/antisemitisme-luniversite-pantheon-sorbonne-engage-une-procedure-disciplinaire-contre-un-de-ses-etudiants-20250920_BRZP42FRLND5VIKFKZDZXKWXSY\/\" target=\"_blank\" rel=\"noopener\" title=\"https:\/\/www.liberation.fr\/societe\/religions\/antisemitisme-luniversite-pantheon-sorbonne-engage-une-procedure-disciplinaire-contre-un-de-ses-etudiants-20250920_BRZP42FRLND5VIKFKZDZXKWXSY\/\">s\u00e9rie d\u2019actes agressifs visant les juifs<\/a> dans l\u2019enseignement sup\u00e9rieur.<\/p>\n<p class=\"sc-cPiKLX AiZTS text-element\">L\u2019universit\u00e9 a saisi la justice lundi \u00abd\u00e8s qu\u2019elle a eu connaissance des faits\u00bb, selon un communiqu\u00e9 publi\u00e9 sur le r\u00e9seau LinkedIn. Dans un message envoy\u00e9 \u00e0 ses \u00e9tudiants partag\u00e9 ce mercredi, la direction de l\u2019universit\u00e9 \u00abcondamne avec la plus grande fermet\u00e9 toute forme de racisme, d\u2019antis\u00e9mitisme, d\u2019homophobie\u00bb.<\/p>\n<p class=\"sc-cPiKLX AiZTS text-element\">Le pr\u00e9sident de Lyon-III, Gilles Bonnet, rappelle que ces agissements sont des \u00abd\u00e9lits susceptibles d\u2019entra\u00eener des condamnations p\u00e9nales\u00bb et pr\u00e9cise avoir saisi la justice \u00ab\u00e0 plusieurs reprises ces derniers mois\u00bb apr\u00e8s des propos de nature \u00abraciste, antis\u00e9mite ou discriminatoire\u00bb. \u00abLes universit\u00e9s observent un d\u00e9veloppement inqui\u00e9tant des <a href=\"https:\/\/www.liberation.fr\/societe\/racisme-a-la-fac-de-medecine-de-marseille-ce-qui-fait-peur-cest-que-ce-genre-de-comportement-va-se-traduire-demain-a-lhopital-20250619_FMFESMWALJFZVOARWO2BOHHZIQ\/\" target=\"_blank\" rel=\"noopener\" title=\"https:\/\/www.liberation.fr\/societe\/racisme-a-la-fac-de-medecine-de-marseille-ce-qui-fait-peur-cest-que-ce-genre-de-comportement-va-se-traduire-demain-a-lhopital-20250619_FMFESMWALJFZVOARWO2BOHHZIQ\/\">d\u00e9rives li\u00e9es aux usages de groupes num\u00e9riques<\/a> constitu\u00e9s au sein de la communaut\u00e9 des \u00e9tudiants\u00bb, note-t-il en d\u00e9plorant que son \u00e9tablissement \u00abn\u2019\u00e9chappe pas \u00e0 ce mouvement g\u00e9n\u00e9ral\u00bb.<\/p>\n<p class=\"sc-cPiKLX AiZTS text-element\">La direction de l\u2019universit\u00e9 Paris-I Panth\u00e9on-Sorbonne avait condamn\u00e9 mi-septembre des \u00abactes antis\u00e9mites\u00bb subis par certains de ses \u00e9tudiants, dont <a href=\"https:\/\/www.liberation.fr\/societe\/sil-y-a-dautres-sionistes-dans-ce-groupe-on-ne-veut-pas-de-vous-ici-des-etudiants-de-pantheon-sorbonne-exclus-dun-groupe-instagram-en-raison-de-leur-nom-a-consonance-juive-20250916_527PRZ7SHBCWHJI7RBEH3BZ33M\/?redirected=1\" target=\"_blank\" rel=\"noopener\" title=\"https:\/\/www.liberation.fr\/societe\/sil-y-a-dautres-sionistes-dans-ce-groupe-on-ne-veut-pas-de-vous-ici-des-etudiants-de-pantheon-sorbonne-exclus-dun-groupe-instagram-en-raison-de-leur-nom-a-consonance-juive-20250916_527PRZ7SHBCWHJI7RBEH3BZ33M\/?redirected=1\">un sondage<\/a> formul\u00e9 dans les m\u00eames termes qu\u2019\u00e0 Lyon-III.<\/p>\n<p class=\"sc-cPiKLX AiZTS text-element\">En octobre, une vid\u00e9o film\u00e9e lors d\u2019un rassemblement sur le campus de Paris-VIII ayant fait l\u2019apologie du Hamas et du massacre du 7\u00a0octobre 2023 avait donn\u00e9 lieu \u00e0 une saisine de la justice par le gouvernement. Le Parlement a adopt\u00e9 d\u00e9but juillet une <a href=\"https:\/\/www.liberation.fr\/societe\/les-deputes-approuvent-un-texte-contre-lantisemitisme-et-le-racisme-a-luniversite-20250507_HTRALL5GR5APNECMLZQTT67V2Q\/\" target=\"_blank\" rel=\"noopener\" title=\"https:\/\/www.liberation.fr\/societe\/les-deputes-approuvent-un-texte-contre-lantisemitisme-et-le-racisme-a-luniversite-20250507_HTRALL5GR5APNECMLZQTT67V2Q\/\">proposition de loi<\/a> visant \u00e0 lutter contre l\u2019antis\u00e9mitisme dans l\u2019enseignement sup\u00e9rieur, qui pr\u00e9voit des mesures en mati\u00e8re de sensibilisation et de sanctions disciplinaires et rend obligatoire la d\u00e9signation au sein de chaque \u00e9tablissement d\u2019un \u00abr\u00e9f\u00e9rent\u00bb d\u00e9di\u00e9.<\/p>\n<p class=\"sc-cPiKLX AiZTS text-element\">Entre janvier et juin, <a href=\"https:\/\/www.liberation.fr\/societe\/religions\/antisemitisme-646-actes-recenses-en-france-entre-janvier-et-juin-20250825_VFTEC2HOFFGNRBDJQ2HV4DFV4M\/\" target=\"_blank\" rel=\"noopener\" title=\"https:\/\/www.liberation.fr\/societe\/religions\/antisemitisme-646-actes-recenses-en-france-entre-janvier-et-juin-20250825_VFTEC2HOFFGNRBDJQ2HV4DFV4M\/\">646 actes antis\u00e9mites<\/a> ont \u00e9t\u00e9 recens\u00e9s en France selon le minist\u00e8re de l\u2019Int\u00e9rieur, soit une baisse de 24\u00a0% sur un an mais plus d\u2019un doublement par rapport \u00e0 la m\u00eame p\u00e9riode de\u00a02023.<\/p>\n","protected":false},"excerpt":{"rendered":"\u00abQui aime les juifs\u00a0?\u00bb A ce sondage lanc\u00e9 sur un groupe WhatsApp d\u2019\u00e9tudiants en droit de l\u2019universit\u00e9 Jean-Moulin&hellip;\n","protected":false},"author":2,"featured_media":513503,"comment_status":"","ping_status":"","sticky":false,"template":"","format":"standard","meta":{"footnotes":""},"categories":[1889],"tags":[1111,11,6155,2430,4854,1777,674,1011,27,2428,12,25,938,5768],"class_list":{"0":"post-513502","1":"post","2":"type-post","3":"status-publish","4":"format-standard","5":"has-post-thumbnail","7":"category-lyon","8":"tag-actu","9":"tag-actualites","10":"tag-antisemitisme","11":"tag-auvergne-rhone-alpes","12":"tag-enseignement-superieur","13":"tag-eu","14":"tag-europe","15":"tag-fr","16":"tag-france","17":"tag-lyon","18":"tag-news","19":"tag-republique-francaise","20":"tag-reseaux-sociaux","21":"tag-universite"},"share_on_mastodon":{"url":"https:\/\/pubeurope.com\/@fr\/115497110244797214","error":""},"_links":{"self":[{"href":"https:\/\/www.europesays.com\/fr\/wp-json\/wp\/v2\/posts\/513502","targetHints":{"allow":["GET"]}}],"collection":[{"href":"https:\/\/www.europesays.com\/fr\/wp-json\/wp\/v2\/posts"}],"about":[{"href":"https:\/\/www.europesays.com\/fr\/wp-json\/wp\/v2\/types\/post"}],"author":[{"embeddable":true,"href":"https:\/\/www.europesays.com\/fr\/wp-json\/wp\/v2\/users\/2"}],"replies":[{"embeddable":true,"href":"https:\/\/www.europesays.com\/fr\/wp-json\/wp\/v2\/comments?post=513502"}],"version-history":[{"count":0,"href":"https:\/\/www.europesays.com\/fr\/wp-json\/wp\/v2\/posts\/513502\/revisions"}],"wp:featuredmedia":[{"embeddable":true,"href":"https:\/\/www.europesays.com\/fr\/wp-json\/wp\/v2\/media\/513503"}],"wp:attachment":[{"href":"https:\/\/www.europesays.com\/fr\/wp-json\/wp\/v2\/media?parent=513502"}],"wp:term":[{"taxonomy":"category","embeddable":true,"href":"https:\/\/www.europesays.com\/fr\/wp-json\/wp\/v2\/categories?post=513502"},{"taxonomy":"post_tag","embeddable":true,"href":"https:\/\/www.europesays.com\/fr\/wp-json\/wp\/v2\/tags?post=513502"}],"curies":[{"name":"wp","href":"https:\/\/api.w.org\/{rel}","templated":true}]}}