{"id":513512,"date":"2025-11-05T12:39:28","date_gmt":"2025-11-05T12:39:28","guid":{"rendered":"https:\/\/www.europesays.com\/fr\/513512\/"},"modified":"2025-11-05T12:39:28","modified_gmt":"2025-11-05T12:39:28","slug":"pokrovsk-sous-les-tirs-le-bastion-ukrainien-resiste-a-loffensive-russe-grace-a-des-agents-delite","status":"publish","type":"post","link":"https:\/\/www.europesays.com\/fr\/513512\/","title":{"rendered":"Pokrovsk sous les tirs: le bastion ukrainien r\u00e9siste \u00e0 l&rsquo;offensive russe gr\u00e2ce \u00e0 des agents d&rsquo;\u00e9lite"},"content":{"rendered":"<p>Dans la r\u00e9gion de Donetsk, la ville de <a href=\"https:\/\/www.geo.fr\/geopolitique\/les-russes-ont-penetre-dans-pokrovsk-l-ukraine-pourrait-bientot-perdre-son-bastion-du-donbass-229261\" rel=\"nofollow noopener\" target=\"_blank\">Pokrovsk<\/a>, bastion du Donbass, parvient toujours \u00e0 r\u00e9sister aux troupes russes qui y multiplient les offensives. Il y a pr\u00e8s d&rsquo;une semaine, les forces sp\u00e9ciales ukrainiennes y ont \u00e9t\u00e9 envoy\u00e9es en renfort. Elles \u00e9paulent d\u00e9sormais des unit\u00e9s largement inf\u00e9rieures en nombre, dans un rapport estim\u00e9 d&rsquo;environ un soldat ukrainien pour huit ou neuf Russes, relaie l&rsquo;Agence France-Presse.<\/p>\n<p>Selon Kiev, leur strat\u00e9gie porte ses fruits puisque la ville, consid\u00e9r\u00e9e comme un centre logistique et ferroviaire essentiel pour l&rsquo;<a href=\"https:\/\/www.geo.fr\/geopolitique\/guerre-en-ukraine-la-russie-fabrique-et-utilise-des-armes-chimiques-contre-l-armee-ukrainienne-228495\" rel=\"nofollow noopener\" target=\"_blank\">arm\u00e9e ukrainienne<\/a>, reste sous drapeau bleu et jaune. Sur les quelque 60 000 habitants d&rsquo;avant-guerre, il n&rsquo;en resterait plus qu&rsquo;un millier, mais Pokrovsk, \u00ab\u00a0libre et ukrainienne\u00a0\u00bb, tient face \u00e0 l&rsquo;ennemi, clament les autorit\u00e9s.<\/p>\n<p>Comme l&rsquo;expose le site sp\u00e9cialis\u00e9 <a href=\"https:\/\/en.defence-ua.com\/news\/ukraines_tymur_special_unit_in_action_how_fighters_strike_russian_positions_near_pokrovsk_video-16377.html\" rel=\"nofollow noopener\" target=\"_blank\">Defense Express<\/a>, mercredi 5 novembre, les combats se poursuivent dans plusieurs quartiers de la ville. Des vid\u00e9os diffus\u00e9es par l&rsquo;arm\u00e9e ukrainienne montrent des affrontements ayant lieu de maison en maison pour repousser les troupes russes infiltr\u00e9es dans ces rues et emp\u00eacher l&rsquo;encerclement complet de Pokrovsk.<\/p>\n<p>L&rsquo;unit\u00e9 d&rsquo;\u00e9lite Timour sur le terrain<\/p>\n<p>Au c\u0153ur de ces op\u00e9rations se trouve l&rsquo;unit\u00e9 <a href=\"https:\/\/www.geo.fr\/geopolitique\/guerre-en-ukraine-l-unite-timour-effectue-un-raid-devastateur-contre-la-russie-a-soumy-227983\" rel=\"nofollow noopener\" target=\"_blank\">Timour<\/a>. Cette formation d&rsquo;\u00e9lite du renseignement de la d\u00e9fense ukrainienne, connue pour ses missions de reconnaissance et de sabotage, effectue des actions coordonn\u00e9es dans les zones les plus disput\u00e9es du pays, \u00e0 l&rsquo;instar de ce secteur. Des images film\u00e9es par ses agents montrent des offensives rapides et chirurgicales contre des positions et des lignes de ravitaillement russes, notamment \u00e0 l&rsquo;aide de drones.<\/p>\n<p>Les actions de cette troupe mobile, men\u00e9es en profondeur sur des terrains urbains et p\u00e9riurbains, r\u00e9ussissent \u00e0 d\u00e9sorganiser les forces ennemies et \u00e0 ralentir leur progression vers les zones strat\u00e9giques de <a href=\"https:\/\/www.geo.fr\/geopolitique\/en-ukraine-des-drones-fpv-detruisent-plus-de-cinquante-blindes-russes-a-donetsk-229026\" rel=\"nofollow noopener\" target=\"_blank\">Donetsk<\/a>. Comme le rappelle Defense Express, l&rsquo;unit\u00e9 Timour est \u00e0 l&rsquo;origine de la destruction r\u00e9cente du poste de commandement russe \u00e0 Avdi\u00efvka, toujours sur le front du Donbass.<\/p>\n<p>Maintenir sa ligne d\u00e9fensive<\/p>\n<p>Le pr\u00e9sident Volodymyr Zelensky s&rsquo;est rendu mardi 4 novembre sur place, accompagn\u00e9 du commandant en chef Oleksandre Syrsky, pour rencontrer les brigades d\u00e9ploy\u00e9es dans le secteur. Il y a aussi rencontr\u00e9 le colonel Denys Prokopenko, ancien d\u00e9fenseur de l&rsquo;aci\u00e9rie Azovstal \u00e0 <a href=\"https:\/\/www.geo.fr\/geopolitique\/a-toulouse-d-anciens-soldats-de-marioupol-passent-derriere-les-fourneaux-223112\" rel=\"nofollow noopener\" target=\"_blank\">Marioupol<\/a> et figure embl\u00e9matique de la r\u00e9sistance.<\/p>\n<p>\u00ab\u00a0Ceci est notre pays, c&rsquo;est notre flanc est, et nous ferons tout notre possible pour qu&rsquo;il reste ukrainien\u00a0\u00bb, a d\u00e9clar\u00e9 le chef d&rsquo;\u00c9tat sur ses r\u00e9seaux sociaux le jour m\u00eame, avant de rappeler les besoins urgents de soutiens militaires, entre autres concernant la livraison de drones, dont il veut \u00e9galement accro\u00eetre la production sur son sol.<\/p><\/p>\n","protected":false},"excerpt":{"rendered":"Dans la r\u00e9gion de Donetsk, la ville de Pokrovsk, bastion du Donbass, parvient toujours \u00e0 r\u00e9sister aux troupes&hellip;\n","protected":false},"author":2,"featured_media":513513,"comment_status":"","ping_status":"","sticky":false,"template":"","format":"standard","meta":{"footnotes":""},"categories":[1591],"tags":[10714,10715,11,9930,2120,9929,1887,131,12,1885,1886,132],"class_list":{"0":"post-513512","1":"post","2":"type-post","3":"status-publish","4":"format-standard","5":"has-post-thumbnail","7":"category-russie","8":"tag-actu-russie","9":"tag-actu-ukraine","10":"tag-actualites","11":"tag-armu00e9e","12":"tag-conflit","13":"tag-du00e9fense","14":"tag-federation-de-russie","15":"tag-guerre-en-ukraine","16":"tag-news","17":"tag-russia","18":"tag-russian-federation","19":"tag-russie"},"share_on_mastodon":{"url":"https:\/\/pubeurope.com\/@fr\/115497137867196816","error":""},"_links":{"self":[{"href":"https:\/\/www.europesays.com\/fr\/wp-json\/wp\/v2\/posts\/513512","targetHints":{"allow":["GET"]}}],"collection":[{"href":"https:\/\/www.europesays.com\/fr\/wp-json\/wp\/v2\/posts"}],"about":[{"href":"https:\/\/www.europesays.com\/fr\/wp-json\/wp\/v2\/types\/post"}],"author":[{"embeddable":true,"href":"https:\/\/www.europesays.com\/fr\/wp-json\/wp\/v2\/users\/2"}],"replies":[{"embeddable":true,"href":"https:\/\/www.europesays.com\/fr\/wp-json\/wp\/v2\/comments?post=513512"}],"version-history":[{"count":0,"href":"https:\/\/www.europesays.com\/fr\/wp-json\/wp\/v2\/posts\/513512\/revisions"}],"wp:featuredmedia":[{"embeddable":true,"href":"https:\/\/www.europesays.com\/fr\/wp-json\/wp\/v2\/media\/513513"}],"wp:attachment":[{"href":"https:\/\/www.europesays.com\/fr\/wp-json\/wp\/v2\/media?parent=513512"}],"wp:term":[{"taxonomy":"category","embeddable":true,"href":"https:\/\/www.europesays.com\/fr\/wp-json\/wp\/v2\/categories?post=513512"},{"taxonomy":"post_tag","embeddable":true,"href":"https:\/\/www.europesays.com\/fr\/wp-json\/wp\/v2\/tags?post=513512"}],"curies":[{"name":"wp","href":"https:\/\/api.w.org\/{rel}","templated":true}]}}