{"id":513518,"date":"2025-11-05T12:42:12","date_gmt":"2025-11-05T12:42:12","guid":{"rendered":"https:\/\/www.europesays.com\/fr\/513518\/"},"modified":"2025-11-05T12:42:12","modified_gmt":"2025-11-05T12:42:12","slug":"du-prince-andrew-dilucuti-royaume-uni-alterne-le-site-officiel-du-site-internet","status":"publish","type":"post","link":"https:\/\/www.europesays.com\/fr\/513518\/","title":{"rendered":"du prince Andrew Dilucuti, Royaume Uni Alterne le site officiel du site internet"},"content":{"rendered":"<p>ARTA &#8211; Apr\u00e8s la lib\u00e9ration du titre du prince Andrew, la famille royale britannique a apport\u00e9 des changements majeurs sur son site Web officiel. Comme on le sait, l\u2019annonce officielle de la suppression du titre du prince Andrew par le roi Charles le 30 octobre 2025.<\/p>\n<p>Ainsi, le prince Andrew est maintenant connu sous le nom d\u2019Andrew Mountbatten Windsor. Puis, le 31 octobre 2025, la biographie du prince Andrew sur le site royal est toujours l\u00e0, mais son placement en dessous sur la m\u00eame page que le prince Harry et Meghan Markle.<\/p>\n<p>Cependant, le lundi 3 novembre 2025, la biographie du prince Andrew avait \u00e9t\u00e9 retir\u00e9e de la liste des nobles sup\u00e9rieurs sur le site officiel du royaume. Son homme n\u2019apparaissait plus directement, avec un lien vers la page avec le message ci-dessous.<\/p>\n<p>\u00ab La page demand\u00e9e n\u2019a pas pu \u00eatre trouv\u00e9e \u00bb, a \u00e9crit le site, cit\u00e9 par People, le mercredi 5 novembre 2025.<\/p>\n<p>castique : la biographie d&rsquo;Andrew, qui parlait d\u00e9j\u00e0 de sa naissance et de sa famille, comme celui qui est n\u00e9 au palais de Buckingham le 19 f\u00e9vrier 1960.<\/p>\n<p>ar sur le prince Andrew qui est le troisi\u00e8me enfant de la reine Elizabeth II et le prince Philip, baptis\u00e9 sous le nom d\u2019Andrew Albert Christian Edward. Puis sur son mariage avec Sarah Ferguson \u00e0 l\u2019abbaye de Westminster le 23 juillet 1986.<\/p>\n<p>Jeffrey Epstein est son ami proche. Bien qu\u2019il ait ni\u00e9, les accusations contre le prince Andrew sont souvent donn\u00e9es par l\u2019une des victimes, \u00e0 savoir Virgnia Giuffre qui a r\u00e9cemment publi\u00e9 un livre de m\u00e9moire.<\/p>\n<p>as et all\u00e9gations sont devenus les principaux facteurs de la d\u00e9termination du titre royal du prince Andrew. La d\u00e9cision a \u00e9t\u00e9 prise \u00e0 la suite de l\u2019anxi\u00e9t\u00e9 des m\u00e9nages royaux concernant les risques de r\u00e9putation contre la monarchie, caus\u00e9s par les nouvelles du r\u00e9cent scandale du prince Andrew qui a suscit\u00e9 de plus en plus l\u2019attention du public.<\/p>\n<p>The English, Chinese, Japanese, Arabic, and French versions are automatically generated by the AI. So there may still be inaccuracies in translating, please always see Indonesian as our main language.<br \/>\n                                    (system supported by DigitalSiber.id)<\/p>\n","protected":false},"excerpt":{"rendered":"ARTA &#8211; Apr\u00e8s la lib\u00e9ration du titre du prince Andrew, la famille royale britannique a apport\u00e9 des changements&hellip;\n","protected":false},"author":2,"featured_media":513519,"comment_status":"","ping_status":"","sticky":false,"template":"","format":"standard","meta":{"footnotes":""},"categories":[1588],"tags":[11,63432,1777,674,63433,12,473,1853,1851,1850,1852],"class_list":{"0":"post-513518","1":"post","2":"type-post","3":"status-publish","4":"format-standard","5":"has-post-thumbnail","7":"category-royaume-uni","8":"tag-actualites","9":"tag-ar-du-royaume-uni","10":"tag-eu","11":"tag-europe","12":"tag-le-prince-ajourne","13":"tag-news","14":"tag-royaume-uni","15":"tag-royaume-uni-de-grande-bretagne-et-dirlande-du-nord","16":"tag-uk","17":"tag-united-kingdom","18":"tag-united-kingdom-of-great-britain-and-northern-ireland"},"share_on_mastodon":{"url":"https:\/\/pubeurope.com\/@fr\/115497149634039054","error":""},"_links":{"self":[{"href":"https:\/\/www.europesays.com\/fr\/wp-json\/wp\/v2\/posts\/513518","targetHints":{"allow":["GET"]}}],"collection":[{"href":"https:\/\/www.europesays.com\/fr\/wp-json\/wp\/v2\/posts"}],"about":[{"href":"https:\/\/www.europesays.com\/fr\/wp-json\/wp\/v2\/types\/post"}],"author":[{"embeddable":true,"href":"https:\/\/www.europesays.com\/fr\/wp-json\/wp\/v2\/users\/2"}],"replies":[{"embeddable":true,"href":"https:\/\/www.europesays.com\/fr\/wp-json\/wp\/v2\/comments?post=513518"}],"version-history":[{"count":0,"href":"https:\/\/www.europesays.com\/fr\/wp-json\/wp\/v2\/posts\/513518\/revisions"}],"wp:featuredmedia":[{"embeddable":true,"href":"https:\/\/www.europesays.com\/fr\/wp-json\/wp\/v2\/media\/513519"}],"wp:attachment":[{"href":"https:\/\/www.europesays.com\/fr\/wp-json\/wp\/v2\/media?parent=513518"}],"wp:term":[{"taxonomy":"category","embeddable":true,"href":"https:\/\/www.europesays.com\/fr\/wp-json\/wp\/v2\/categories?post=513518"},{"taxonomy":"post_tag","embeddable":true,"href":"https:\/\/www.europesays.com\/fr\/wp-json\/wp\/v2\/tags?post=513518"}],"curies":[{"name":"wp","href":"https:\/\/api.w.org\/{rel}","templated":true}]}}