{"id":513520,"date":"2025-11-05T12:43:18","date_gmt":"2025-11-05T12:43:18","guid":{"rendered":"https:\/\/www.europesays.com\/fr\/513520\/"},"modified":"2025-11-05T12:43:18","modified_gmt":"2025-11-05T12:43:18","slug":"les-ventes-de-voitures-tesla-en-allemagne-ont-diminue-de-plus-de-moitie-en-octobre-alors-que-les-ventes-globales-de-vehicules-electriques-augmentent-05-11-2025-a-1332","status":"publish","type":"post","link":"https:\/\/www.europesays.com\/fr\/513520\/","title":{"rendered":"Les ventes de voitures Tesla en Allemagne ont diminu\u00e9 de plus de moiti\u00e9 en octobre, alors que les ventes globales de v\u00e9hicules \u00e9lectriques augmentent &#8211; 05\/11\/2025 \u00e0 13:32"},"content":{"rendered":"<p>\n ((Traduction automatis\u00e9e par Reuters \u00e0 l&rsquo;aide de l&rsquo;apprentissage<br \/>\nautomatique et de l&rsquo;IA g\u00e9n\u00e9rative, veuillez vous r\u00e9f\u00e9rer \u00e0<br \/>\nl&rsquo;avertissement suivant: https:\/\/bit.ly\/rtrsauto))\n<\/p>\n<p>\n (Ajout d&rsquo;informations sur les ventes de Tesla et BYD dans les<br \/>\nparagraphes 4 et 5)\n<\/p>\n<p>\n Le volume des ventes de Tesla<br \/>\n <a href=\"https:\/\/www.boursorama.com\/cours\/TSLA\/\" target=\"_blank\" rel=\"noopener\"><br \/>\n  TSLA.O<br \/>\n <\/a><br \/>\n en Allemagne a diminu\u00e9 de plus de moiti\u00e9 en octobre par rapport<br \/>\nau m\u00eame mois de l&rsquo;ann\u00e9e derni\u00e8re, a d\u00e9clar\u00e9 mercredi l&rsquo;agence<br \/>\nallemande de la circulation routi\u00e8re KBA, bien que les ventes de<br \/>\nv\u00e9hicules \u00e9lectriques \u00e0 batterie aient augment\u00e9 dans l&rsquo;ensemble.\n<\/p>\n<p>\n KBA a d\u00e9clar\u00e9 que Tesla a vendu 750 voitures en Allemagne en<br \/>\noctobre, soit une baisse de 53,5 % par rapport \u00e0 l&rsquo;ann\u00e9e<br \/>\npr\u00e9c\u00e9dente. Le nombre de Teslas vendues entre janvier et octobre<br \/>\na chut\u00e9 de 50,4 % par rapport \u00e0 la m\u00eame p\u00e9riode de l&rsquo;ann\u00e9e<br \/>\nderni\u00e8re, pour atteindre 15 595 unit\u00e9s.\n<\/p>\n<p>\n En revanche, le nombre total de v\u00e9hicules \u00e9lectriques<br \/>\nnouvellement immatricul\u00e9s a augment\u00e9 de 47,7 % en octobre pour<br \/>\natteindre 52 425 unit\u00e9s, a ajout\u00e9 la KBA.\n<\/p>\n<p>\n Tesla  a vu   ses ventes d&rsquo;octobre chuter dans un<br \/>\ncertain nombre de pays europ\u00e9ens, dont l&rsquo;Espagne, les Pays-Bas<br \/>\net les march\u00e9s nordiques, dernier signe en date des difficult\u00e9s<br \/>\ndu constructeur am\u00e9ricain de v\u00e9hicules \u00e9lectriques sur le<br \/>\ncontinent .\n<\/p>\n<p>\n L&rsquo;agence allemande a \u00e9galement indiqu\u00e9 que le volume des<br \/>\nventes du fabricant chinois de v\u00e9hicules \u00e9lectriques BYD\n<\/p>\n<p>\n 002594.SZ  a \u00e9t\u00e9 multipli\u00e9 par plus de neuf en octobre par<br \/>\nrapport \u00e0 l&rsquo;ann\u00e9e pr\u00e9c\u00e9dente pour atteindre 3 353 unit\u00e9s, soit<br \/>\n15 171 unit\u00e9s depuis le d\u00e9but de l&rsquo;ann\u00e9e.<\/p>\n","protected":false},"excerpt":{"rendered":"((Traduction automatis\u00e9e par Reuters \u00e0 l&rsquo;aide de l&rsquo;apprentissage automatique et de l&rsquo;IA g\u00e9n\u00e9rative, veuillez vous r\u00e9f\u00e9rer \u00e0 l&rsquo;avertissement&hellip;\n","protected":false},"author":2,"featured_media":2956,"comment_status":"","ping_status":"","sticky":false,"template":"","format":"standard","meta":{"footnotes":""},"categories":[1587],"tags":[400,11,672,398,408,1804,405,1805,1803,1777,674,1801,403,402,399,404,12,1802,401,406,407],"class_list":{"0":"post-513520","1":"post","2":"type-post","3":"status-publish","4":"format-standard","5":"has-post-thumbnail","7":"category-allemagne","8":"tag-action-cac-40","9":"tag-actualites","10":"tag-allemagne","11":"tag-bourse-de-paris","12":"tag-boursorama","13":"tag-bundesrepublik-deutschland","14":"tag-cotations","15":"tag-de","16":"tag-deutschland","17":"tag-eu","18":"tag-europe","19":"tag-germany","20":"tag-indices-devises","21":"tag-investir","22":"tag-investissement","23":"tag-marche-boursier","24":"tag-news","25":"tag-republique-federale-dallemagne","26":"tag-sicav","27":"tag-trackers","28":"tag-warrants"},"share_on_mastodon":{"url":"https:\/\/pubeurope.com\/@fr\/115497153538896687","error":""},"_links":{"self":[{"href":"https:\/\/www.europesays.com\/fr\/wp-json\/wp\/v2\/posts\/513520","targetHints":{"allow":["GET"]}}],"collection":[{"href":"https:\/\/www.europesays.com\/fr\/wp-json\/wp\/v2\/posts"}],"about":[{"href":"https:\/\/www.europesays.com\/fr\/wp-json\/wp\/v2\/types\/post"}],"author":[{"embeddable":true,"href":"https:\/\/www.europesays.com\/fr\/wp-json\/wp\/v2\/users\/2"}],"replies":[{"embeddable":true,"href":"https:\/\/www.europesays.com\/fr\/wp-json\/wp\/v2\/comments?post=513520"}],"version-history":[{"count":0,"href":"https:\/\/www.europesays.com\/fr\/wp-json\/wp\/v2\/posts\/513520\/revisions"}],"wp:featuredmedia":[{"embeddable":true,"href":"https:\/\/www.europesays.com\/fr\/wp-json\/wp\/v2\/media\/2956"}],"wp:attachment":[{"href":"https:\/\/www.europesays.com\/fr\/wp-json\/wp\/v2\/media?parent=513520"}],"wp:term":[{"taxonomy":"category","embeddable":true,"href":"https:\/\/www.europesays.com\/fr\/wp-json\/wp\/v2\/categories?post=513520"},{"taxonomy":"post_tag","embeddable":true,"href":"https:\/\/www.europesays.com\/fr\/wp-json\/wp\/v2\/tags?post=513520"}],"curies":[{"name":"wp","href":"https:\/\/api.w.org\/{rel}","templated":true}]}}