{"id":513523,"date":"2025-11-05T12:45:33","date_gmt":"2025-11-05T12:45:33","guid":{"rendered":"https:\/\/www.europesays.com\/fr\/513523\/"},"modified":"2025-11-05T12:45:33","modified_gmt":"2025-11-05T12:45:33","slug":"restaurants-bars-garage-dans-les-commerces-du-pays-de-morlaix-il-y-a-eu-beaucoup-douvertures-et-de-reprises-en-octobre","status":"publish","type":"post","link":"https:\/\/www.europesays.com\/fr\/513523\/","title":{"rendered":"Restaurants, bars, garage\u2026 Dans les commerces du Pays de Morlaix, il y a eu beaucoup d\u2019ouvertures et de reprises en octobre"},"content":{"rendered":"<p>Habitante de Plouz\u00e9v\u00e9d\u00e9, Emmanuelle Le Borgne, tapissi\u00e8re d\u2019ameublement, a ouvert <a href=\"https:\/\/www.letelegramme.fr\/finistere\/plouzevede-29440\/emmanuelle-le-borgne-tapissiere-dameublement-a-ouvert-sa-boutique-a-plouzevede-6900836.php\" title=\"www.letelegramme.fr\" target=\"_blank\" rel=\"noopener\">sa boutique Ty Art Kador, au 63, rue de Berven<\/a>. Form\u00e9e au lyc\u00e9e Joseph-Savina, \u00e0 Tr\u00e9guier, la jeune femme souhaite montrer son savoir-faire en mati\u00e8re de r\u00e9fection totale ou partielle de fauteuils, canap\u00e9s et autre pi\u00e8ce d\u2019ameublement. Elle propose aussi ses cr\u00e9ations. T\u00e9l\u00a0: 06\u00a019\u00a099\u00a044\u00a071\u00a0; courriel\u00a0: emmanuelleleborgne@hotmail.fr<\/p>\n<p>\u00c0 Plouigneau, Aur\u00e9lia et Guillaume Madec sont d\u00e9sormais aux commandes du bar Le Turfist<img decoding=\"async\" src=\"https:\/\/www.europesays.com\/fr\/wp-content\/uploads\/2025\/11\/690b20eb50fae1525a0378b5.1.jpeg\" width=\"480\" height=\"300\" class=\"web_golden_m\" loading=\"lazy\" alt=\"Guillaume et Aur\u00e9lia Madec, les nouveaux g\u00e9rants du bar Le Turfist \u00e0 Plouigneau, ont \u00e9t\u00e9 ravis de l\u2019accueil re\u00e7u depuis la r\u00e9ouverture.\"\/>Guillaume et Aur\u00e9lia Madec, les nouveaux g\u00e9rants du bar Le Turfist \u00e0 Plouigneau, ont \u00e9t\u00e9 ravis de l\u2019accueil re\u00e7u depuis la r\u00e9ouverture.<\/p>\n<p>Apr\u00e8s avoir peint, am\u00e9nag\u00e9 l\u2019ext\u00e9rieur et chang\u00e9 les t\u00e9l\u00e9visions, <a href=\"https:\/\/www.letelegramme.fr\/finistere\/plouigneau-29650\/on-a-recu-un-super-accueil-a-plouigneau-le-turfist-rouvre-ses-portes-avec-de-nouveaux-patrons-6899051.php\" title=\"www.letelegramme.fr\" target=\"_blank\" rel=\"noopener\">Aur\u00e9lia et Guillaume Madec, nouveaux g\u00e9rants du bar Le Turfist<\/a> , souhaitent redynamiser l\u2019\u00e9tablissement en en faisant un v\u00e9ritable lieu de vie. Ils proposent la diffusion, en direct, de tous les matchs de rugby, football et des grands prix moto. Des soir\u00e9es karaok\u00e9 et blind test sont aussi organis\u00e9s. Le bar est ouvert tous les jours\u00a0: du lundi au jeudi, de 6\u00a0h\u00a030 \u00e0 20\u00a0h\u00a0; le vendredi, de 6\u00a0h\u00a030 \u00e0 23\u00a0h\u00a030\u00a0; le samedi, de 8\u00a0h \u00e0 21\u00a0h\u00a030\u00a0; le dimanche, de 8\u00a0h \u00e0 20\u00a0h. Pour suivre l\u2019actualit\u00e9 et les \u00e9v\u00e8nements \u00e0 venir\u00a0: <a href=\"https:\/\/www.facebook.com\/aurelia.pepita.3\" title=\"www.facebook.com\" target=\"_blank\" rel=\"noopener\">Bar Tabac Le Turfist<\/a> sur Facebook.<\/p>\n<p>Sandrine et Lo\u00efc Grosman proposent des services \u00e0 domicile \u00e0 Morlaix<img decoding=\"async\" src=\"https:\/\/www.europesays.com\/fr\/wp-content\/uploads\/2025\/11\/690b20ea8ad7deb1980ca0f5.1.jpeg\" width=\"480\" height=\"300\" class=\"web_golden_m\" loading=\"lazy\" alt=\"Avec leur entreprise Maddom, Sandrine et Lo\u00efc Grosman proposent une large palette de services \u00e0 domicile.\"\/>Avec leur entreprise Maddom, Sandrine et Lo\u00efc Grosman proposent une large palette de services \u00e0 domicile.<\/p>\n<p>C\u2019est au 34, rue Ange-de-Guernisac, \u00e0 Morlaix, que <a href=\"https:\/\/www.letelegramme.fr\/finistere\/morlaix-29600\/maddom-entreprise-de-services-a-domicile-a-ouvert-34-rue-ange-de-guernisac-a-morlaix-6903527.php\" title=\"www.letelegramme.fr\" target=\"_blank\" rel=\"noopener\">Sandrine et Lo\u00efc Grosman ont cr\u00e9\u00e9 leur entreprise Maddom.<\/a> Elle propose un large \u00e9ventail de services \u00e0 domicile : entretien de la maison, livraison de courses, promenade d\u2019animaux de compagnie et soins \u00e0 domicile, petits travaux de bricolage, petit jardinage et d\u00e9broussaillage, aide pour les d\u00e9marches administratives et assistance informatique. Apr\u00e8s plusieurs ann\u00e9es dans la r\u00e9gion parisienne, le couple a d\u00e9cid\u00e9 de se rapprocher des racines familiales voici trois ans. T\u00e9l. 06\u00a026\u00a003\u00a009\u00a021\u00a0; courriel, contact@maddom.bzh<\/p>\n<p>Lila Sidorski et David Yven ouvrent une bijouterie \u00e0 Saint-Pol-de-L\u00e9on<img decoding=\"async\" src=\"https:\/\/www.europesays.com\/fr\/wp-content\/uploads\/2025\/11\/690b20ea913e6ecc3e096b52.1.jpeg\" width=\"480\" height=\"300\" class=\"web_golden_m\" loading=\"lazy\" alt=\"Lila et David devant la devanture de leur bijouterie, 4, place au Lin.\"\/>Lila et David devant la devanture de leur bijouterie, 4, place au Lin.<\/p>\n<p><a href=\"https:\/\/www.letelegramme.fr\/finistere\/saint-pol-de-leon-29250\/lila-sidorski-et-david-yven-ouvrent-leur-bijouterie-two-hands-4-place-au-lin-a-saint-pol-de-leon-6905932.php\" title=\"www.letelegramme.fr\" target=\"_blank\" rel=\"noopener\">Lila Sidorski et David Yven ont ouvert une boutique-atelier au 4, place au Lin, \u00e0 Saint-Pol-de-L\u00e9on<\/a>. Ils y vendent des bijoux de leur marque, Two Hands Bijoux, et des marques principalement europ\u00e9ennes. Outre la vente et la fabrication de bijoux, ils assurent aussi la r\u00e9paration et le replaquage de bijoux. Horaires d\u2019ouverture\u00a0: du mardi au samedi, de 10\u00a0h \u00e0 12\u00a0h\u00a030 et de 14\u00a0h\u00a030 \u00e0 19\u00a0h. T\u00e9l. 06\u00a059\u00a052\u00a007\u00a010 ; courriel, twohands.designers@hotmail.com<\/p>\n<p>Le restaurant Libre restaurant, rue Ange-de-Guernisac, \u00e0 Morlaix<img decoding=\"async\" src=\"https:\/\/www.europesays.com\/fr\/wp-content\/uploads\/2025\/11\/690b20ea76b0b5c3d508fbd6.1.jpeg\" width=\"480\" height=\"300\" class=\"web_golden_m\" loading=\"lazy\" alt=\"L\u2019\u00e9quipe du restaurant Libre\u00a0: Yannik Le Monze, \u00c9mile Aut\u00e9 et Laura Floch.\"\/>L\u2019\u00e9quipe du restaurant Libre\u00a0: Yannik Le Monze, \u00c9mile Aut\u00e9 et Laura Floch.<\/p>\n<p>Avec <a href=\"https:\/\/www.letelegramme.fr\/finistere\/morlaix-29600\/a-morlaix-le-restaurant-libre-propose-un-concept-original-et-des-saveurs-voyageuses-6905000.php\" title=\"www.letelegramme.fr\" target=\"_blank\" rel=\"noopener\">Yannik Le Monze, aux fourneaux, \u00c9mile Aut\u00e9 et Anna Floch au service, le Libre restaurant a re\u00e7u ces premiers clients en octobre<\/a>. L\u2019objectif de l\u2019\u00e9tablissement est de faire voyager par les saveurs venues d\u2019ailleurs. \u00c0 l\u2019ouverture, ils proposaient tajine de poulet citron abricot, ramen aux l\u00e9gumes, tataki de b\u0153uf \u00e0 la cor\u00e9enne, et l\u2019ol\u00e9ronaise chaudr\u00e9e de seiche et poulpe servie avec des pommes de terre nouvelles et des poireaux. Libre restaurant, 36, rue Ange-de-Guernisac, ouvert du jeudi au lundi midi et soir. T\u00e9l. 06\u00a036\u00a016\u00a096\u00a057.<\/p>\n<p>\u00c0 Saint-Pol-de-L\u00e9on, Estelle Ramonet et Nicolas Pascallon sont \u00e0 la barre du bar-tabac de la Gare<img decoding=\"async\" src=\"https:\/\/www.europesays.com\/fr\/wp-content\/uploads\/2025\/11\/690b20ead025f18181037204.1.jpeg\" width=\"480\" height=\"300\" class=\"web_golden_m\" loading=\"lazy\" alt=\"Estelle Ramonet et Nicolas Pascallon sont les nouveaux propri\u00e9taires du bar-tabac de la Gare.\"\/>Estelle Ramonet et Nicolas Pascallon sont les nouveaux propri\u00e9taires du bar-tabac de la Gare.<\/p>\n<p>Apr\u00e8s avoir \u00e9t\u00e9 tenu 57 ans, par la famille Nicol, <a anchorselected=\"true\" href=\"https:\/\/www.letelegramme.fr\/finistere\/saint-pol-de-leon-29250\/apres-57-ans-dhistoire-familiale-le-bar-tabac-chez-nicole-a-saint-pol-de-leon-change-de-main-6907414.php\" target=\"_blank\" title=\"www.letelegramme.fr\" rel=\"noopener\">le bar-tabac de la Gare \u00e0 Saint-Pol-de-L\u00e9on, est d\u00e9sormais repris par Estelle Ramonet, 43 ans, et Nicolas Pascallon, 40 ans<\/a>. Connus \u00e0 Plouvorn pour avoir tenu le bar Le Kool pendant huit ans, les deux quadrag\u00e9naires ont repris ce lieu charg\u00e9 d\u2019histoire, qui existait d\u00e9j\u00e0 en 1900. Ils esp\u00e8rent que la construction de logements va redynamiser la vie dans le quartier. L\u2019\u00e9tablissement est ouvert de 6\u00a0h\u00a030 \u00e0 20\u00a0h\u00a030, tous les jours sauf le vendredi, de 6\u00a0h\u00a030 \u00e0 22\u00a0h. Ferm\u00e9 le dimanche.<\/p>\n<p>Agn\u00e8s Pugnet installe sa fromagerie-\u00e9picerie fine \u00e0 Saint-Pol-de-L\u00e9on<img decoding=\"async\" src=\"https:\/\/www.europesays.com\/fr\/wp-content\/uploads\/2025\/11\/690b20ea986da8eecb03d44b.1.jpeg\" width=\"480\" height=\"300\" class=\"web_golden_m\" loading=\"lazy\" alt=\"Enfin un lieu d\u00e9di\u00e9 au fromage \u00e0 Saint-Pol-de-L\u00e9on\u00a0! L\u2019ouverture des Fromages d\u2019Agn\u00e8s a eu lieu le 18\u00a0octobre.\u00a0\"\/>Enfin un lieu d\u00e9di\u00e9 au fromage \u00e0 Saint-Pol-de-L\u00e9on\u00a0! L\u2019ouverture des Fromages d\u2019Agn\u00e8s a eu lieu le 18\u00a0octobre.\u00a0<\/p>\n<p>Pour la L\u00e9onarde Agn\u00e8s Pugnet, \u00ab le fromage est une passion voire une addiction\u00a0! C\u2019\u00e9tait toujours dans un coin de ma t\u00eate\u00a0: un jour, j\u2019aurai ma fromagerie\u00a0!\u00a0\u00bb Apr\u00e8s un d\u00e9clic, elle cherche un local <a href=\"https:\/\/www.letelegramme.fr\/finistere\/saint-pol-de-leon-29250\/je-les-aime-tous-agres-pugnet-ouvrira-les-portes-de-sa-fromagerie-cremerie-le-18-octobre-a-saint-pol-de-leon-6906970.php\" title=\"www.letelegramme.fr\" target=\"_blank\" rel=\"noopener\">(qu\u2019elle trouve au 20, rue du G\u00e9n\u00e9ral-Leclerc, \u00e0 Saint-Pol-de-L\u00e9on<\/a>), se forme \u00e0 la vente \u00ab\u00a0fromagerie-cr\u00e8merie\u00a0\u00bb, et rencontre des producteurs. D\u00e9sormais, elle propose une s\u00e9lection de fromages et de produits de cr\u00e9merie, mais aussi un choix d\u2019\u00e9picerie fine (huile d\u2019olive, confiture de Plouvorn, rillettes de poisson de Plou\u00e9nan\u2026). Le magasin est ouvert du mardi au samedi, de 9\u00a0h\u00a030 \u00e0 12\u00a0h\u00a045 et de 15\u00a0h \u00e0 19\u00a0h. T\u00e9l. 02 56 19 06 59 ; courriel, contact@lesfromagesdagnes.fr<\/p>\n<p>\u00c0 22 ans, Oc\u00e9ane Bouillet ouvre son garage automobile \u00e0 Morlaix<img decoding=\"async\" src=\"https:\/\/www.europesays.com\/fr\/wp-content\/uploads\/2025\/11\/690b20e9986da8eecb03d44a.1.jpeg\" width=\"480\" height=\"300\" class=\"web_golden_m\" loading=\"lazy\" alt=\"Si les professions de m\u00e9cano et de carrossier comptent moins de 1\u00a0% de femmes parmi leurs rangs, ce n\u2019est pas le cas chez Auto\u2019c\u00e9ane, le garage d\u2019Oc\u00e9ane Bouillet.\"\/>Si les professions de m\u00e9cano et de carrossier comptent moins de 1\u00a0% de femmes parmi leurs rangs, ce n\u2019est pas le cas chez Auto\u2019c\u00e9ane, le garage d\u2019Oc\u00e9ane Bouillet. (Archives Le T\u00e9l\u00e9gramme)<\/p>\n<p>\u00ab \u00c0 15 ans, j\u2019\u00e9tais d\u00e9j\u00e0 passionn\u00e9e de m\u00e9canique ! \u00bb Oc\u00e9ane Bouillet a d\u00e9cid\u00e9 de suivre sa vocation et de se faire une place dans un milieu tr\u00e8s masculin : apr\u00e8s des \u00e9tudes dans ce domaine, <a href=\"https:\/\/www.letelegramme.fr\/finistere\/morlaix-29600\/a-15-ans-jetais-deja-passionnee-a-morlaix-la-mecanique-auto-se-conjugue-au-feminin-chez-autoceane-6915071.php\" target=\"_blank\" rel=\"noopener\">elle vient d\u2019ouvrir son propre garage automobile \u00e0 seulement 22 ans<\/a>. Auto\u2019c\u00e9ane est install\u00e9 au 11, rue Pierre-Corl\u00e9, dans la zone de la Boissi\u00e8re \u00e0 Morlaix. L\u2019\u00e9tablissement prend en charge la maintenance et la r\u00e9paration des organes m\u00e9caniques, freins, embrayage et distribution, de la plupart des marques. Contact : t\u00e9l. 06 68 82 88 36.<\/p>\n<p>Un bar-\u00e9picerie ouvre au sein de l\u2019Ehpad de Lanmeur<img decoding=\"async\" src=\"https:\/\/www.europesays.com\/fr\/wp-content\/uploads\/2025\/11\/690b20e9986da8eecb03d449.1.jpeg\" width=\"480\" height=\"300\" class=\"web_golden_m\" loading=\"lazy\" alt=\"Nathalie Foustoul est la r\u00e9gisseuse du bar-\u00e9picerie qu\u2019elle a enti\u00e8rement imagin\u00e9 et r\u00e9alis\u00e9 \u00e0 l\u2019aide des services techniques de l\u2019h\u00f4pital. Ouvert deux fois par semaine, il accueille tous ceux qui le veulent.\"\/>Nathalie Foustoul est la r\u00e9gisseuse du bar-\u00e9picerie qu\u2019elle a enti\u00e8rement imagin\u00e9 et r\u00e9alis\u00e9 \u00e0 l\u2019aide des services techniques de l\u2019h\u00f4pital. Ouvert deux fois par semaine, il accueille tous ceux qui le veulent. (Archives Le T\u00e9l\u00e9gramme)<\/p>\n<p>Il a un nom rigolo et un concept original : <a href=\"https:\/\/www.letelegramme.fr\/finistere\/lanmeur-29620\/le-bar-epicerie-nul-bar-ailleurs-ouvre-ses-portes-deux-fois-par-semaine-a-lehpad-de-lanmeur-6915720.php\" target=\"_blank\" rel=\"noopener\">le bar-\u00e9picerie Nul Bar Ailleurs a \u00e9t\u00e9 inaugur\u00e9 le 23 octobre<\/a>, au sein de l\u2019Ehpad de Lanmeur. \u00ab Apr\u00e8s plus de deux ans de pr\u00e9paration, \u00e7a y est !, s\u2019est r\u00e9jouit Nathalie Foustoul, animatrice et pilote du projet. Nous l\u2019avons d\u2019abord ouvert cet \u00e9t\u00e9 uniquement pour les r\u00e9sidents de l\u2019Ehpad. \u00c0 pr\u00e9sent, il peut accueillir tous les usagers de l\u2019h\u00f4pital. \u00bb Le commerce fonctionne en partenariat avec le 8 \u00e0 Huit de la commune et est, pour le moment, ouvert deux apr\u00e8s-midi par semaine. \u00ab Si la demande est l\u00e0, on ouvrira plus souvent \u00bb, souligne Nathalie Foustoul.<\/p>\n<p>\u00c0 18 ans, Manon Le Gall se lance en tant qu\u2019esth\u00e9ticienne \u00e0 Ploun\u00e9venter<img decoding=\"async\" src=\"https:\/\/www.europesays.com\/fr\/wp-content\/uploads\/2025\/11\/690b20e9242674f3dd05c670.1.jpeg\" width=\"480\" height=\"300\" class=\"web_golden_m\" loading=\"lazy\" alt=\"Manon Le Gall, esth\u00e9ticienne (\u00e0 droite), partage l\u2019institut Pure Relaxation de Sophie Cariou.\"\/>Manon Le Gall, esth\u00e9ticienne (\u00e0 droite), partage l\u2019institut Pure Relaxation de Sophie Cariou. (Archives Le T\u00e9l\u00e9gramme)<\/p>\n<p>\u00c0 18 ans, avec un bac pro esth\u00e9tique en poche, <a href=\"https:\/\/www.letelegramme.fr\/finistere\/plouneventer-29400\/plouneventer-titulaire-du-bac-pro-desthetisme-manon-le-gall-lance-son-activite-independante-6915640.php\" target=\"_blank\" rel=\"noopener\">Manon Le Gall se lance dans l\u2019esth\u00e9tisme \u00e0 domicile et en institut<\/a>. Elle proposera ses services \u00e0 l\u2019institut de beaut\u00e9 Pure Relaxation install\u00e9 au 11, rue Paul-Gauguin, \u00e0 Ploun\u00e9venter (elle partage les locaux avec Sophie Cariou). Les soins propos\u00e9s sont mixtes : \u00e9pilations, soins du corps, gommage\u2026 Contact : t\u00e9l. 07 86 61 92 07 ; courriel : manon.legall29@gmail.com<\/p>\n<p>\u00c0 Morlaix, le bar L\u2019Obernai change de propri\u00e9taires<img decoding=\"async\" src=\"https:\/\/www.europesays.com\/fr\/wp-content\/uploads\/2025\/11\/690b20e950fae1525a0378b4.1.jpeg\" width=\"480\" height=\"300\" class=\"web_golden_m\" loading=\"lazy\" alt=\"Fantille et Pascal Jaffr\u00e9 ont repris le bar-tabac L\u2019Obernai. L\u2019occasion pour eux de cr\u00e9er un nouveau logo de l\u2019\u00e9tablissement.\"\/>Fantille et Pascal Jaffr\u00e9 ont repris le bar-tabac L\u2019Obernai. L\u2019occasion pour eux de cr\u00e9er un nouveau logo de l\u2019\u00e9tablissement. (Archives Le T\u00e9l\u00e9gramme)<\/p>\n<p>Fantille et Pascal Jaffr\u00e9 <a anchorselected=\"true\" href=\"https:\/\/www.letelegramme.fr\/finistere\/morlaix-29600\/a-morlaix-de-nouveaux-proprietaires-au-bar-tabac-lobernai-6918695.php\" target=\"_blank\" rel=\"noopener\">sont d\u00e9sormais \u00e0 la t\u00eate du bar-tabac L\u2019Obernai<\/a>, dans le centre de Morlaix. Apr\u00e8s vingt ans d\u2019exp\u00e9rience en tant qu\u2019assistante maternelle, Fantille Jaffr\u00e9 a d\u00e9cid\u00e9 de se lancer dans une nouvelle aventure en reprenant les r\u00eanes de cet \u00e9tablissement &#8211; elle a saisi l\u2019opportunit\u00e9 du d\u00e9part du pr\u00e9c\u00e9dent propri\u00e9taire, qu\u2019elle connaissait personnellement. Son mari l\u2019aidera les week-ends. Le couple a entrepris des travaux de r\u00e9novation et de d\u00e9coration, rempla\u00e7ant notamment le mobilier afin de donner un nouveau visage au bar-tabac qui sera ouvert sept jours sur sept. L\u2019Obernai est install\u00e9 au 21, place Allende.\ufeff Ouvert du lundi au jeudi, de 7 h \u00e0 21 h, le vendredi et samedi de 7 h \u00e0 23 h, et le dimanche de 10 h \u00e0 21 h. T\u00e9l : 02 98 88 03 92.<\/p>\n<p>Un nouveau commerce U a ouvert \u00e0 Ploun\u00e9venter<img decoding=\"async\" src=\"https:\/\/www.europesays.com\/fr\/wp-content\/uploads\/2025\/11\/690b20e9e882d9e46505d4d6.1.jpeg\" width=\"480\" height=\"300\" class=\"web_golden_m\" loading=\"lazy\" alt=\"Audrey Kercret, habitante de la commune, \u00e9tait l\u2019une des premi\u00e8res \u00e0 entrer dans le magasin flambant neuf.\"\/>Audrey Kercret, habitante de la commune, \u00e9tait l\u2019une des premi\u00e8res \u00e0 entrer dans le magasin flambant neuf.<\/p>\n<p>Alexandre Demessence et Johanna Josso <a href=\"https:\/\/www.letelegramme.fr\/finistere\/plouneventer-29400\/je-suis-agreablement-surprise-par-toutes-ces-references-le-commerce-u-a-ouvert-ses-portes-ce-mercredi-matin-a-plouneventer-6909512.php\" target=\"_blank\" rel=\"noopener\">ont ouvert leur nouveau commerce U mi-octobre, place de l\u2019\u00c9glise<\/a>. Ils <a href=\"https:\/\/www.letelegramme.fr\/finistere\/plouneventer-29400\/tout-sera-pret-pour-louverture-le-15-octobre-a-plouneventer-un-couple-investit-600-000-eur-pour-ouvrir-une-superette-6874952.php\" target=\"_blank\" rel=\"noopener\">ont investi 600 000 \u20ac<\/a> dans ce nouveau magasin, qui a \u00e9t\u00e9 construit par la municipalit\u00e9. Quatre salari\u00e9s travaillent avec eux. 7 000 produits de la coop\u00e9rative U sont disponibles en rayon, sur une surface de 300 m\u00b2. \u00ab Je suis agr\u00e9ablement surprise par toutes ces r\u00e9f\u00e9rences disponibles \u00bb, a comment\u00e9 Audrey Kercret, l\u2019une des toutes premi\u00e8res clientes. Le commerce est ouvert du lundi au samedi, de 8 h \u00e0 19 h 30 et le dimanche, de 8 h 30 \u00e0 12 h 30.<\/p>\n","protected":false},"excerpt":{"rendered":"Habitante de Plouz\u00e9v\u00e9d\u00e9, Emmanuelle Le Borgne, tapissi\u00e8re d\u2019ameublement, a ouvert sa boutique Ty Art Kador, au 63, rue&hellip;\n","protected":false},"author":2,"featured_media":513524,"comment_status":"","ping_status":"","sticky":false,"template":"","format":"standard","meta":{"footnotes":""},"categories":[1586],"tags":[11,63437,1777,674,1779,1011,27,6821,63434,2131,12,7978,63435,63436,25,4607,1778,364],"class_list":{"0":"post-513523","1":"post","2":"type-post","3":"status-publish","4":"format-standard","5":"has-post-thumbnail","7":"category-europe","8":"tag-actualites","9":"tag-commerce-morlaix","10":"tag-eu","11":"tag-europe","12":"tag-european-union","13":"tag-fr","14":"tag-france","15":"tag-landivisiau","16":"tag-lanmeur","17":"tag-morlaix","18":"tag-news","19":"tag-plouigneau","20":"tag-plouneventer","21":"tag-plouzevede","22":"tag-republique-francaise","23":"tag-saint-pol-de-leon","24":"tag-ue","25":"tag-union-europeenne"},"share_on_mastodon":{"url":"https:\/\/pubeurope.com\/@fr\/115497162409196561","error":""},"_links":{"self":[{"href":"https:\/\/www.europesays.com\/fr\/wp-json\/wp\/v2\/posts\/513523","targetHints":{"allow":["GET"]}}],"collection":[{"href":"https:\/\/www.europesays.com\/fr\/wp-json\/wp\/v2\/posts"}],"about":[{"href":"https:\/\/www.europesays.com\/fr\/wp-json\/wp\/v2\/types\/post"}],"author":[{"embeddable":true,"href":"https:\/\/www.europesays.com\/fr\/wp-json\/wp\/v2\/users\/2"}],"replies":[{"embeddable":true,"href":"https:\/\/www.europesays.com\/fr\/wp-json\/wp\/v2\/comments?post=513523"}],"version-history":[{"count":0,"href":"https:\/\/www.europesays.com\/fr\/wp-json\/wp\/v2\/posts\/513523\/revisions"}],"wp:featuredmedia":[{"embeddable":true,"href":"https:\/\/www.europesays.com\/fr\/wp-json\/wp\/v2\/media\/513524"}],"wp:attachment":[{"href":"https:\/\/www.europesays.com\/fr\/wp-json\/wp\/v2\/media?parent=513523"}],"wp:term":[{"taxonomy":"category","embeddable":true,"href":"https:\/\/www.europesays.com\/fr\/wp-json\/wp\/v2\/categories?post=513523"},{"taxonomy":"post_tag","embeddable":true,"href":"https:\/\/www.europesays.com\/fr\/wp-json\/wp\/v2\/tags?post=513523"}],"curies":[{"name":"wp","href":"https:\/\/api.w.org\/{rel}","templated":true}]}}