{"id":513527,"date":"2025-11-05T12:47:11","date_gmt":"2025-11-05T12:47:11","guid":{"rendered":"https:\/\/www.europesays.com\/fr\/513527\/"},"modified":"2025-11-05T12:47:11","modified_gmt":"2025-11-05T12:47:11","slug":"vous-fissurez-les-serveurs-la-team-plus-d15-million-de-connexions","status":"publish","type":"post","link":"https:\/\/www.europesays.com\/fr\/513527\/","title":{"rendered":"\u00ab\u00a0Vous fissurez les serveurs la team\u00a0\u00bb, plus d&rsquo;1,5 million de connexions"},"content":{"rendered":"<p>Est-ce possible d&rsquo;acheter une place de concert pour Jul sur Ticketmaster.fr ?<\/p>\n<p>\u00ab\u00a0<a href=\"https:\/\/www.laprovence.com\/\" target=\"_blank\" rel=\"noopener\">La Provence<\/a>\u00a0\u00bb a essay\u00e9 d&rsquo;acheter <a href=\"https:\/\/www.laprovence.com\/article\/culture-loisirs\/1185576836373215\/jul-au-velodrome-jaimerais-avoir-des-astuces-miracles-les-fans-prets-pour-l-ouverture-de-la-billetterie\" target=\"_blank\" rel=\"noopener\">une place<\/a> pour l&rsquo;un des concerts du \u00ab\u00a0J\u00a0\u00bb. Les onglets des diff\u00e9rents sites (ticketmaster.fr \/ stadefrance.com \/ orangevelodrome.com \/ adamconcerts.com) d&rsquo;acc\u00e8s aux pr\u00e9ventes \u00e9taient ouverts sur le PC <strong>depuis 7h du matin<\/strong>.\u00a0<\/p>\n<p>Bonne nouvelle, lors de notre arriv\u00e9e dans la file d&rsquo;attente, \u00ab\u00a0La Provence\u00a0\u00bb pointe l\u00e9g\u00e8rement au-dessus de la <strong>3000\u1d49 position<\/strong>. Largement suffisant pour d\u00e9crocher le pr\u00e9cieux s\u00e9same, surtout quand on conna\u00eet la capacit\u00e9 du V\u00e9lodrome. Pour rappel, Jul a rassembl\u00e9 <a href=\"https:\/\/www.laprovence.com\/article\/culture-loisirs\/5018650361080614\/jul-au-velodrome-un-concert-sans-fin-150-000-spectateurs-en-deux-jours-nouveau-record-pour-le-j\" target=\"_blank\" rel=\"noopener\">150 000 spectateurs en deux jours<\/a> de concert en mai dernier.<\/p>\n<p>Pourtant, au moment d&rsquo;\u00eatre \u00ab\u00a0redirig\u00e9\u00a0\u00bb vers la billetterie, apr\u00e8s <strong>56 minutes d&rsquo;attente<\/strong>, Ticketmaster pr\u00e9f\u00e8re nous envoyer <strong>ce joli message d&rsquo;erreur<\/strong> : \u00ab\u00a0Votre activit\u00e9 de navigation a \u00e9t\u00e9 suspendue. Nous avons d\u00e9tect\u00e9 un comportement inhabituel sur votre r\u00e9seau ou votre navigateur. Pour r\u00e9soudre ce probl\u00e8me : <\/p>\n<p>&#8211; Connectez-vous \u00e0 votre compte si vous ne l&rsquo;avez pas d\u00e9j\u00e0 fait ;<\/p>\n<p>&#8211; changez de r\u00e9seau Wi-Fi ou cellulaire ; <\/p>\n<p>&#8211; changez d&rsquo;appareil ou d\u00e9placez-vous vers un autre endroit si possible.\u00a0\u00bb<\/p>\n<p><strong>Un \u00e9chec<\/strong> qui s&rsquo;ajoute \u00e0 ceux <a href=\"https:\/\/www.laprovence.com\/article\/societe\/76593924331509\/la-folie-des-fans-de-jul-pour-tenter-de-trouver-une-place-a-ses-concerts-au-velodrome-et-a-paris\" target=\"_blank\" rel=\"noopener\">d&rsquo;avril 2024<\/a> ainsi qu&rsquo;<a href=\"https:\/\/www.laprovence.com\/article\/faits-divers-justice\/2086186843379414\/jul-a-lorange-velodrome-plus-dun-million-de-connexions-des-decus-et-des-heureux-le-second-concert-est-complet\" target=\"_blank\" rel=\"noopener\">avril 2025<\/a>. La question se pose donc : est-possible d&rsquo;acheter une place de concert pour Jul sur Tickemaster.fr ?<\/p>\n","protected":false},"excerpt":{"rendered":"Est-ce possible d&rsquo;acheter une place de concert pour Jul sur Ticketmaster.fr ? \u00ab\u00a0La Provence\u00a0\u00bb a essay\u00e9 d&rsquo;acheter une&hellip;\n","protected":false},"author":2,"featured_media":509080,"comment_status":"","ping_status":"","sticky":false,"template":"","format":"standard","meta":{"footnotes":""},"categories":[2],"tags":[11,1697,1011,27,1279,63439,63438,884,12,25,14478,957],"class_list":{"0":"post-513527","1":"post","2":"type-post","3":"status-publish","4":"format-standard","5":"has-post-thumbnail","7":"category-actualites","8":"tag-actualites","9":"tag-concert","10":"tag-fr","11":"tag-france","12":"tag-jul","13":"tag-jul-au-stade-de-france","14":"tag-jul-au-velodrome","15":"tag-marseille","16":"tag-news","17":"tag-republique-francaise","18":"tag-stade-de-france","19":"tag-velodrome"},"share_on_mastodon":{"url":"https:\/\/pubeurope.com\/@fr\/115497170173061688","error":""},"_links":{"self":[{"href":"https:\/\/www.europesays.com\/fr\/wp-json\/wp\/v2\/posts\/513527","targetHints":{"allow":["GET"]}}],"collection":[{"href":"https:\/\/www.europesays.com\/fr\/wp-json\/wp\/v2\/posts"}],"about":[{"href":"https:\/\/www.europesays.com\/fr\/wp-json\/wp\/v2\/types\/post"}],"author":[{"embeddable":true,"href":"https:\/\/www.europesays.com\/fr\/wp-json\/wp\/v2\/users\/2"}],"replies":[{"embeddable":true,"href":"https:\/\/www.europesays.com\/fr\/wp-json\/wp\/v2\/comments?post=513527"}],"version-history":[{"count":0,"href":"https:\/\/www.europesays.com\/fr\/wp-json\/wp\/v2\/posts\/513527\/revisions"}],"wp:featuredmedia":[{"embeddable":true,"href":"https:\/\/www.europesays.com\/fr\/wp-json\/wp\/v2\/media\/509080"}],"wp:attachment":[{"href":"https:\/\/www.europesays.com\/fr\/wp-json\/wp\/v2\/media?parent=513527"}],"wp:term":[{"taxonomy":"category","embeddable":true,"href":"https:\/\/www.europesays.com\/fr\/wp-json\/wp\/v2\/categories?post=513527"},{"taxonomy":"post_tag","embeddable":true,"href":"https:\/\/www.europesays.com\/fr\/wp-json\/wp\/v2\/tags?post=513527"}],"curies":[{"name":"wp","href":"https:\/\/api.w.org\/{rel}","templated":true}]}}