{"id":513528,"date":"2025-11-05T12:48:19","date_gmt":"2025-11-05T12:48:19","guid":{"rendered":"https:\/\/www.europesays.com\/fr\/513528\/"},"modified":"2025-11-05T12:48:19","modified_gmt":"2025-11-05T12:48:19","slug":"benjamin-biolay-pret-a-quitter-definitivement-la-france-pour-largentine-cest-de-lordre-du-possible","status":"publish","type":"post","link":"https:\/\/www.europesays.com\/fr\/513528\/","title":{"rendered":"Benjamin Biolay pr\u00eat \u00e0 quitter d\u00e9finitivement la France pour l\u2019Argentine ? \u201cC\u2019est de l\u2019ordre du possible\u201d"},"content":{"rendered":"<p>                                    <img decoding=\"async\" src=\"https:\/\/www.europesays.com\/fr\/wp-content\/uploads\/2025\/11\/97d6ac840b6dd710dbaa28ce5bd16fd83949d6f078b8b81459a30efbca0cc2e5.jpg\" alt=\"Ce jeudi 30 octobre dans Gala N\u00b01690, d\u00e9couvrez le sommaire en vid\u00e9o\u00a0!\" class=\"a11y-hidden\" fetchpriority=\"high\"\/><\/p>\n<p class=\"fig-standfirst\">\n    Dans son nouvel album Le Disque Bleu, Benjamin Biolay fait plusieurs allusions \u00e0 sa vie de nomade entre la France et l\u2019Argentine. Lors d\u2019une interview pour Soir Mag, ce mercredi 5 novembre, le chanteur a r\u00e9v\u00e9l\u00e9 envisager un jour de quitter Paris pour Buenos Aires.<\/p>\n<p class=\"fig-paragraph\">Trois ans apr\u00e8s l\u2019album Saint-Clair, Benjamin Biolay revient en musique. Le 17 octobre,\u00a0<a href=\"https:\/\/www.gala.fr\/l_actu\/news_de_stars\/benjamin-biolay-cash-sur-son-rapport-a-lage-je-me-mefie-de-la-cinquantaine_501193\" data-fig-type=\"Article\" data-gtm-custom-categorie=\"navigation\" data-gtm-custom-action=\"crossclick\" data-gtm-custom-label=\"Contextuel\" data-gtm-event=\"customEventSPE\" data-fig-domain=\"GALA\" target=\"_blank\" rel=\"noopener\">le chanteur de 52 ans\u00a0<\/a>a d\u00e9voil\u00e9 son onzi\u00e8me opus, un double album baptis\u00e9 Le Disque Bleu. Un projet dans lequel<a href=\"https:\/\/www.gala.fr\/l_actu\/news_de_stars\/benjamin-biolay-fier-de-sa-fille-anna-elle-suit-les-pas-de-sa-mere-chiara-mastroianni_540942\" data-fig-type=\"Article\" data-gtm-custom-categorie=\"navigation\" data-gtm-custom-action=\"crossclick\" data-gtm-custom-label=\"Contextuel\" data-gtm-event=\"customEventSPE\" data-fig-domain=\"GALA\" target=\"_blank\" rel=\"noopener\">\u00a0le p\u00e8re d\u2019Anna Biolay<\/a>\u00a0\u00e9voque \u00e0 plusieurs reprises sa vie de nomade entre la France et l\u2019Argentine. Un pays o\u00f9 il pose r\u00e9guli\u00e8rement ses valises\u00a0<a href=\"https:\/\/www.gala.fr\/l_actu\/news_de_stars\/benjamin-biolay-ses-rares-confidences-sur-sa-fille-qui-vit-en-argentine_450626\" data-fig-type=\"Article\" data-gtm-custom-categorie=\"navigation\" data-gtm-custom-action=\"crossclick\" data-gtm-custom-label=\"Contextuel\" data-gtm-event=\"customEventSPE\" data-fig-domain=\"GALA\" target=\"_blank\" rel=\"noopener\">car sa fille Louise y vit<\/a>. \u00ab Le jour o\u00f9 elles seront toutes les deux dans la m\u00eame ville, peut-\u00eatre que je voyagerai moins. Mais pour l\u2019instant, c\u2019est la raison de cette existence nomade\u00a0\u00bb, confie-t-il \u00e0 Soir Mag, ce mercredi 5 novembre.<\/p>\n<p class=\"fig-paragraph\">Alors que cette destination attire beaucoup\u00a0<a href=\"https:\/\/www.gala.fr\/l_actu\/news_de_stars\/love-story-chiara-mastroianni-et-benjamin-biolay-un-tandem-inseparable_543889\" data-fig-type=\"Article\" data-gtm-custom-categorie=\"navigation\" data-gtm-custom-action=\"crossclick\" data-gtm-custom-label=\"Contextuel\" data-gtm-event=\"customEventSPE\" data-fig-domain=\"GALA\" target=\"_blank\" rel=\"noopener\">l\u2019ex-compagnon de Chiara Mastroianni<\/a>, pour le moment, il n\u2019a pas pour projet de s\u2019y installer\u00a0: \u00ab Non, m\u00eame si j\u2019y vais souvent&#8230;mais c\u2019est de l\u2019ordre du possible\u00a0\u00bb. Benjamin Biolay explique ensuite pourquoi ce pays l\u2019attire autant\u00a0: \u00ab En Argentine, tout est un peu comme ici, tout est un peu diff\u00e9rent. C\u2019est vraiment un sentiment tr\u00e8s mitig\u00e9, on est \u00e0 la fois \u00e0 l\u2019autre bout du monde et on voit plein de trucs issus de notre culture europ\u00e9enne. C\u2019est un endroit assez bouleversant pour \u00e7a\u00a0\u00bb.\u00a0<\/p>\n<p>                                    <a class=\"fig-a11y-skip a11y-hidden\" href=\"#fig-a11y-skip-main-inarticle\"><br \/>\n        Passer la publicit\u00e9<br \/>\n    <\/a><\/p>\n<p>Benjamin Biolay\u00a0: pourquoi la vie \u00e0 Paris le \u201cgonfle s\u00e9rieusement\u201d<\/p>\n<p class=\"fig-paragraph\">Benjamin Biolay partage\u00a0<a href=\"https:\/\/www.gala.fr\/l_actu\/news_de_stars\/benjamin-biolay-son-havre-de-paix-se-trouve-a-sete-cette-maisonnette-ou-il-se-ressource-regulierement_551104\" data-fig-type=\"Article\" data-gtm-custom-categorie=\"navigation\" data-gtm-custom-action=\"crossclick\" data-gtm-custom-label=\"Contextuel\" data-gtm-event=\"customEventSPE\" data-fig-domain=\"GALA\" target=\"_blank\" rel=\"noopener\">sa vie entre Paris, S\u00e8te<\/a>\u00a0et Buenos Aires. Toutefois, le chanteur affirme en avoir marre d\u2019\u00eatre r\u00e9guli\u00e8rement dans la capitale, mais ne pas pouvoir y \u00e9chapper pour le travail. \u00ab Devoir \u00eatre ici par obligation professionnelle me gonfle s\u00e9rieusement\u00a0\u00bb, confie-t-il \u00e0 VSD lors d\u2019un entretien en septembre dernier. Avant d\u2019avouer\u00a0: \u00ab \u00c0 Paris, je ne suis pas chez moi. Je n\u2019aime pas le climat, et puis tout me para\u00eet gris. J\u2019ai besoin du soleil et de voir la mer\u00a0\u00bb. S\u00e8te et Buenos Aires sont donc ses deux villes f\u00e9tiches. Lors d\u2019<a href=\"http:\/\/www.gala.fr\/l_actu\/news_de_stars\/interview-benjamin-biolay-j-ai-eu-50-piges-je-pensais-que-ca-ne-me-ferait-rien-mais-20251023\" data-fig-type=\"Article\" data-gtm-custom-categorie=\"navigation\" data-gtm-custom-action=\"crossclick\" data-gtm-custom-label=\"Contextuel\" data-gtm-event=\"customEventSPE\" data-fig-domain=\"GALA\" target=\"_blank\" rel=\"noopener\">une interview avec Gala<\/a>, au mois d\u2019octobre, le p\u00e8re d\u2019Anna est revenu sur son coup de foudre pour l\u2019Argentine\u00a0: \u00ab Il y a une vingtaine d\u2019ann\u00e9es, Elli Medeiros, qui avait tourn\u00e9 un film en Argentine, m\u2019a dit: \u201c Tu passes \u00e0 la radio tout le temps ici, et je connais un mec qui va pouvoir te faire jouer \u201d. Elle m\u2019a pass\u00e9 son num\u00e9ro. En foulant pour la premi\u00e8re fois le sol argentin, je savais que \u00e7a allait changer ma vie. Quand j\u2019y \u00e9cris, je me sens d\u2019ailleurs beaucoup libre\u00a0\u00bb. Le d\u00e9but d\u2019une grande histoire.<\/p>\n","protected":false},"excerpt":{"rendered":"Dans son nouvel album Le Disque Bleu, Benjamin Biolay fait plusieurs allusions \u00e0 sa vie de nomade entre&hellip;\n","protected":false},"author":2,"featured_media":513529,"comment_status":"","ping_status":"","sticky":false,"template":"","format":"standard","meta":{"footnotes":""},"categories":[4],"tags":[11,1692,6715,7036,9260,14477,195,1011,27,12,25],"class_list":{"0":"post-513528","1":"post","2":"type-post","3":"status-publish","4":"format-standard","5":"has-post-thumbnail","7":"category-france","8":"tag-actualites","9":"tag-album","10":"tag-argentine","11":"tag-benjamin-biolay","12":"tag-confidences","13":"tag-demenagement","14":"tag-fille","15":"tag-fr","16":"tag-france","17":"tag-news","18":"tag-republique-francaise"},"share_on_mastodon":{"url":"https:\/\/pubeurope.com\/@fr\/115497174032276617","error":""},"_links":{"self":[{"href":"https:\/\/www.europesays.com\/fr\/wp-json\/wp\/v2\/posts\/513528","targetHints":{"allow":["GET"]}}],"collection":[{"href":"https:\/\/www.europesays.com\/fr\/wp-json\/wp\/v2\/posts"}],"about":[{"href":"https:\/\/www.europesays.com\/fr\/wp-json\/wp\/v2\/types\/post"}],"author":[{"embeddable":true,"href":"https:\/\/www.europesays.com\/fr\/wp-json\/wp\/v2\/users\/2"}],"replies":[{"embeddable":true,"href":"https:\/\/www.europesays.com\/fr\/wp-json\/wp\/v2\/comments?post=513528"}],"version-history":[{"count":0,"href":"https:\/\/www.europesays.com\/fr\/wp-json\/wp\/v2\/posts\/513528\/revisions"}],"wp:featuredmedia":[{"embeddable":true,"href":"https:\/\/www.europesays.com\/fr\/wp-json\/wp\/v2\/media\/513529"}],"wp:attachment":[{"href":"https:\/\/www.europesays.com\/fr\/wp-json\/wp\/v2\/media?parent=513528"}],"wp:term":[{"taxonomy":"category","embeddable":true,"href":"https:\/\/www.europesays.com\/fr\/wp-json\/wp\/v2\/categories?post=513528"},{"taxonomy":"post_tag","embeddable":true,"href":"https:\/\/www.europesays.com\/fr\/wp-json\/wp\/v2\/tags?post=513528"}],"curies":[{"name":"wp","href":"https:\/\/api.w.org\/{rel}","templated":true}]}}