{"id":51354,"date":"2025-04-25T09:00:09","date_gmt":"2025-04-25T09:00:09","guid":{"rendered":"https:\/\/www.europesays.com\/fr\/51354\/"},"modified":"2025-04-25T09:00:09","modified_gmt":"2025-04-25T09:00:09","slug":"loisirs-plantes-a-lunevillle-bd-a-jarville-grenouilles-a-vittel-9-idees-de-sorties-en-lorraine","status":"publish","type":"post","link":"https:\/\/www.europesays.com\/fr\/51354\/","title":{"rendered":"Loisirs. Plantes \u00e0 Lun\u00e9villle, BD \u00e0 Jarville, grenouilles \u00e0 Vittel&#8230; 9 id\u00e9es de sorties en Lorraine"},"content":{"rendered":"<p>  La F\u00eate des Plantes dans le jardin du ch\u00e2teau de Lun\u00e9ville<\/p>\n<p>La Soci\u00e9t\u00e9 d\u2019horticulture de Lun\u00e9ville organise ses Journ\u00e9es Printani\u00e8res. Horticulteurs, p\u00e9pini\u00e9ristes et professionnels ayant un lien avec le jardin, la nature ou la culture sous toutes ses formes, <a href=\"https:\/\/www.estrepublicain.fr\/culture-loisirs\/2025\/04\/23\/la-fete-des-plantes-investit-les-jardins-du-chateau-ce-samedi-26-et-ce-dimanche-27-avril  R\u00e9sum\u00e9 (Laisser vide pour g\u00e9n\u00e9rer le r\u00e9sum\u00e9 automatiquement.)\" target=\"_blank\" rel=\"nofollow noopener\">proposeront \u00e0 la vente leurs plus belles productions<\/a>. Que vous recherchiez des arbres, des plants de l\u00e9gumes rares ou plus courants, des plantes vivaces rustiques ou exceptionnelles, des aromatiques\u2026 Cette manifestation comblera vos attentes.<\/p>\n<p>  Bulles d\u2019Histoires, un festival de BD \u00e0 Jarville-la-Malgrange<\/p>\n<p>Il y a dix ans, la passion de quelques profs pour la bande dessin\u00e9e a permis de faire du 9e\u00a0\u00a0art la star du lyc\u00e9e La Malgrange dans le cadre d\u2019une journ\u00e9e festival. Dix ans plus tard, c\u2019est en habitu\u00e9s que les auteurs retrouvent les stands de Bulles d\u2019histoires. 25 auteurs pr\u00e9senteront leurs albums, et pourront les agr\u00e9menter d\u2019une d\u00e9dicace dessin\u00e9e, dont on sait toujours combien elles sont pris\u00e9es. <a href=\"https:\/\/www.estrepublicain.fr\/culture-loisirs\/2025\/04\/18\/le-festival-bulles-d-histoires-invite-25-auteurs-et-l-acteur-qui-a-joue-tintin-au-cinema\" target=\"_blank\" rel=\"nofollow noopener\">Le festival comptera aussi un invit\u00e9 d\u2019honneur en la personne de Jean-Pierre Talbot<\/a>. Le nom n\u2019est pas tr\u00e8s connu de la nouvelle g\u00e9n\u00e9ration, mais c\u2019est lui qui, le premier dans l\u2019histoire du cin\u00e9ma, incarna Tintin (en\u00a01961 et\u00a01964), aventure dont il a tir\u00e9 des livres, qu\u2019il d\u00e9dicacera.<\/p>\n<p>  10e\u00a0\u00e9dition du Trail des Ducs ce dimanche \u200a!<\/p>\n<p><a href=\"https:\/\/www.estrepublicain.fr\/sport\/2025\/04\/19\/trail-des-ducs-la-duchesse-et-marche-populaire-une-dixieme-edition-aux-accents-de-fete\" target=\"_blank\" rel=\"nofollow noopener\">La 10e \u00e9dition du Trail des Ducs<\/a>, organis\u00e9 par l\u2019Association Multisports Barisienne (AMB) se d\u00e9roulera ce dimanche, \u00e0 Bar-le-Duc. Trois nouveaux parcours semi-urbains seront\u00a0 propos\u00e9es. La marche nordique de \u00ab\u200aLa Duchesse\u200a\u00bb revient pour sa 4e\u00a0\u00e9dition, essentiellement en for\u00eat.\u00a0 Trail semi-urbain\u200a: 10\u00a0km (d\u00e9part 9\u200ah\u200a30), 17\u00a0km (d\u00e9part 9\u200ah\u200a15) et 24\u00a0km (d\u00e9part 9\u200ah)\u200a; marche nordique : 16\u00a0km (d\u00e9part 9\u200ah\u200a45). Inscription jusqu\u2019au 25\u00a0avril \u00e0 14\u200ah (www.amb55.fr). Retrait des dossards d\u00e8s 8\u200ah. Aucune inscription sur place.<\/p>\n<p>  Course de c\u00f4te \u00e0 Abreschviller\u200a: la montagne \u00e0 pleine vitesse<\/p>\n<p><a href=\"https:\/\/www.republicain-lorrain.fr\/societe\/2025\/04\/18\/sport-automobile-la-53e-course-de-cote-disputee-les-26-et-27-avril\" target=\"_blank\" rel=\"nofollow noopener\">Plus de 100 pilotes s\u2019\u00e9lanceront samedi et dimanche entre Abreschviller et Saint-Quirin<\/a> pour la 53e\u00a0course de c\u00f4te, 3e\u00a0manche du championnat de France de la Montagne. Essais samedi de 8\u200ah \u00e0 11\u200ah et de 12\u200ah \u00e0 15\u200ah, puis 1re\u00a0 mont\u00e9e. Dimanche\u200a: d\u00e9part \u00e0 8\u200ah\u200a30, 2e mont\u00e9e \u00e0 11\u200ah\u200a30, 3e \u00e0 15\u200ah. L\u2019acc\u00e8s aux zones spectateurs se fera par Abreschviller.<\/p>\n<p>  La foire aux grenouilles \u00e0 Vittel<\/p>\n<p>Fid\u00e8le au calendrier \u00e9v\u00e9nementiel comme \u00e0 ses traditions, l<a href=\"https:\/\/www.vosgesmatin.fr\/culture-loisirs\/2025\/04\/23\/foire-aux-grenouilles-de-vittel-les-forains-installent-leurs-attractions-dans-la-cite\" target=\"_blank\" rel=\"nofollow noopener\">a foire aux grenouilles de Vittel reprend du service<\/a> ces 26 et 27. D\u00e8s samedi, la f\u00eate foraine battra son plein puis, \u00e0 18\u00a0h\u00a030, viendront s\u2019ajouter les d\u00e9gustations de cuisses. Le gros morceau aura lieu dimanche avec l\u2019inauguration officielle \u00e0 11\u00a0h suivie du d\u00e9fil\u00e9 de l\u2019insatiable confr\u00e9rie des Tastes Cuisses de grenouille Entre 10\u00a0000\u00a0\u00e0 15\u00a0000 visiteurs sont attendus sur le week-end\u00a0et 1,5\u00a0tonne de cuisses devraient \u00eatre consomm\u00e9es.<\/p>\n<p>  Lilas en f\u00eate au jardin botanique J.-M.-Pelt<\/p>\n<p>Du milieu du XIXe\u00a0au milieu du XXe, les horticulteurs lorrains rayonnent dans le monde entier avec leurs cr\u00e9ations v\u00e9g\u00e9tales. En particulier, la maison Lemoine a obtenu et produit plus de 8\u200a000 vari\u00e9t\u00e9s horticoles diff\u00e9rentes dont 214 hybrides de Lilas. <a href=\"https:\/\/www.estrepublicain.fr\/culture-loisirs\/2025\/04\/23\/des-animations-prennent-place-au-jardin-botanique-pour-celebrer-les-lilas\" target=\"_blank\" rel=\"nofollow noopener\">Le Jardin botanique Jean-Marie Pelt s\u2019est attach\u00e9 \u00e0 retrouver tous ces Lilas<\/a>, en menant une v\u00e9ritable enqu\u00eate. Le temps d\u2019un week-end, d\u00e9couvrez sa remarquable collection. Au programme, des quiz, des jeux et des ateliers sur le th\u00e8me des Lilas, de l\u2019hybridation, de l\u2019Art nouveau et l\u2019Art d\u00e9co \u00e0 Nancy\u2026<\/p>\n<p>  Chantal Goya \u00ab\u200asur la route enchant\u00e9e\u200a\u00bb \u00e0 la Rotonde de Thaon-les-Vosges<\/p>\n<p>Chantal Goya va illuminer la sc\u00e8ne de la Rotonde ce samedi 26\u00a0avril \u00e0 14\u200ah\u200a30 avec son spectacle intitul\u00e9 \u00ab\u200aSur la route enchant\u00e9e.\u200a\u00bb V\u00eatue de sa c\u00e9l\u00e8bre robe rose, la chanteuse entra\u00eenera petits et grands dans ses aventures pleines de rencontres surprenantes\u2026<\/p>\n<p>  Vino Visitas sert \u00e0 nouveau vin et patrimoine \u00e0 Bar-le-Duc<\/p>\n<p><a href=\"https:\/\/www.estrepublicain.fr\/culture-loisirs\/2025\/04\/21\/pour-sa-sixieme-edition-in-vino-visitas-sert-a-nouveau-vin-et-patrimoine\" target=\"_blank\" rel=\"nofollow noopener\">La 6e \u00e9dition du salon des vins organis\u00e9e par l\u2019association Meuse Saint-Vincent<\/a> aura lieu \u00e0 Bar-le-Duc avec la pr\u00e9sence de vignerons peu connus. Toujours dans le m\u00eame esprit\u200a: faire d\u00e9couvrir des vins \u00e0 travers toute la ville aux visiteurs. Cette nouvelle \u00e9dition sera agr\u00e9ment\u00e9e d\u2019animations, d\u2019ateliers, de conf\u00e9rences et m\u00eame un concours.<\/p>\n<p>  Le Festival Rose chaos au Val-d\u2019Ajol\u00a0<\/p>\n<p>Deux jours de folie pour cette premi\u00e8re \u00e9dition qui accueille des groupes renomm\u00e9s de punk, hardcore, rock. Au programme : Black Bomb A (metal, punk, hardcore), Horskh (\u00e9lectronique industriel), Train fant\u00f4me (alternatif), Sweet Mad, Tagada Jones (punk, hardcore), No Scientists (punk, rock ind\u00e9pendant), Johnnie Carwash (garage rock, rock), Komptoir chaos (punk, Oi). Egalement une bourse aux affiches ainsi que des afters pour les amateurs du genre.<\/p>\n<p>  Et aussi \u00a0: \u00ab Ici On Agit\u00a0\u00bb au centre des Congr\u00e8s \u00e0 Nancy<\/p>\n<p>Le centre Prouv\u00e9 de Nancy accueille, ce vendredi 25 et ce samedi 26 avril, l\u2019\u00e9v\u00e9nement Ici On Agit ! port\u00e9 par les journaux du groupe Ebra. Cent cinquante speakers, 70 tables rondes, plus de 100 stands et partenaires engag\u00e9s et pr\u00e8s de 40 animations et ateliers p\u00e9dagogiques : un ambitieux programme tout entier tourn\u00e9 vers la recherche de solutions et l\u2019action en mati\u00e8re environnementale. Intervenants, animations, ateliers&#8230; <strong>Entr\u00e9e libre<\/strong>.<\/p>\n<p><a href=\"https:\/\/www.estrepublicain.fr\/environnement\/2025\/04\/25\/tables-rondes-intervenants-animations-suivez-l-evenement-en-direct-du-centre-prouve\" target=\"_blank\" rel=\"nofollow noopener\">Vous pouvez suivre cet \u00e9v\u00e9nement en direct sur notre site internet en cliquant sur ce lien.<\/a><\/p>\n","protected":false},"excerpt":{"rendered":"La F\u00eate des Plantes dans le jardin du ch\u00e2teau de Lun\u00e9ville La Soci\u00e9t\u00e9 d\u2019horticulture de Lun\u00e9ville organise ses&hellip;\n","protected":false},"author":2,"featured_media":51355,"comment_status":"","ping_status":"","sticky":false,"template":"","format":"standard","meta":{"footnotes":""},"categories":[9635],"tags":[1111,11,7782,3600,6211,1687,3602,1707,1704,436,1777,674,1685,1011,27,775,9588,10634,3457,11209,873,1702,12,2661,3456,5486,4043,25,953,3140],"class_list":{"0":"post-51354","1":"post","2":"type-post","3":"status-publish","4":"format-standard","5":"has-post-thumbnail","7":"category-nancy","8":"tag-actu","9":"tag-actualites","10":"tag-balades-et-randonnees","11":"tag-bar-le-duc","12":"tag-conference","13":"tag-culture-loisirs","14":"tag-edition-bar-le-duc","15":"tag-edition-luneville","16":"tag-edition-nancy-et-agglomeration","17":"tag-environnement","18":"tag-eu","19":"tag-europe","20":"tag-foire-et-salon","21":"tag-fr","22":"tag-france","23":"tag-grand-est","24":"tag-ici-on-agit","25":"tag-luneville","26":"tag-meurthe-et-moselle","27":"tag-meuse","28":"tag-musique","29":"tag-nancy","30":"tag-news","31":"tag-patrimoine-culturel","32":"tag-region-lorraine","33":"tag-rencontre","34":"tag-repas-et-the-dansant","35":"tag-republique-francaise","36":"tag-soiree","37":"tag-spectacle"},"share_on_mastodon":{"url":"","error":"Validation failed: Text character limit of 500 exceeded"},"_links":{"self":[{"href":"https:\/\/www.europesays.com\/fr\/wp-json\/wp\/v2\/posts\/51354","targetHints":{"allow":["GET"]}}],"collection":[{"href":"https:\/\/www.europesays.com\/fr\/wp-json\/wp\/v2\/posts"}],"about":[{"href":"https:\/\/www.europesays.com\/fr\/wp-json\/wp\/v2\/types\/post"}],"author":[{"embeddable":true,"href":"https:\/\/www.europesays.com\/fr\/wp-json\/wp\/v2\/users\/2"}],"replies":[{"embeddable":true,"href":"https:\/\/www.europesays.com\/fr\/wp-json\/wp\/v2\/comments?post=51354"}],"version-history":[{"count":0,"href":"https:\/\/www.europesays.com\/fr\/wp-json\/wp\/v2\/posts\/51354\/revisions"}],"wp:featuredmedia":[{"embeddable":true,"href":"https:\/\/www.europesays.com\/fr\/wp-json\/wp\/v2\/media\/51355"}],"wp:attachment":[{"href":"https:\/\/www.europesays.com\/fr\/wp-json\/wp\/v2\/media?parent=51354"}],"wp:term":[{"taxonomy":"category","embeddable":true,"href":"https:\/\/www.europesays.com\/fr\/wp-json\/wp\/v2\/categories?post=51354"},{"taxonomy":"post_tag","embeddable":true,"href":"https:\/\/www.europesays.com\/fr\/wp-json\/wp\/v2\/tags?post=51354"}],"curies":[{"name":"wp","href":"https:\/\/api.w.org\/{rel}","templated":true}]}}