{"id":513540,"date":"2025-11-05T12:58:10","date_gmt":"2025-11-05T12:58:10","guid":{"rendered":"https:\/\/www.europesays.com\/fr\/513540\/"},"modified":"2025-11-05T12:58:10","modified_gmt":"2025-11-05T12:58:10","slug":"hoshi-salie-et-abusee-par-son-ex-compagne-elle-sort-du-silence-et-donne-sa-version","status":"publish","type":"post","link":"https:\/\/www.europesays.com\/fr\/513540\/","title":{"rendered":"Hoshi\u00a0\u00ab\u00a0salie et abus\u00e9e\u00a0\u00bb par son ex-compagne ? Elle sort du silence et donne sa version"},"content":{"rendered":"<p>Si elles ont nag\u00e9 en plein bonheur pendant six ans, cela n\u2019est d\u00e9sormais plus le cas et leur relation aurait fait face \u00e0 quelques tumultes \u00e0 en croire les r\u00e9v\u00e9lations de Hoshi. En effet, la chanteuse a pris la parole sur son compte Instagram le 3 novembre dernier pour porter <a href=\"https:\/\/www.public.fr\/trop-longtemps-que-je-me-tais-hoshi-annonce-porter-plainte-contre-son-ex-manageuse-et-sa-compagne-apres-avoir-ete-salie-et-abusee\" target=\"_blank\" rel=\"noopener\">plusieurs accusations \u00e0 l\u2019\u00e9gard de son ex-compagne.\u00a0<br \/><\/a><br \/><a href=\"https:\/\/vsd.fr\/64952-je-ne-veux-pas-de-largent-des-electeurs-du-rn-cette-celebre-chanteuse-francaise-secharpe-avec-un-internaute-qui-la-traite-de-belle-garce\/\" target=\"_blank\" rel=\"noopener\">L\u2019interpr\u00e8te de <strong>Ta marini\u00e8re<\/strong><\/a> avait d\u00e9j\u00e0 \u00e9voqu\u00e9 son ancienne relation dans les colonnes du Parisien et r\u00e9v\u00e9lait avoir v\u00e9cu une p\u00e9riode de reconstruction tr\u00e8s douloureuse.\u00a0<\/p>\n<p>\u00ab\u00a0Ce qui m&rsquo;a sauv\u00e9e, c&rsquo;est mon public et mes amis. Mais \u00e9galement de voir ce qu&rsquo;il y avait de positif chez les gens autour de moi, quand je ne le voyais plus en moi. Pour aller mieux, il faut \u00e9couter les histoires des personnes qui ont v\u00e9cu les m\u00eames choses avant vous et qui s&rsquo;en sont sorties. Et puis, le temps est quelque chose d&rsquo;assez puissant\u00a0\u00bb, indiquait-elle.<\/p>\n<p>Hoshi d\u00e9nonce une ancienne relation toxique<\/p>\n<p>Mais apr\u00e8s cette d\u00e9claration, Hoshi a fait d\u2019autres r\u00e9v\u00e9lations au sujet de Gia Martinelli, son ex-compagne et ex-manageuse. \u00ab\u00a0J\u2019ai hurl\u00e9 en silence pendant des mois, cela fait trop longtemps que je me tais. J\u2019ai tenu bon en continuant la tourn\u00e9e. Vous m\u2019avez port\u00e9e sans savoir ce que je traversais d\u00e8s que je quittais la sc\u00e8ne. Je n\u2019ai pas l\u2019habitude de d\u00e9baller ma vie priv\u00e9e ici,\u00a0mais je n\u2019ai plus le choix.\u00a0<strong>Je refuse de me taire davantage<\/strong>\u00ab\u00a0, a d\u2019abord \u00e9crit celle qui <a href=\"https:\/\/www.public.fr\/cest-quand-quil-se-retire-hoshi-et-fabien-lecoeuvre-cest-reparti-pour-un-tour\" target=\"_blank\" rel=\"noopener\">ne porte pas Fabien Lec\u0153uvre dans son c\u0153ur<\/a> dans une publication Instagram.\u00a0<\/p>\n<p>La chanteuse ne mentionne pas une seule fois Gia Martinelli mais indique que \u00ab\u00a0plusieurs plaintes ont \u00e9t\u00e9 d\u00e9pos\u00e9es\u00a0(&#8230;), pour des faits qui font aujourd\u2019hui l\u2019objet d\u2019une enqu\u00eate\u00a0\u00bb. \u00ab\u00a0J\u2019ai \u00e9t\u00e9 salie, abus\u00e9e et je ne peux laisser cette situation perdurer\u00a0\u00bb, poursuit-elle avant d\u2019ajouter : \u00ab\u00a0Je me suis retrouv\u00e9e plusieurs fois dans des situations o\u00f9\u00a0<strong>mon consentement n\u2019existait plus<\/strong>. Avec elle. Et avec celle qui partage aujourd\u2019hui sa vie. J\u2019ai dit non. J\u2019ai r\u00e9p\u00e9t\u00e9 que je ne le voulais pas\u00a0et j\u2019ai dit que je le vivais mal\u00a0\u00bb.<\/p>\n<p>Selon les dires de Hoshi, ses <strong>\u00ab\u00a0refus n\u2019ont pas \u00e9t\u00e9 \u00e9cout\u00e9s\u00a0\u00bb<\/strong> : \u00ab\u00a0ni respect\u00e9s. Elle m\u2019a impos\u00e9 ces moments alors qu\u2019elle savait que je n\u2019\u00e9tais pas d\u2019accord. Elle a contourn\u00e9 mes limites, me faisant croire que c\u00e9der c\u2019\u00e9tait aimer. On m\u2019a pouss\u00e9e dans un engrenage o\u00f9 je n\u2019existais plus. Dire oui une fois ne veut pas dire ne plus jamais pouvoir dire non. Mes &lsquo;non&rsquo; se voyaient pi\u00e9tin\u00e9s.\u00a0<strong>Elle avait pris le contr\u00f4le de ma vie, de mes choix, de mes rep\u00e8res. Je n\u2019\u00e9tais plus aux commandes<\/strong>\u00ab\u00a0.<\/p>\n<p>Son ancienne compagne sort du silence<\/p>\n<p>Si Hoshi a pris la parole, c\u2019est parce qu\u2019elle estime que ce qui devait \u00eatre sa <strong>\u00ab\u00a0plus belle histoire est devenue son pire cauchemar\u00a0\u00bb<\/strong> et elle souhaite aujourd\u2019hui que son t\u00e9moignage \u00ab\u00a0serve\u00a0\u00bb. Jusqu\u2019\u00e0 pr\u00e9sent, son ancienne compagne n\u2019avait pas pris la parole.<\/p>\n<p>Mais ce mardi 4 novembre 2025, la principale int\u00e9ress\u00e9e a d\u00e9cid\u00e9 de r\u00e9agir. \u00ab\u00a0J\u2019ai d\u00e9couvert avec stupeur hier soir <strong>la campagne particuli\u00e8rement calomnieuse<\/strong> lanc\u00e9e \u00e0 mon encontre sur les r\u00e9seaux sociaux par mon ancienne compagne\u00a0\u00bb, regrette-t-elle dans un premier temps.<\/p>\n<p>Avant d\u2019ajouter : \u00ab\u00a0Tout peut \u00eatre dit mais tout n&rsquo;est pas utile surtout lorsque c&rsquo;est<strong> mensonger, scandaleux et indigne<\/strong> de notre histoire d&rsquo;amour et de notre relation professionnelle\u00a0\u00bb.\u00a0<\/p>\n<p>L\u2019ancienne compagne de Hoshi ne s\u2019arr\u00eate pas l\u00e0. En effet, elle pr\u00e9vient qu\u2019\u00e0 compter de ce jour, elle poursuivrait \u00ab\u00a0toute atteinte \u00e0 [sa] dignit\u00e9, [son] honneur, [sa] r\u00e9putation devant les juridictions comp\u00e9tentes\u00a0\u00bb.<\/p>\n<p>\n          Hits &amp; People en continu\n        <\/p>\n<p>\n          Public Radio\n        <\/p>\n<p>      Mentionn\u00e9s dans cet article<\/p>\n<p>      Sur le m\u00eame sujet<\/p>\n","protected":false},"excerpt":{"rendered":"Si elles ont nag\u00e9 en plein bonheur pendant six ans, cela n\u2019est d\u00e9sormais plus le cas et leur&hellip;\n","protected":false},"author":2,"featured_media":513541,"comment_status":"","ping_status":"","sticky":false,"template":"","format":"standard","meta":{"footnotes":""},"categories":[1359],"tags":[1193,58,59,1011,27,2440,973,2634],"class_list":{"0":"post-513540","1":"post","2":"type-post","3":"status-publish","4":"format-standard","5":"has-post-thumbnail","7":"category-people","8":"tag-couple","9":"tag-divertissement","10":"tag-entertainment","11":"tag-fr","12":"tag-france","13":"tag-instagram","14":"tag-people","15":"tag-plainte"},"share_on_mastodon":{"url":"https:\/\/pubeurope.com\/@fr\/115497212615270729","error":""},"_links":{"self":[{"href":"https:\/\/www.europesays.com\/fr\/wp-json\/wp\/v2\/posts\/513540","targetHints":{"allow":["GET"]}}],"collection":[{"href":"https:\/\/www.europesays.com\/fr\/wp-json\/wp\/v2\/posts"}],"about":[{"href":"https:\/\/www.europesays.com\/fr\/wp-json\/wp\/v2\/types\/post"}],"author":[{"embeddable":true,"href":"https:\/\/www.europesays.com\/fr\/wp-json\/wp\/v2\/users\/2"}],"replies":[{"embeddable":true,"href":"https:\/\/www.europesays.com\/fr\/wp-json\/wp\/v2\/comments?post=513540"}],"version-history":[{"count":0,"href":"https:\/\/www.europesays.com\/fr\/wp-json\/wp\/v2\/posts\/513540\/revisions"}],"wp:featuredmedia":[{"embeddable":true,"href":"https:\/\/www.europesays.com\/fr\/wp-json\/wp\/v2\/media\/513541"}],"wp:attachment":[{"href":"https:\/\/www.europesays.com\/fr\/wp-json\/wp\/v2\/media?parent=513540"}],"wp:term":[{"taxonomy":"category","embeddable":true,"href":"https:\/\/www.europesays.com\/fr\/wp-json\/wp\/v2\/categories?post=513540"},{"taxonomy":"post_tag","embeddable":true,"href":"https:\/\/www.europesays.com\/fr\/wp-json\/wp\/v2\/tags?post=513540"}],"curies":[{"name":"wp","href":"https:\/\/api.w.org\/{rel}","templated":true}]}}