{"id":513548,"date":"2025-11-05T13:03:22","date_gmt":"2025-11-05T13:03:22","guid":{"rendered":"https:\/\/www.europesays.com\/fr\/513548\/"},"modified":"2025-11-05T13:03:22","modified_gmt":"2025-11-05T13:03:22","slug":"retour-vers-le-futur-il-est-enfin-temps-de-celebrer-la-date-la-plus-importante-de-la-saga","status":"publish","type":"post","link":"https:\/\/www.europesays.com\/fr\/513548\/","title":{"rendered":"Retour vers le Futur : il est enfin temps de c\u00e9l\u00e9brer la date la plus importante de la saga"},"content":{"rendered":"<p>La trilogie de SF, qui infuse la pop culture depuis d\u00e9j\u00e0 40 ans, f\u00eate un autre anniversaire, en ce 5 novembre 2025. Une date particuli\u00e8rement importante pour le personnage de Doc, et pour les fans de Retour vers le Futur.<\/p>\n<p>Le 3 juillet 1985, une DeLorean bouleversait totalement l\u2019histoire de la science-fiction, en d\u00e9barquant au cin\u00e9ma sans crier gare : celle de <a href=\"https:\/\/www.numerama.com\/films\/retour-vers-le-futur\/\" target=\"_blank\" rel=\"noopener\">Retour vers le Futur<\/a>, bien s\u00fbr. Quarante ans plus tard, la saga de SF continue d\u2019influencer toute la pop culture et n\u2019a absolument pas perdu de son aura. Mais cette ann\u00e9e, Doc et Marty c\u00e9l\u00e8brent une autre date cruciale : celle de l\u2019invention du voyage dans le temps.<\/p>\n<\/p>\n<p>            Ce contenu est bloqu\u00e9 car vous n\u2019avez pas accept\u00e9 les cookies et autres traceurs. Ce contenu est fourni par YouTube.<br \/>Pour pouvoir le visualiser, vous devez accepter l\u2019usage \u00e9tant op\u00e9r\u00e9 par YouTube avec vos donn\u00e9es qui pourront \u00eatre utilis\u00e9es pour les finalit\u00e9s suivantes : vous permettre de visualiser et de partager des contenus avec des m\u00e9dias sociaux, favoriser le d\u00e9veloppement et l\u2019am\u00e9lioration des produits d\u2019Humanoid et de ses partenaires, vous afficher des publicit\u00e9s personnalis\u00e9es par rapport \u00e0 votre profil et activit\u00e9, vous d\u00e9finir un profil publicitaire personnalis\u00e9, mesurer la performance des publicit\u00e9s et du contenu de ce site et mesurer l\u2019audience de ce site <a href=\"#\" class=\"js-privacy\" target=\"_blank\">(en savoir plus)<\/a>        <\/p>\n<p>            En cliquant sur \u00ab J\u2019accepte tout \u00bb, vous consentez aux finalit\u00e9s susmentionn\u00e9es pour l\u2019ensemble des cookies et autres traceurs d\u00e9pos\u00e9s par Humanoid et <a class=\"embed-consent-overlay-vendors-link\" href=\"#preferences-vendeurs\">ses partenaires<\/a>.        <\/p>\n<p>            Vous gardez la possibilit\u00e9 de retirer votre consentement \u00e0 tout moment. Pour plus d\u2019informations, nous vous invitons \u00e0 prendre connaissance de notre <a href=\"https:\/\/www.numerama.com\/politique-cookies\" target=\"_blank\" rel=\"noopener\">Politique cookies<\/a>.        <\/p>\n<p>        J\u2019accepte tout    <\/p>\n<p class=\"embed-consent-overlay-manage-choices\">        <a href=\"#preferences-publicitaires\">G\u00e9rer mes choix<\/a>    <\/p>\n<p>Une date \u00e0 \u00ab marquer au fer rouge \u00bb<\/p>\n<p>Le 5 novembre 1955, Emmett Brown a ainsi invent\u00e9 la machine \u00e0 voyager dans le temps en\u2026 tombant de ses toilettes, avec une horloge dans la main. C\u2019est \u00e0 cette occasion, en se frappant la t\u00eate par accident, qu\u2019il a eu une vision : celle du convecteur temporel, qu\u2019il utilisera ensuite pour modifier la DeLorean. Il s\u2019agit \u00e9galement de la date \u00e0 laquelle Marty McFly va ensuite voyager, gr\u00e2ce \u00e0 cette merveilleuse machine, pour \u00e9chapper \u00e0 des terroristes libyens.<\/p>\n<p>Une grande partie de l\u2019intrigue du premier volet de Retour vers le Futur se passe donc \u00e0 cette p\u00e9riode, alors que Marty tente de tout faire pour provoquer la rencontre entre ses parents, afin de ne pas dispara\u00eetre. C\u2019est ainsi que Doc pourra voir sa propre invention, 30 ans avant de la mettre v\u00e9ritablement au point, en utilisant l\u2019int\u00e9gralit\u00e9 de sa fortune familiale.<\/p>\n<p><a href=\"https:\/\/www.numerama.com\/wp-content\/uploads\/2025\/11\/images.jpeg\" target=\"_blank\" rel=\"noopener\"><img decoding=\"async\" width=\"1024\" height=\"393\" loading=\"lazy\" alt=\"La fameuse date cruciale de Retour vers le Futur \/\/ Source : Universal Pictures\" title=\"La fameuse date cruciale de Retour vers le Futur \/\/ Source : Universal Pictures\" class=\"wp-image-2110609 placeholder-default wp-image\" src=\"https:\/\/www.europesays.com\/fr\/wp-content\/uploads\/2025\/11\/images-1024x393.jpeg\" \/><\/a>La fameuse date cruciale de Retour vers le Futur. \/\/ Source : Universal Pictures<\/p>\n<p>Une date cruciale, donc, que le personnage incarn\u00e9 par Christopher Lloyd d\u00e9crit comme un moment \u00ab de l\u2019histoire des sciences \u00e0 marquer au fer rouge \u00bb. Soixante-dix ans plus tard, il s\u2019agit surtout d\u2019un jour parfait pour les fans, qui peuvent c\u00e9l\u00e9brer leur amour de la saga, avec un \u00e9ni\u00e8me visionnage du premier film (ou m\u00eame de la trilogie toute enti\u00e8re).<\/p>\n<p>\u00c0 noter que 2025 marque \u00e9galement les 40 ans de la sortie de Retour vers le Futur, au cin\u00e9ma. Pour l\u2019occasion, la trilogie de Robert Zemeckis s\u2019invite \u00e0 nouveau dans les salles obscures, et notamment dans les complexes <a target=\"_blank\" href=\"https:\/\/www.pathe.fr\/\" rel=\"noopener\">du groupe Path\u00e9<\/a>, en France. De nombreux produits d\u00e9riv\u00e9s in\u00e9dits, dont des chaussures, des figurines Pop, des guitares, des jeux et des Legos, ont aussi \u00e9t\u00e9 <a target=\"_blank\" href=\"https:\/\/www.backtothefuture.com\/news\/2025\/10\/14\/back-to-the-future-commemorates-40th-anniversary\" rel=\"noopener\">d\u00e9voil\u00e9s par Universal<\/a>. Pr\u00eats \u00e0 voyager \u00e0 nouveau \u00e0 88 miles \u00e0 l\u2019heure ?<\/p>\n<p>    Pour aller plus loin<\/p>\n<p>                <img decoding=\"async\" width=\"87\" height=\"87\" loading=\"lazy\" alt=\"Spider-Man \/\/ Source : Marvel\" title=\"Spider-Man \/\/ Source : Marvel\" class=\"placeholder-default wp-image\" src=\"https:\/\/www.europesays.com\/fr\/wp-content\/uploads\/2025\/11\/spiderman-120x120.jpg\" \/>            <\/p>\n<p>                        <a href=\"https:\/\/www.numerama.com\/films\/retour-vers-le-futur\/\" class=\"is-block\" target=\"_blank\" rel=\"noopener\"><br \/>\n                            <img decoding=\"async\" width=\"350\" height=\"210\" loading=\"lazy\" alt=\"Une part de l'intrigue de Retour vers le Futur repose aussi sur les \u00e9tranget\u00e9s possibles du voyage dans le temps. \/\/ Source : Film de Robert Zemeckis\" title=\"Une part de l'intrigue de Retour vers le Futur repose aussi sur les \u00e9tranget\u00e9s possibles du voyage dans le temps. \/\/ Source : Film de Robert Zemeckis\" class=\"is-block is-radiused placeholder-default wp-image\" src=\"https:\/\/www.europesays.com\/fr\/wp-content\/uploads\/2025\/11\/slider-retour-vers-le-futur-680x383.png\" \/>                        <\/a><\/p>\n<p>            <img decoding=\"async\" src=\"https:\/\/www.europesays.com\/fr\/wp-content\/uploads\/2025\/04\/iPhone-16-pro.png\" alt=\"Toute l'actu tech en un clien d'oeil\"\/><\/p>\n<p class=\"card-install-pwa__title\">Toute l&rsquo;actu tech en un clin d&rsquo;\u0153il<\/p>\n<p class=\"card-install-pwa__description\">Ajoutez Numerama \u00e0 votre \u00e9cran d&rsquo;accueil et restez connect\u00e9s au futur !<\/p>\n<p>            <img decoding=\"async\" src=\"https:\/\/www.numerama.com\/wp-content\/themes\/numerama-next\/assets\/images\/premium\/logo-card-pwa-coupe.svg\" alt=\"Logo PWA\"\/><\/p>\n<p>       Installer Numerama<\/p>\n","protected":false},"excerpt":{"rendered":"La trilogie de SF, qui infuse la pop culture depuis d\u00e9j\u00e0 40 ans, f\u00eate un autre anniversaire, en&hellip;\n","protected":false},"author":2,"featured_media":513549,"comment_status":"","ping_status":"","sticky":false,"template":"","format":"standard","meta":{"footnotes":""},"categories":[1354],"tags":[650,58,59,2081,1346,1011,27,1360,17894],"class_list":{"0":"post-513548","1":"post","2":"type-post","3":"status-publish","4":"format-standard","5":"has-post-thumbnail","7":"category-films","8":"tag-cinema","9":"tag-divertissement","10":"tag-entertainment","11":"tag-film","12":"tag-films","13":"tag-fr","14":"tag-france","15":"tag-movies","16":"tag-retour-vers-le-futur"},"share_on_mastodon":{"url":"https:\/\/pubeurope.com\/@fr\/115497233287071138","error":""},"_links":{"self":[{"href":"https:\/\/www.europesays.com\/fr\/wp-json\/wp\/v2\/posts\/513548","targetHints":{"allow":["GET"]}}],"collection":[{"href":"https:\/\/www.europesays.com\/fr\/wp-json\/wp\/v2\/posts"}],"about":[{"href":"https:\/\/www.europesays.com\/fr\/wp-json\/wp\/v2\/types\/post"}],"author":[{"embeddable":true,"href":"https:\/\/www.europesays.com\/fr\/wp-json\/wp\/v2\/users\/2"}],"replies":[{"embeddable":true,"href":"https:\/\/www.europesays.com\/fr\/wp-json\/wp\/v2\/comments?post=513548"}],"version-history":[{"count":0,"href":"https:\/\/www.europesays.com\/fr\/wp-json\/wp\/v2\/posts\/513548\/revisions"}],"wp:featuredmedia":[{"embeddable":true,"href":"https:\/\/www.europesays.com\/fr\/wp-json\/wp\/v2\/media\/513549"}],"wp:attachment":[{"href":"https:\/\/www.europesays.com\/fr\/wp-json\/wp\/v2\/media?parent=513548"}],"wp:term":[{"taxonomy":"category","embeddable":true,"href":"https:\/\/www.europesays.com\/fr\/wp-json\/wp\/v2\/categories?post=513548"},{"taxonomy":"post_tag","embeddable":true,"href":"https:\/\/www.europesays.com\/fr\/wp-json\/wp\/v2\/tags?post=513548"}],"curies":[{"name":"wp","href":"https:\/\/api.w.org\/{rel}","templated":true}]}}