{"id":513561,"date":"2025-11-05T13:10:12","date_gmt":"2025-11-05T13:10:12","guid":{"rendered":"https:\/\/www.europesays.com\/fr\/513561\/"},"modified":"2025-11-05T13:10:12","modified_gmt":"2025-11-05T13:10:12","slug":"mercosur-les-deputes-lr-demandent-a-sebastien-lecornu-lorganisation-de-toute-urgence-dun-vote-a-lassemblee","status":"publish","type":"post","link":"https:\/\/www.europesays.com\/fr\/513561\/","title":{"rendered":"Mercosur\u00a0:\u00a0les d\u00e9put\u00e9s LR demandent \u00e0 S\u00e9bastien Lecornu l\u2019organisation \u00abde toute urgence\u00bb d\u2019un vote \u00e0 l\u2019Assembl\u00e9e"},"content":{"rendered":"<p>\n    <strong>INFO LE FIGARO &#8211; <\/strong>\u00c0 l\u2019initiative de Laurent Wauquiez et Fabien Di Filippo, les d\u00e9put\u00e9s du groupe Droite r\u00e9publicaine ont envoy\u00e9 un courrier au premier ministre. Ils r\u00e9clament un vote \u00abau plus vite\u00bb et que \u00abtoute signature du trait\u00e9 soit rejet\u00e9e et condamn\u00e9e d\u2019ici l\u00e0\u00bb.<\/p>\n<p class=\"fig-paragraph\">Pendant que l\u2019ex\u00e9cutif temporise, les d\u00e9put\u00e9s eux, veulent freiner des quatre fers. Alors que le ministre d\u00e9l\u00e9gu\u00e9 charg\u00e9 de l\u2019Europe,\u00a0<a href=\"https:\/\/www.lefigaro.fr\/auteur\/benjamin-haddad\" target=\"_blank\" rel=\"sponsored noopener\" data-gtm-custom-categorie=\"navigation\" data-gtm-custom-action=\"crossclick\" data-gtm-custom-label=\"Contextuel\" data-gtm-event=\"customEventSPE\">Benjamin Haddad<\/a>, a d\u00e9clar\u00e9, il y a quelques jours, que la clause de sauvegarde, cens\u00e9e<a href=\"http:\/\/www.lefigaro.fr\/flash-eco\/mercosur-mort-a-coup-sur-la-confederation-paysanne-marche-contre-le-libre-echange-20251014\" data-fig-type=\"NewsFlash\" data-gtm-custom-categorie=\"navigation\" data-gtm-custom-action=\"crossclick\" data-gtm-custom-label=\"Contextuel\" data-gtm-event=\"customEventSPE\" data-fig-domain=\"LEFIGARO\" target=\"_blank\" rel=\"noopener\">\u00a0prot\u00e9ger les secteurs agricoles<\/a>, doit d\u2019abord \u00eatre \u00abadopt\u00e9e et reconnue par les pays du Mercosur avant toute signature de l\u2019accord\u00bb, plusieurs groupes parlementaires poussent pour que l\u2019Assembl\u00e9e nationale se prononce sur le sujet de la ratification de\u00a0<a href=\"https:\/\/www.lefigaro.fr\/tag\/mercosur\" target=\"_blank\" rel=\"sponsored noopener\" data-gtm-custom-categorie=\"navigation\" data-gtm-custom-action=\"crossclick\" data-gtm-custom-label=\"Contextuel\" data-gtm-event=\"customEventSPE\">ce trait\u00e9 de libre-\u00e9change<\/a>. Selon nos informations, le groupe Droite r\u00e9publicaine a envoy\u00e9 ce mercredi matin \u00e0 S\u00e9bastien Lecornu une lettre pour signifier l\u2019opposition de leur groupe \u00e0 cet accord de libre-\u00e9change entre l\u2019Union europ\u00e9enne et les quatre pays du Mercosur.<\/p>\n<p class=\"fig-paragraph\">Une missive r\u00e9dig\u00e9e \u00e0 l\u2019initiative du pr\u00e9sident des LR \u00e0 l\u2019Assembl\u00e9e,\u00a0<a href=\"https:\/\/www.lefigaro.fr\/tag\/laurent-wauquiez\" target=\"_blank\" rel=\"sponsored noopener\" data-gtm-custom-categorie=\"navigation\" data-gtm-custom-action=\"crossclick\" data-gtm-custom-label=\"Contextuel\" data-gtm-event=\"customEventSPE\">Laurent Wauquiez<\/a>, et du d\u00e9put\u00e9 Fabien Di Filippo, dans laquelle les \u00e9lus de droite demandent \u00abde toute urgence qu\u2019un vote puisse avoir lieu au plus vite au Parlement concernant cet accord\u2026<\/p>\n<p class=\"fig-premium-paywall__infos\">\n        Cet article est r\u00e9serv\u00e9 aux abonn\u00e9s.        Il vous reste 68% \u00e0 d\u00e9couvrir.\n    <\/p>\n<p>                <img  data- alt=\"Le Figaro\" class=\"fig-img--complete fig-img\"\/><\/p>\n<p class=\"fig-premium-paywall__title\">Vous avez envie de lire la suite ?<\/p>\n<p class=\"fig-premium-paywall__subtitle\">D\u00e9bloquez tous les articles imm\u00e9diatement.<\/p>\n<p class=\"fig-premium-paywall__connect\">\n                D\u00e9j\u00e0 abonn\u00e9\u00a0?                <a class=\"fig-premium-paywall__connect-link\" href=\"https:\/\/connect.lefigaro.fr\/login?client=horizon_web&amp;type=main&amp;redirect_uri=https%3A%2F%2Fwww.lefigaro.fr%2Fpolitique%2Fmercosur-les-deputes-lr-demandent-a-lecornu-l-organisation-de-toute-urgence-d-un-vote-a-l-assemblee-20251105\" data-js-gtm=\"{&quot;customCategorie&quot;: &quot;conversion&quot;, &quot;customAction&quot;: &quot;before_Landing_Connexion_paywall_auto&quot;, &quot;customLabel&quot;: &quot;bGVmaWdhcm8uZnJfXzFmMGJhMjNhLTI2YzctNmVlOC1iZjExLWMzNzEyYmYyYjlkMV9fTmV3c0ZsYXNo_Mercosur\u00a0:\u00a0les d\u00e9put\u00e9s LR demandent \u00e0 S\u00e9bastien Lecornu l\u2019organisation \u00abde toute urgence\u00bb d\u2019un vote \u00e0 l\u2019Assembl\u00e9e_257&quot;, &quot;customIDSPE&quot;: &quot;bGVmaWdhcm8uZnJfXzFmMGJhMjNhLTI2YzctNmVlOC1iZjExLWMzNzEyYmYyYjlkMV9fTmV3c0ZsYXNo&quot;, &quot;event&quot;: &quot;customEventSPE&quot;}\" target=\"_blank\" rel=\"noopener\"><br \/>\n                    Connectez-vous<br \/>\n                <\/a>\n            <\/p>\n","protected":false},"excerpt":{"rendered":"INFO LE FIGARO &#8211; \u00c0 l\u2019initiative de Laurent Wauquiez et Fabien Di Filippo, les d\u00e9put\u00e9s du groupe Droite&hellip;\n","protected":false},"author":2,"featured_media":513562,"comment_status":"","ping_status":"","sticky":false,"template":"","format":"standard","meta":{"footnotes":""},"categories":[4],"tags":[11,416,1011,27,5639,6319,21426,12,25],"class_list":{"0":"post-513561","1":"post","2":"type-post","3":"status-publish","4":"format-standard","5":"has-post-thumbnail","7":"category-france","8":"tag-actualites","9":"tag-assemblee-nationale","10":"tag-fr","11":"tag-france","12":"tag-laurent-wauquiez","13":"tag-les-republicains","14":"tag-mercosur","15":"tag-news","16":"tag-republique-francaise"},"share_on_mastodon":{"url":"https:\/\/pubeurope.com\/@fr\/115497259771747119","error":""},"_links":{"self":[{"href":"https:\/\/www.europesays.com\/fr\/wp-json\/wp\/v2\/posts\/513561","targetHints":{"allow":["GET"]}}],"collection":[{"href":"https:\/\/www.europesays.com\/fr\/wp-json\/wp\/v2\/posts"}],"about":[{"href":"https:\/\/www.europesays.com\/fr\/wp-json\/wp\/v2\/types\/post"}],"author":[{"embeddable":true,"href":"https:\/\/www.europesays.com\/fr\/wp-json\/wp\/v2\/users\/2"}],"replies":[{"embeddable":true,"href":"https:\/\/www.europesays.com\/fr\/wp-json\/wp\/v2\/comments?post=513561"}],"version-history":[{"count":0,"href":"https:\/\/www.europesays.com\/fr\/wp-json\/wp\/v2\/posts\/513561\/revisions"}],"wp:featuredmedia":[{"embeddable":true,"href":"https:\/\/www.europesays.com\/fr\/wp-json\/wp\/v2\/media\/513562"}],"wp:attachment":[{"href":"https:\/\/www.europesays.com\/fr\/wp-json\/wp\/v2\/media?parent=513561"}],"wp:term":[{"taxonomy":"category","embeddable":true,"href":"https:\/\/www.europesays.com\/fr\/wp-json\/wp\/v2\/categories?post=513561"},{"taxonomy":"post_tag","embeddable":true,"href":"https:\/\/www.europesays.com\/fr\/wp-json\/wp\/v2\/tags?post=513561"}],"curies":[{"name":"wp","href":"https:\/\/api.w.org\/{rel}","templated":true}]}}