{"id":513563,"date":"2025-11-05T13:11:11","date_gmt":"2025-11-05T13:11:11","guid":{"rendered":"https:\/\/www.europesays.com\/fr\/513563\/"},"modified":"2025-11-05T13:11:11","modified_gmt":"2025-11-05T13:11:11","slug":"vers-un-banc-en-6-2-sans-alldritt-pour-defier-les-springboks","status":"publish","type":"post","link":"https:\/\/www.europesays.com\/fr\/513563\/","title":{"rendered":"vers un banc en 6-2 sans Alldritt pour d\u00e9fier les Springboks"},"content":{"rendered":"<p>\n    Le dernier entra\u00eenement ouvert \u00e0 la presse, ce mercredi, a livr\u00e9 les derni\u00e8res indications sur la composition d\u2019\u00e9quipe des Bleus pour le choc de samedi face aux doubles champions du monde sud-africains.<\/p>\n<p class=\"fig-paragraph\">C\u2019est jeudi \u00e0 11 heures que Fabien Galthi\u00e9 livrera sa composition d\u2019\u00e9quipe pour les retrouvailles \u00e9lectriques de samedi (21h10), au Stade de France, face aux Springboks doubles champions du monde en titre. Si les titulaires \u00e9taient connus au vu des premiers entra\u00eenements de la semaine\u00a0<a href=\"http:\/\/www.lefigaro.fr\/sports\/rugby\/xv-de-france\/xv-de-france-fickou-capitaine-le-garrec-et-guillard-titulaires-la-compo-face-a-l-afrique-du-sud-20251104\" target=\"_blank\" data-fig-type=\"NewsFlash\" rel=\"noopener\" data-gtm-custom-categorie=\"navigation\" data-gtm-custom-action=\"crossclick\" data-gtm-custom-label=\"Contextuel\" data-gtm-event=\"customEventSPE\" data-fig-domain=\"LEFIGARO\">(avec notamment Nolann Le\u00a0Garrec \u00e0 la m\u00eal\u00e9e et Micka\u00ebl Guillard en num\u00e9ro 8)<\/a>, il restait des interrogations sur la composition du banc des rempla\u00e7ants.<\/p>\n<p class=\"fig-paragraph\">La question \u00e9tait de savoir &#8211; avant que l\u2019Afrique du Sud ne d\u00e9voile son \u00e9quipe jeudi en d\u00e9but d\u2019apr\u00e8s-midi &#8211; si Fabien Galthi\u00e9 et son staff allaient opter pour un banc en 6-2 (six avants, deux arri\u00e8res) ou en 7-1, une option puissance r\u00e9guli\u00e8rement utilis\u00e9e par les Sud-Africains.<\/p>\n<p>                                    <a class=\"fig-a11y-skip a11y-hidden\" href=\"#fig-a11y-skip-main-inarticle\"><br \/>\n        Passer la publicit\u00e9<br \/>\n    <\/a><\/p>\n<p class=\"fig-paragraph\">Selon les derni\u00e8res indications de ce mercredi, c\u2019est avec un banc en 6-2 que le XV de France devrait d\u00e9buter \u00e0 Saint-Denis. Comme attendu, le talonneur Guillaume Cramont (Toulouse) devrait honorer sa premi\u00e8re s\u00e9lection), aux c\u00f4t\u00e9s du gaucher Jean-Baptiste Gros (Toulon) et du droitier Dorian Aldegheri (Toulouse). Habituels finisseurs, Romain Taofifenua (Racing 92) et Oscar Jegou (La Rochelle) entreront en cours de jeu face aux rugueux Boks.<\/p>\n<p class=\"fig-paragraph\">La principale interrogation \u00e9tait de savoir si Fabien Galthi\u00e9 et ses adjoints allaient se passer du troisi\u00e8me-ligne centre\u00a0<a href=\"http:\/\/www.lefigaro.fr\/sports\/rugby\/top-14\/top-14-gregory-alldritt-un-declassement-qui-interroge-et-un-sursaut-d-orgueil-attendu-20251102\" target=\"_blank\" data-fig-type=\"NewsFlash\" rel=\"noopener\" data-gtm-custom-categorie=\"navigation\" data-gtm-custom-action=\"crossclick\" data-gtm-custom-label=\"Contextuel\" data-gtm-event=\"customEventSPE\" data-fig-domain=\"LEFIGARO\">Gr\u00e9gory Alldritt<\/a>\u00a0(La Rochelle), en difficult\u00e9 cette saison. Cela devrait \u00eatre le cas. C\u2019est le deuxi\u00e8me-ligne Hugo Auradou (Pau), qui portait ce mercredi une chasuble blanche du groupe des 23 pr\u00e9sents sur la feuille de match et qui devrait \u00eatre sur le banc. Maxime Lucu, qui a retrouv\u00e9 la comp\u00e9tition r\u00e9cemment, d\u00e9butera \u00e9galement parmi les finisseurs, tout comme son co\u00e9quipier \u00e0 l\u2019UBB, le centre Nicolas Depoort\u00e8re, \u00e9galement avec une chasuble blanche. Le staff tricolore annoncera cet apr\u00e8s-midi les 14 joueurs qui seront lib\u00e9r\u00e9s, on pourra en d\u00e9duire les noms des cinq r\u00e9servistes. On saura si Gr\u00e9gory Alldritt et Charles Ollivon postuleront samedi pour le match en retard entre Toulon et La Rochelle en Top 14.<\/p>\n<p class=\"fig-paragraph\"><strong>La compo probable des Bleus<\/strong><\/p>\n<p class=\"fig-paragraph\">Ramos &#8211; Penaud, Barassi, Fickou, Bielle-Biarrey &#8211; (o) Ntamack, (m), Le Garrec &#8211; Boudehent, Guillard, Jelonch &#8211; Meafou, Flament &#8211; Montane, Marchand, Erdocio<br \/>Rempla\u00e7ants\u00a0: Cramont, Gros, Aldegheri, Taofifenua, Auradou, Jegou, Lucu, Depoort\u00e8re<\/p>\n","protected":false},"excerpt":{"rendered":"Le dernier entra\u00eenement ouvert \u00e0 la presse, ce mercredi, a livr\u00e9 les derni\u00e8res indications sur la composition d\u2019\u00e9quipe&hellip;\n","protected":false},"author":2,"featured_media":513564,"comment_status":"","ping_status":"","sticky":false,"template":"","format":"standard","meta":{"footnotes":""},"categories":[2],"tags":[2306,47,11,525,3984,451,64,1011,27,1922,9414,12,1980,479,2259,2307,513],"class_list":{"0":"post-513563","1":"post","2":"type-post","3":"status-publish","4":"format-standard","5":"has-post-thumbnail","7":"category-actualites","8":"tag-6-nations","9":"tag-actualite","10":"tag-actualites","11":"tag-calendrier","12":"tag-composition","13":"tag-coupe-du-monde","14":"tag-equipe-de-france","15":"tag-fr","16":"tag-france","17":"tag-info","18":"tag-marcoussis","19":"tag-news","20":"tag-resultats","21":"tag-rugby","22":"tag-score","23":"tag-six-nations","24":"tag-xv-de-france"},"share_on_mastodon":{"url":"https:\/\/pubeurope.com\/@fr\/115497263763942317","error":""},"_links":{"self":[{"href":"https:\/\/www.europesays.com\/fr\/wp-json\/wp\/v2\/posts\/513563","targetHints":{"allow":["GET"]}}],"collection":[{"href":"https:\/\/www.europesays.com\/fr\/wp-json\/wp\/v2\/posts"}],"about":[{"href":"https:\/\/www.europesays.com\/fr\/wp-json\/wp\/v2\/types\/post"}],"author":[{"embeddable":true,"href":"https:\/\/www.europesays.com\/fr\/wp-json\/wp\/v2\/users\/2"}],"replies":[{"embeddable":true,"href":"https:\/\/www.europesays.com\/fr\/wp-json\/wp\/v2\/comments?post=513563"}],"version-history":[{"count":0,"href":"https:\/\/www.europesays.com\/fr\/wp-json\/wp\/v2\/posts\/513563\/revisions"}],"wp:featuredmedia":[{"embeddable":true,"href":"https:\/\/www.europesays.com\/fr\/wp-json\/wp\/v2\/media\/513564"}],"wp:attachment":[{"href":"https:\/\/www.europesays.com\/fr\/wp-json\/wp\/v2\/media?parent=513563"}],"wp:term":[{"taxonomy":"category","embeddable":true,"href":"https:\/\/www.europesays.com\/fr\/wp-json\/wp\/v2\/categories?post=513563"},{"taxonomy":"post_tag","embeddable":true,"href":"https:\/\/www.europesays.com\/fr\/wp-json\/wp\/v2\/tags?post=513563"}],"curies":[{"name":"wp","href":"https:\/\/api.w.org\/{rel}","templated":true}]}}