{"id":513569,"date":"2025-11-05T13:14:19","date_gmt":"2025-11-05T13:14:19","guid":{"rendered":"https:\/\/www.europesays.com\/fr\/513569\/"},"modified":"2025-11-05T13:14:19","modified_gmt":"2025-11-05T13:14:19","slug":"un-bastion-protecteur-unique-en-son-genre","status":"publish","type":"post","link":"https:\/\/www.europesays.com\/fr\/513569\/","title":{"rendered":"un bastion protecteur unique en son genre"},"content":{"rendered":"<p>Elle en impose, sur son \u00eelot rien que pour elle. La Maison des femmes (MdF), surplomb\u00e9e de sa monumentale charpente de bois, a ouvert ses portes ce lundi 3\u00a0novembre. <a href=\"https:\/\/www.estrepublicain.fr\/societe\/2025\/01\/03\/la-maison-pour-accompagner-les-femmes-victimes-de-violences-devrait-ouvrir-cet-ete\" target=\"_blank\" rel=\"noopener\">D\u00e9gag\u00e9e des modules de chantier qui l\u2019ont bord\u00e9e durant onze mois de travaux,<\/a> la b\u00e2tisse aux \u00e9pais murs de pierre du XIXe \ufeff\u00a0si\u00e8cle a pris des airs de bastion imprenable. Son aust\u00e9rit\u00e9 de fa\u00e7ade s\u2019av\u00e8re \u00e0 l\u2019extr\u00eame oppos\u00e9 de la douce atmosph\u00e8re de ses espaces int\u00e9rieurs.<\/p>\n<p>Qu\u2019on y p\u00e9n\u00e8tre par le 54 rue Charles-III, <a href=\"https:\/\/www.estrepublicain.fr\/societe\/2020\/10\/13\/violences-faites-aux-femmes-une-maison-sous-trois-ans\" target=\"_blank\" rel=\"noopener\">qui lui donne son adresse officielle,<\/a> ou par la plus discr\u00e8te rue des Fabriques, une fois dedans la d\u00e9co apaise en quelques instants. Sur le parquet clair, les tapis beige \u00e0 gris taupe donnent de la rondeur aux espaces qu\u2019ils dessinent. De pi\u00e8ce en pi\u00e8ce, menuiseries, canap\u00e9s,&#8230;<\/p>\n","protected":false},"excerpt":{"rendered":"Elle en impose, sur son \u00eelot rien que pour elle. La Maison des femmes (MdF), surplomb\u00e9e de sa&hellip;\n","protected":false},"author":2,"featured_media":513570,"comment_status":"","ping_status":"","sticky":false,"template":"","format":"standard","meta":{"footnotes":""},"categories":[9635],"tags":[1111,11,1707,1704,1706,1705,1777,674,6757,1011,27,775,3457,1702,1703,12,25,104],"class_list":{"0":"post-513569","1":"post","2":"type-post","3":"status-publish","4":"format-standard","5":"has-post-thumbnail","7":"category-nancy","8":"tag-actu","9":"tag-actualites","10":"tag-edition-luneville","11":"tag-edition-nancy-et-agglomeration","12":"tag-edition-pont-a-mousson","13":"tag-edition-toul","14":"tag-eu","15":"tag-europe","16":"tag-feminisme","17":"tag-fr","18":"tag-france","19":"tag-grand-est","20":"tag-meurthe-et-moselle","21":"tag-nancy","22":"tag-nancy-ville-54b","23":"tag-news","24":"tag-republique-francaise","25":"tag-societe"},"share_on_mastodon":{"url":"https:\/\/pubeurope.com\/@fr\/115497275685531974","error":""},"_links":{"self":[{"href":"https:\/\/www.europesays.com\/fr\/wp-json\/wp\/v2\/posts\/513569","targetHints":{"allow":["GET"]}}],"collection":[{"href":"https:\/\/www.europesays.com\/fr\/wp-json\/wp\/v2\/posts"}],"about":[{"href":"https:\/\/www.europesays.com\/fr\/wp-json\/wp\/v2\/types\/post"}],"author":[{"embeddable":true,"href":"https:\/\/www.europesays.com\/fr\/wp-json\/wp\/v2\/users\/2"}],"replies":[{"embeddable":true,"href":"https:\/\/www.europesays.com\/fr\/wp-json\/wp\/v2\/comments?post=513569"}],"version-history":[{"count":0,"href":"https:\/\/www.europesays.com\/fr\/wp-json\/wp\/v2\/posts\/513569\/revisions"}],"wp:featuredmedia":[{"embeddable":true,"href":"https:\/\/www.europesays.com\/fr\/wp-json\/wp\/v2\/media\/513570"}],"wp:attachment":[{"href":"https:\/\/www.europesays.com\/fr\/wp-json\/wp\/v2\/media?parent=513569"}],"wp:term":[{"taxonomy":"category","embeddable":true,"href":"https:\/\/www.europesays.com\/fr\/wp-json\/wp\/v2\/categories?post=513569"},{"taxonomy":"post_tag","embeddable":true,"href":"https:\/\/www.europesays.com\/fr\/wp-json\/wp\/v2\/tags?post=513569"}],"curies":[{"name":"wp","href":"https:\/\/api.w.org\/{rel}","templated":true}]}}