{"id":513571,"date":"2025-11-05T13:15:20","date_gmt":"2025-11-05T13:15:20","guid":{"rendered":"https:\/\/www.europesays.com\/fr\/513571\/"},"modified":"2025-11-05T13:15:20","modified_gmt":"2025-11-05T13:15:20","slug":"jarville-et-las-nancy-lorraine-devront-se-deplacer","status":"publish","type":"post","link":"https:\/\/www.europesays.com\/fr\/513571\/","title":{"rendered":"Jarville et l\u2019AS Nancy-Lorraine devront se d\u00e9placer"},"content":{"rendered":"<p>Tirage au sort des finales r\u00e9gionales<\/p>\n<p>Ce mercredi, \u00e0 Houdemont<\/p>\n<p>C\u2019est du c\u00f4t\u00e9 du magasin Intersport de Houdemont, enseigne partenaire, que la Ligue du Grand Est avait pos\u00e9 ses cam\u00e9ras pour r\u00e9aliser le tirage au sort des finales r\u00e9gionales de la Coupe Gambardella ce mercredi midi. R\u00e9alis\u00e9 notamment par Bruno Poirson, ancien attaquant de l\u2019ASNL <a href=\"https:\/\/www.estrepublicain.fr\/sport\/2024\/05\/24\/gambardella-la-derniere-finale-de-l-as-nancy-lorraine-en-1982-contre-auxerre-revisitee-par-bruno-poirson-l-un-des-joueurs-de-l-epoque\" target=\"_blank\" rel=\"noopener\">qui a disput\u00e9 la finale de cette \u00e9preuve mythique pour les jeunes en 1983<\/a> , il a offert deux d\u00e9placements pour les deux derniers repr\u00e9sentants meurthe-et-mosellans encore en piste, Jarville et Nancy.<\/p>\n<p>Les successeurs de l\u2019ancien Nanc\u00e9ien devront se rendre \u00e0 Colmar, \u00e9quipe\u00a0figurant dans l\u2019autre groupe de U18 R1, actuelle 6e\u00a0 du classement. Jouable pour les jeunes de Gaston Curbelo, <a href=\"https:\/\/www.estrepublicain.fr\/sport\/classement\/football\/regional-ligue-grand-est-u18-regional-1-poule-a\" target=\"_blank\" rel=\"noopener\">leaders invaincus de leur poule<\/a>. Pour les Jarvillois, il y aura aussi un coup \u00e0 faire \u00e0 Charleville\/Prix-l\u00e8s-M\u00e9zi\u00e8res, un adversaire qu\u2019ils retrouveront apr\u00e8s avoir fait 0-0 au match aller d\u00e9but octobre.<\/p>\n<p>Ce contenu est bloqu\u00e9 car vous n&rsquo;avez pas accept\u00e9 les cookies et autres traceurs.<\/p>\n<p>En cliquant sur \u00ab J\u2019accepte \u00bb, les cookies et autres traceurs seront d\u00e9pos\u00e9s et vous pourrez visualiser les contenus  (<a href=\"\" class=\"consentModule_policy\" target=\"_blank\" title=\"Consulter la politique de protection des donn\u00e9es du fournisseur\">plus d&rsquo;informations<\/a>).<\/p>\n<p>En cliquant sur \u00ab J\u2019accepte tous les cookies \u00bb, vous autorisez des d\u00e9p\u00f4ts de cookies et autres traceurs pour le stockage de vos donn\u00e9es sur nos sites et applications \u00e0 des fins de personnalisation et de ciblage publicitaire.<\/p>\n<p class=\"consentModule_secondaryText\">Vous gardez la possibilit\u00e9 de retirer votre consentement \u00e0 tout moment en consultant notre <a href=\"https:\/\/www.estrepublicain.fr\/protection-des-donnees\" target=\"_blank\" title=\"Consulter notre politique de protection des donn\u00e9es\" rel=\"noopener\">politique de protection des donn\u00e9es<\/a>. <br \/>&#13;<br \/>\n            <a href=\"https:\/\/www.estrepublicain.fr\/sport\/2025\/11\/05\/javascript:Didomi.notice.show()\" class=\"consentModule_cmp\" target=\"_blank\" rel=\"noopener\">G\u00e9rer mes choix<\/a>&#13;\n        <\/p>\n<p>&#13;<br \/>\n                        J&rsquo;accepte&#13;<br \/>\n            J&rsquo;accepte tous les cookies&#13;\n        <\/p>\n","protected":false},"excerpt":{"rendered":"Tirage au sort des finales r\u00e9gionales Ce mercredi, \u00e0 Houdemont C\u2019est du c\u00f4t\u00e9 du magasin Intersport de Houdemont,&hellip;\n","protected":false},"author":2,"featured_media":513572,"comment_status":"","ping_status":"","sticky":false,"template":"","format":"standard","meta":{"footnotes":""},"categories":[9635],"tags":[1111,11,3703,1704,1777,674,1701,63,1011,27,775,9648,1702,1703,12,25,517,1700],"class_list":{"0":"post-513571","1":"post","2":"type-post","3":"status-publish","4":"format-standard","5":"has-post-thumbnail","7":"category-nancy","8":"tag-actu","9":"tag-actualites","10":"tag-asnl","11":"tag-edition-nancy-et-agglomeration","12":"tag-eu","13":"tag-europe","14":"tag-fil-info-sport","15":"tag-football","16":"tag-fr","17":"tag-france","18":"tag-grand-est","19":"tag-jarville-la-malgrange","20":"tag-nancy","21":"tag-nancy-ville-54b","22":"tag-news","23":"tag-republique-francaise","24":"tag-sport","25":"tag-sport-lorrain"},"share_on_mastodon":{"url":"https:\/\/pubeurope.com\/@fr\/115497279339194499","error":""},"_links":{"self":[{"href":"https:\/\/www.europesays.com\/fr\/wp-json\/wp\/v2\/posts\/513571","targetHints":{"allow":["GET"]}}],"collection":[{"href":"https:\/\/www.europesays.com\/fr\/wp-json\/wp\/v2\/posts"}],"about":[{"href":"https:\/\/www.europesays.com\/fr\/wp-json\/wp\/v2\/types\/post"}],"author":[{"embeddable":true,"href":"https:\/\/www.europesays.com\/fr\/wp-json\/wp\/v2\/users\/2"}],"replies":[{"embeddable":true,"href":"https:\/\/www.europesays.com\/fr\/wp-json\/wp\/v2\/comments?post=513571"}],"version-history":[{"count":0,"href":"https:\/\/www.europesays.com\/fr\/wp-json\/wp\/v2\/posts\/513571\/revisions"}],"wp:featuredmedia":[{"embeddable":true,"href":"https:\/\/www.europesays.com\/fr\/wp-json\/wp\/v2\/media\/513572"}],"wp:attachment":[{"href":"https:\/\/www.europesays.com\/fr\/wp-json\/wp\/v2\/media?parent=513571"}],"wp:term":[{"taxonomy":"category","embeddable":true,"href":"https:\/\/www.europesays.com\/fr\/wp-json\/wp\/v2\/categories?post=513571"},{"taxonomy":"post_tag","embeddable":true,"href":"https:\/\/www.europesays.com\/fr\/wp-json\/wp\/v2\/tags?post=513571"}],"curies":[{"name":"wp","href":"https:\/\/api.w.org\/{rel}","templated":true}]}}