{"id":513578,"date":"2025-11-05T13:20:11","date_gmt":"2025-11-05T13:20:11","guid":{"rendered":"https:\/\/www.europesays.com\/fr\/513578\/"},"modified":"2025-11-05T13:20:11","modified_gmt":"2025-11-05T13:20:11","slug":"peintre-mousquetaire-qui-etait-charles-frechon-mis-a-lhonneur-dans-une-expo-inedite-a-rouen","status":"publish","type":"post","link":"https:\/\/www.europesays.com\/fr\/513578\/","title":{"rendered":"Peintre, \u00ab Mousquetaire \u00bb&#8230; qui \u00e9tait Charles Frechon mis \u00e0 l&rsquo;honneur dans une expo in\u00e9dite \u00e0 Rouen"},"content":{"rendered":"<p>            Par<br \/>\n        <strong><br \/>\n            <a href=\"https:\/\/actu.fr\/auteur\/jessie-leclerc\" title=\"Consulter tous les articles de Jessie Leclerc\" rel=\"nofollow noopener\" target=\"_blank\">Jessie Leclerc<\/a><br \/>\n        <\/strong><\/p>\n<p>        Publi\u00e9 le<\/p>\n<p>            5 nov. 2025 \u00e0 14h08        <\/p>\n<p>La Normandie, en particulier <a href=\"https:\/\/actu.fr\/normandie\/rouen_76540\" rel=\"nofollow noopener\" target=\"_blank\">Rouen (Seine-Maritime)<\/a>, est une terre de vedettes. Il y a les actuelles\u2009: Franck Dubosc, Thomas Pesquet, P\u00e9n\u00e9lope Lepr\u00e9vost, Keen\u2019V, Pierre Gasly, Petit Biscuit <a href=\"https:\/\/actu.fr\/normandie\/rouen_76540\/la-superstar-beyonce-aurait-elle-des-origines-a-rouen-la-question-se-pose_62630806.html\" rel=\"nofollow noopener\" target=\"_blank\">et m\u00eame\u2026 Beyonc\u00e9<\/a>\u2009! Mais il y a aussi des vedettes bien plus anciennes, presque oubli\u00e9es, pour la plupart des peintres ou des \u00e9crivains. <strong>Charles Frechon<\/strong> est l\u2019une d\u2019elles.<\/p>\n<p>Un Normand passionn\u00e9<\/p>\n<p class=\" wall-content\">\u00ab\u2009Un artiste singulier, sinc\u00e8re et profond\u00e9ment Normand.\u2009\u00bb Ainsi, Antoine Bertran, galeriste \u00e0 Rouen, r\u00e9sume Charles Frechon \u00e0 l\u2019occasion de <strong>l\u2019exposition in\u00e9dite<\/strong> que la Galerie Bertran lui consacre <strong>du 7\u00a0novembre 2025 au 17\u00a0janvier 2026<\/strong>.<\/p>\n<p class=\" wall-content\">Pr\u00e8s de 20 tableaux y retracent le parcours de ce peintre discret qui ne rentre dans aucune case, pilier de <strong>l\u2019\u00c9cole de Rouen<\/strong> et dont l\u2019\u0153uvre, sensible, r\u00e9unit diff\u00e9rentes techniques, couleurs et paysages.<\/p>\n<p class=\" wall-content\">Charles Frechon voit le jour en 1856 \u00e0 Blangy-sur-Bresle, aux confins de la Normandie et de la Picardie. Tr\u00e8s t\u00f4t, il met le cap vers Rouen. \u00c0 23 ans, il entre \u00e0 l\u2019<strong>Acad\u00e9mie de peinture et de dessin<\/strong> de la ville o\u00f9 il re\u00e7oit un enseignement solide, mais tr\u00e8s acad\u00e9mique. \u00ab\u2009Pour les professeurs, <a href=\"https:\/\/actu.fr\/normandie\/rouen_76540\/mangez-entre-les-chefs-d-oeuvre-du-musee-des-beaux-arts-de-rouen-avec-le-nouveau-restaurant-cafe-sculptures_62905797.html\" rel=\"nofollow noopener\" target=\"_blank\">l\u2019impressionnisme<\/a> c\u2019\u00e9tait une gangr\u00e8ne. Ils savaient que \u00e7a montait \u00e0 Paris, mais ne voulaient pas de \u00e7a \u00e0 Rouen\u2009\u00bb, d\u00e9taille Antoine Bertran qui accueille l\u2019exposition.<\/p>\n<blockquote class=\"ac-article-quote wall-content\">\n<p>Et public aussi \u00e9tait r\u00e9calcitrant. Quand ils ont vu les premi\u00e8res toiles  impressionnistes, certains crachaient dessus. Les peintres non acad\u00e9miques \u00e9taient un peu les punks de l&rsquo;\u00e9poque.<\/p>\n<p>    <strong>Antoine Bertran<\/strong><br \/>\n        Galeriste \u00e0 Rouen    <\/p><\/blockquote>\n<p class=\" wall-content\">Charles Frechon est de cette avant-garde rouennaise.<\/p>\n<p>Les \u00ab\u2009Mousquetaires\u2009\u00bb de Rouen<\/p>\n<p class=\" wall-content\">Frechon n\u2019est pas le seul \u00e0 r\u00eaver d\u2019<a href=\"https:\/\/actu.fr\/normandie\/rouen_76540\/nouveau-concept-a-rouen-en-couple-entre-amis-ou-en-famille-devenez-artiste-le-temps-d-une-heure_63228762.html\" rel=\"nofollow noopener\" target=\"_blank\">un art plus libre<\/a>. Avec L\u00e9on-Jules Lema\u00eetre, Charles Legrand et Joseph Delattre, ils forment ce que l\u2019on appellera plus tard<strong> les \u00ab\u2009Mousquetaires\u2009\u00bb de Rouen<\/strong>, quatre peintres d\u00e9cid\u00e9s \u00e0 l\u00e2cher l\u2019acad\u00e9misme et \u00e0 sortir en plein air.<\/p>\n<p class=\" wall-content\">\u00ab\u2009L\u2019acad\u00e9misme, c\u2019\u00e9taient des peintures r\u00e9alistes de figures religieuses ou mythologiques. L\u00e0, arrive l\u2019envie de peindre autre chose, la nature, la vie\u2009\u00bb, pr\u00e9cise Antoine.<\/p>\n<p>Votre r\u00e9gion, votre actu !<\/p>\n<p>Recevez chaque jour les infos qui comptent pour vous.<\/p>\n<p>\t<a href=\"https:\/\/actu.fr\/newsletter\" class=\"ac-btn ac-btn--corner ac-btn--medium ac-btn--blue800\" rel=\"nofollow noopener\" target=\"_blank\">S&rsquo;incrire<\/a><\/p>\n<p class=\" wall-content\">Leur nom, emprunt\u00e9 \u00e0 l\u2019univers militaire, traduit bien leur <strong>esprit rebelle<\/strong>. \u00ab\u2009C\u2019\u00e9tait tr\u00e8s tendu entre eux et les profs, ils se d\u00e9testaient\u2009\u00bb, raconte <a href=\"https:\/\/actu.fr\/normandie\/rouen_76540\/la-derniere-galerie-d-antiquites-de-la-place-barthelemy-a-rouen-se-refait-une-beaute-et-rouvre-au-public_62789559.html\" rel=\"nofollow noopener\" target=\"_blank\">le galeriste<\/a>.<\/p>\n<p class=\" wall-content\">Ces artistes, influenc\u00e9s par Corot et l\u2019\u00e9cole de Barbizon, installent alors leurs chevalets en <strong>bord de Seine<\/strong>, dans les faubourgs industriels autour de Rouen et peignent en se rapprochant des codes de l\u2019impressionnisme.<\/p>\n<p>Charles Frechon, un peintre \u00e0 part<\/p>\n<p class=\" wall-content\">Frechon est sans doute le plus silencieux du groupe. \u00ab\u2009Ce n\u2019\u00e9tait pas lui le plus virulent avec les profs\u2009\u00bb, sourit Antoine.<\/p>\n<p class=\" wall-content\">Lui reste dans sa campagne, sa principale inspiration. <strong>Il peint son jardin, ses enfants<\/strong>. Dans sa technique, il sort du lot. Apr\u00e8s des d\u00e9buts classiques, il passe directement du pr\u00e9-impressionnisme au <strong>pointillisme<\/strong> et a m\u00eame son genre \u00e0 lui. Il n\u2019est ni tout \u00e0 fait dans un genre, ni tout \u00e0 fait dans un autre.<\/p>\n<p class=\" wall-content\">\u00ab\u2009C\u2019est m\u00eame du divisionnisme. Il fait des points, puis des sortes des virgules, des petites <strong>touches de couleur juxtapos\u00e9es<\/strong>\u2026\u2009\u00bb, note Antoine. \u00ab\u2009Il aimait ce travail lent, presque m\u00e9ditatif\u2009\u00bb, ajoute-t-il.<\/p>\n<p>\u00ab\u2009Le peintre des quatre saisons\u2009\u00bb<\/p>\n<p class=\" wall-content\">Surnomm\u00e9 \u00ab\u2009le peintre des quatre saisons\u2009\u00bb, il observe sa campagne\u2009: les fenaisons de l\u2019\u00e9t\u00e9, les brumes d\u2019automne, les vergers fleuris\u2026<\/p>\n<p class=\" wall-content\">Sa touche s\u2019\u00e9largit au fil du temps, mais les sujets restent les m\u00eames. Du c\u00f4t\u00e9 des couleurs, Charles Frechon aime jouer avec. \u00ab\u2009Des petites notes de rose l\u00e0 o\u00f9 on pourrait attendre du bleu, mais tout reste coh\u00e9rent\u2009\u00bb, exprime Antoine. Et c\u2019est vivant.<\/p>\n<p class=\" wall-content\">\u00ab\u2009Il n\u2019est pas le plus connu des Mousquetaires, mais a <a href=\"https:\/\/actu.fr\/normandie\/rouen_76540\/nouveau-dans-le-quartier-des-antiquaires-a-rouen-un-atelier-boutique-de-sculptures-et-d-artisanat-d-art_62720988.html\" rel=\"nofollow noopener\" target=\"_blank\">vendu des \u0153uvres<\/a> tr\u00e8s rapidement, justement parce que les couleurs sont gaies et vibrantes\u2009\u00bb, affirme le galeriste.<\/p>\n<p>Des \u0153uvres rares<\/p>\n<p class=\" wall-content\">Charles Frechon a laiss\u00e9 entre 600 et 800 \u0153uvres, dont plusieurs ont disparu, notamment dans l\u2019incendie dans la maison familiale de Blangy lors de l\u2019invasion allemande en 1940. <strong>Chaque pi\u00e8ce est aujourd\u2019hui pr\u00e9cieuse<\/strong>. La Galerie Bertran r\u00e9unit<strong> 16 de ses \u0153uvres<\/strong> r\u00e9alis\u00e9es entre\u00a01888 et\u00a01910. Toutes proviennent d\u2019<a href=\"https:\/\/actu.fr\/normandie\/boissay_76113\/insolite-pres-de-rouen-a-la-decouverte-des-mille-et-un-tresors-des-collections-d-etienne_61425522.html\" rel=\"nofollow noopener\" target=\"_blank\">une collection priv\u00e9e<\/a> et certaines sont montr\u00e9es au public pour la premi\u00e8re fois.<\/p>\n<p class=\" wall-content\">Et pourquoi d\u00e9couvrir Frechon aujourd\u2019hui\u2009? Parce qu\u2019il montre<strong> la Normandie telle qu\u2019elle \u00e9tait il y a plus d\u2019un si\u00e8cle<\/strong>. Antoine regrette d\u2019ailleurs qu\u2019il n\u2019y ait pas plus de tableaux de lui au <a href=\"https:\/\/actu.fr\/normandie\/rouen_76540\/livres-produits-locaux-cartes-postales-une-boutique-bientot-de-retour-au-musee-des-beaux-arts-de-rouen_63252202.html\" rel=\"nofollow noopener\" target=\"_blank\">Mus\u00e9e des Beaux-Arts de Rouen<\/a>. \u00ab\u2009Il faut dire que \u00e7a co\u00fbte tr\u00e8s cher\u2009\u00bb, avoue-t-il. Et d\u2019ajouter \u00ab\u2009pourtant pour que les gens connaissent ces artistes, il faut les montrer\u2009\u00bb.<\/p>\n<p>Galerie Bertran : 108 rue Moli\u00e8re, Rouen. Ouverture du mercredi au samedi de 10 heures \u00e0 12 heures et de 14h30 \u00e0 18h30. Entr\u00e9e gratuite.<\/p>\n<p>Suivez l\u2019actualit\u00e9 de Rouen <a href=\"https:\/\/www.whatsapp.com\/channel\/0029VaKfnf99hXF2ddApFB1D\" rel=\"nofollow noopener\" target=\"_blank\">sur notre cha\u00eene WhatsApp<\/a> et <a href=\"https:\/\/www.tiktok.com\/@76actu.fr?lang=fr\" rel=\"nofollow noopener\" target=\"_blank\">sur notre compte TikTok<\/a><\/p>\n<p>\u00a0<\/p>\n<p class=\" wall-content\">Personnalisez votre actualit\u00e9 en ajoutant vos villes et m\u00e9dias en favori avec <a href=\"https:\/\/moncompte.actu.fr\" title=\"D\u00e9couvez Mon Actu\" rel=\"nofollow noopener\" data-trk=\"{&quot;cta&quot;:{&quot;action&quot;:&quot;https:\\\/\\\/moncompte.actu.fr&quot;,&quot;category&quot;:&quot;mon compte&quot;,&quot;from&quot;:&quot;article footer&quot;,&quot;name&quot;:&quot;Mon actu&quot;,&quot;type&quot;:&quot;cta&quot;}}\" target=\"_blank\">Mon Actu<\/a>.<\/p>\n<p>                    <script async src=\"\/\/www.tiktok.com\/embed.js\"><\/script><\/p>\n","protected":false},"excerpt":{"rendered":"Par Jessie Leclerc Publi\u00e9 le 5 nov. 2025 \u00e0 14h08 La Normandie, en particulier Rouen (Seine-Maritime), est une&hellip;\n","protected":false},"author":2,"featured_media":513579,"comment_status":"","ping_status":"","sticky":false,"template":"","format":"standard","meta":{"footnotes":""},"categories":[9587],"tags":[1111,11,9086,1777,674,1011,27,937,1652,12,5161,2551,25,9590],"class_list":{"0":"post-513578","1":"post","2":"type-post","3":"status-publish","4":"format-standard","5":"has-post-thumbnail","7":"category-rouen","8":"tag-actu","9":"tag-actualites","10":"tag-bon-plan-a-rouen","11":"tag-eu","12":"tag-europe","13":"tag-fr","14":"tag-france","15":"tag-histoire","16":"tag-loisirs-culture","17":"tag-news","18":"tag-normandie","19":"tag-patrimoine","20":"tag-republique-francaise","21":"tag-rouen"},"share_on_mastodon":{"url":"https:\/\/pubeurope.com\/@fr\/115497299247462515","error":""},"_links":{"self":[{"href":"https:\/\/www.europesays.com\/fr\/wp-json\/wp\/v2\/posts\/513578","targetHints":{"allow":["GET"]}}],"collection":[{"href":"https:\/\/www.europesays.com\/fr\/wp-json\/wp\/v2\/posts"}],"about":[{"href":"https:\/\/www.europesays.com\/fr\/wp-json\/wp\/v2\/types\/post"}],"author":[{"embeddable":true,"href":"https:\/\/www.europesays.com\/fr\/wp-json\/wp\/v2\/users\/2"}],"replies":[{"embeddable":true,"href":"https:\/\/www.europesays.com\/fr\/wp-json\/wp\/v2\/comments?post=513578"}],"version-history":[{"count":0,"href":"https:\/\/www.europesays.com\/fr\/wp-json\/wp\/v2\/posts\/513578\/revisions"}],"wp:featuredmedia":[{"embeddable":true,"href":"https:\/\/www.europesays.com\/fr\/wp-json\/wp\/v2\/media\/513579"}],"wp:attachment":[{"href":"https:\/\/www.europesays.com\/fr\/wp-json\/wp\/v2\/media?parent=513578"}],"wp:term":[{"taxonomy":"category","embeddable":true,"href":"https:\/\/www.europesays.com\/fr\/wp-json\/wp\/v2\/categories?post=513578"},{"taxonomy":"post_tag","embeddable":true,"href":"https:\/\/www.europesays.com\/fr\/wp-json\/wp\/v2\/tags?post=513578"}],"curies":[{"name":"wp","href":"https:\/\/api.w.org\/{rel}","templated":true}]}}