{"id":513580,"date":"2025-11-05T13:21:20","date_gmt":"2025-11-05T13:21:20","guid":{"rendered":"https:\/\/www.europesays.com\/fr\/513580\/"},"modified":"2025-11-05T13:21:20","modified_gmt":"2025-11-05T13:21:20","slug":"une-serveuse-dun-buffalo-grill-pres-de-rouen-frappee-par-son-ex-en-plein-service-que-sest-il-passe","status":"publish","type":"post","link":"https:\/\/www.europesays.com\/fr\/513580\/","title":{"rendered":"Une serveuse d&rsquo;un Buffalo Grill pr\u00e8s de Rouen frapp\u00e9e par \u00ab son ex \u00bb en plein service : que s&rsquo;est-il pass\u00e9\u00a0?"},"content":{"rendered":"<p>            Par<br \/>\n        <strong><br \/>\n            <a href=\"https:\/\/actu.fr\/auteur\/yann-rivallan\" title=\"Consulter tous les articles de Yann Rivallan\" target=\"_blank\" rel=\"noopener\">Yann Rivallan<\/a><br \/>\n        <\/strong><\/p>\n<p>        Publi\u00e9 le<\/p>\n<p>            5 nov. 2025 \u00e0 12h18        <\/p>\n<p>Les r\u00e9actions ont \u00e9t\u00e9 nombreuses. Dans la soir\u00e9e du vendredi 31\u00a0octobre 2025, une serveuse du restaurant <strong>Buffalo Grill<\/strong> de <a href=\"https:\/\/actu.fr\/normandie\/saint-etienne-du-rouvray_76575\" target=\"_blank\" rel=\"noopener\">Saint-\u00c9tienne-du-Rouvray<\/a>, pr\u00e8s de Rouen, a \u00e9t\u00e9 <strong>violemment agress\u00e9e<\/strong> par un client. Son directeur, qui a tent\u00e9 de s\u2019interposer, a lui aussi re\u00e7u des coups, selon une source polici\u00e8re. Mais ce fait divers, r\u00e9sum\u00e9 au d\u00e9part par une \u00ab\u2009maladresse\u2009\u00bb de la serveuse, cache en fait une affaire de <strong>violences conjugales<\/strong>.<\/p>\n<p>\u00ab\u2009Une attaque personnelle\u2009\u00bb<\/p>\n<p class=\" wall-content\">Apr\u00e8s la parution de <a href=\"https:\/\/actu.fr\/normandie\/saint-etienne-du-rouvray_76575\/dans-un-buffalo-grill-pres-de-rouen-un-client-incontrolable-roue-de-coups-une-serveuse-en-plein-service_63385644.html\" target=\"_blank\" rel=\"noopener\">notre premier article<\/a>, l\u2019enseigne Buffalo Grill nous a contact\u00e9s pour nous pr\u00e9ciser qu\u2019il s\u2019agissait en fait \u00ab\u2009d\u2019une attaque personnelle\u2009\u00bb. Et que ce client violent est <strong>\u00ab\u2009li\u00e9 \u00e0 la serveuse\u2009\u00bb<\/strong>.<\/p>\n<p class=\" wall-content\">Dans un premier temps, le rapport de police que nous avait communiqu\u00e9 notre source faisait \u00e9tat d\u2019une <strong>\u00ab\u2009bouteille renvers\u00e9e\u2009\u00bb<\/strong>, pour expliquer le geste et la col\u00e8re \u00ab\u2009incontr\u00f4lable\u2009\u00bb du client violent.<\/p>\n<p class=\" wall-content\">Or, dans un second temps, les d\u00e9p\u00f4ts de plaintes du directeur du restaurant et de la serveuse ont permis aux forces de l\u2019ordre d\u2019\u00e9tablir que l\u2019agresseur est en fait <strong>\u00ab\u2009l\u2019ex-compagnon de la serveuse\u2009\u00bb<\/strong>, nous confirme notre source polici\u00e8re.<\/p>\n<p>Des clients et le directeur s\u2019interposent<\/p>\n<p class=\" wall-content\">C\u2019est donc sur fond de <strong>violences conjugales et d\u2019alcool<\/strong> que cette agression s\u2019est produite vers 23 heures, le 31 octobre dernier. Selon nos informations, ce client se serait rendu sur place pour reprendre contact avec son ancienne conjointe, dont il \u00e9tait s\u00e9par\u00e9 depuis deux ans.<\/p>\n<p>Vid\u00e9os : en ce moment sur Actu<\/p>\n<p class=\" wall-content\">Au moment o\u00f9 il a commenc\u00e9 \u00e0 donner des coups de poing au visage de la serveuse et \u00e0 la tra\u00eener au sol, comme le relatait notre source, <strong>des clients et le directeur se sont interpos\u00e9s<\/strong>. \u00c0 notre connaissance, aucun client n\u2019a \u00e9t\u00e9 bless\u00e9 mais le responsable du restaurant a re\u00e7u des coups.<\/p>\n<p class=\" wall-content\">Apr\u00e8s que des clients ont appel\u00e9 la police, l\u2019ex violent a \u00e9t\u00e9 interpell\u00e9 et plac\u00e9 en garde \u00e0 vue. Il \u00e9tait fortement alcoolis\u00e9. D\u2019apr\u00e8s notre source, la serveuse a re\u00e7u <strong>quatre\u00a0jours d\u2019incapacit\u00e9 totale de travail<\/strong> suite \u00e0 cette agression.<\/p>\n<p>Votre r\u00e9gion, votre actu !<\/p>\n<p>Recevez chaque jour les infos qui comptent pour vous.<\/p>\n<p>\t<a href=\"https:\/\/actu.fr\/newsletter\" class=\"ac-btn ac-btn--corner ac-btn--medium ac-btn--blue800\" target=\"_blank\" rel=\"noopener\">S&rsquo;incrire<\/a><br \/>\nSuivez l\u2019actualit\u00e9 de Rouen sur <a href=\"https:\/\/www.whatsapp.com\/channel\/0029VaKfnf99hXF2ddApFB1D\" target=\"_blank\" rel=\"noopener\">notre cha\u00eene WhatsApp<\/a> et sur <a href=\"https:\/\/www.tiktok.com\/@76actu.fr?lang=fr\" target=\"_blank\" rel=\"noopener\">notre compte TikTok<\/a><\/p>\n<p class=\" wall-content\">Personnalisez votre actualit\u00e9 en ajoutant vos villes et m\u00e9dias en favori avec <a href=\"https:\/\/moncompte.actu.fr\" title=\"D\u00e9couvez Mon Actu\" rel=\"nofollow noopener\" data-trk=\"{&quot;cta&quot;:{&quot;action&quot;:&quot;https:\\\/\\\/moncompte.actu.fr&quot;,&quot;category&quot;:&quot;mon compte&quot;,&quot;from&quot;:&quot;article footer&quot;,&quot;name&quot;:&quot;Mon actu&quot;,&quot;type&quot;:&quot;cta&quot;}}\" target=\"_blank\">Mon Actu<\/a>.<\/p>\n<p>                    <script async src=\"\/\/www.tiktok.com\/embed.js\"><\/script><\/p>\n","protected":false},"excerpt":{"rendered":"Par Yann Rivallan Publi\u00e9 le 5 nov. 2025 \u00e0 12h18 Les r\u00e9actions ont \u00e9t\u00e9 nombreuses. Dans la soir\u00e9e&hellip;\n","protected":false},"author":2,"featured_media":513581,"comment_status":"","ping_status":"","sticky":false,"template":"","format":"standard","meta":{"footnotes":""},"categories":[9587],"tags":[1111,11,1777,674,118,1011,27,12,5161,1072,25,1340,9590,798],"class_list":{"0":"post-513580","1":"post","2":"type-post","3":"status-publish","4":"format-standard","5":"has-post-thumbnail","7":"category-rouen","8":"tag-actu","9":"tag-actualites","10":"tag-eu","11":"tag-europe","12":"tag-faits-divers","13":"tag-fr","14":"tag-france","15":"tag-news","16":"tag-normandie","17":"tag-police","18":"tag-republique-francaise","19":"tag-restaurant","20":"tag-rouen","21":"tag-violences-conjugales"},"share_on_mastodon":{"url":"https:\/\/pubeurope.com\/@fr\/115497303034237159","error":""},"_links":{"self":[{"href":"https:\/\/www.europesays.com\/fr\/wp-json\/wp\/v2\/posts\/513580","targetHints":{"allow":["GET"]}}],"collection":[{"href":"https:\/\/www.europesays.com\/fr\/wp-json\/wp\/v2\/posts"}],"about":[{"href":"https:\/\/www.europesays.com\/fr\/wp-json\/wp\/v2\/types\/post"}],"author":[{"embeddable":true,"href":"https:\/\/www.europesays.com\/fr\/wp-json\/wp\/v2\/users\/2"}],"replies":[{"embeddable":true,"href":"https:\/\/www.europesays.com\/fr\/wp-json\/wp\/v2\/comments?post=513580"}],"version-history":[{"count":0,"href":"https:\/\/www.europesays.com\/fr\/wp-json\/wp\/v2\/posts\/513580\/revisions"}],"wp:featuredmedia":[{"embeddable":true,"href":"https:\/\/www.europesays.com\/fr\/wp-json\/wp\/v2\/media\/513581"}],"wp:attachment":[{"href":"https:\/\/www.europesays.com\/fr\/wp-json\/wp\/v2\/media?parent=513580"}],"wp:term":[{"taxonomy":"category","embeddable":true,"href":"https:\/\/www.europesays.com\/fr\/wp-json\/wp\/v2\/categories?post=513580"},{"taxonomy":"post_tag","embeddable":true,"href":"https:\/\/www.europesays.com\/fr\/wp-json\/wp\/v2\/tags?post=513580"}],"curies":[{"name":"wp","href":"https:\/\/api.w.org\/{rel}","templated":true}]}}