{"id":513586,"date":"2025-11-05T13:24:32","date_gmt":"2025-11-05T13:24:32","guid":{"rendered":"https:\/\/www.europesays.com\/fr\/513586\/"},"modified":"2025-11-05T13:24:32","modified_gmt":"2025-11-05T13:24:32","slug":"rosporden-la-pedagogie-musicale-mise-sur-limprovisation-2","status":"publish","type":"post","link":"https:\/\/www.europesays.com\/fr\/513586\/","title":{"rendered":"Rosporden. La p\u00e9dagogie musicale mise sur l\u2019improvisation"},"content":{"rendered":"<p>Le centre d\u2019improvisation musicale (CIM), cr\u00e9e dans la commune, il y a deux ans a organis\u00e9 un stage de deux jours, le week-end dernier, en lien avec la p\u00e9dagogie Martenot. Anim\u00e9e par Fran\u00e7oise Le Galloudec, r\u00e9f\u00e9rente nationale de cette p\u00e9dagogie et directrice p\u00e9dagogique de l\u2019\u00e9cole Martenot de Rennes, cette session a rassembl\u00e9 des musiciens, \u00e9l\u00e8ves et enseignants.<\/p>\n<p><strong>Lire aussi\u00a0:<\/strong> <a href=\"https:\/\/quimper.maville.com\/actu\/actudet_-a-rosporden-le-centre-d-improvisation-musicale-animera-un-stage-axe-sur-la-pedagogie-martenot-_6-7014678_actu.Htm\" rel=\"nofollow noopener\" target=\"_blank\">\u00c0 Rosporden, le centre d\u2019improvisation musicale animera un stage ax\u00e9 sur la p\u00e9dagogie Martenot<\/a><\/p>\n<p>Une approche du corps<\/p>\n<p>Myriam Gillet-Accart, violoniste et participante r\u00e9sume sa d\u00e9marche\u00a0: \u00ab<strong>\u00a0C\u2019est une approche par le corps, pour sentir le rythme et les notes.<\/strong> <strong>C\u2019est une mani\u00e8re d\u2019apprendre diff\u00e9remment la musique et le solf\u00e8ge<\/strong>\u00a0\u00bb, souligne la musicienne.<\/p>\n<p>Les autres stagiaires acquiescent. Ils sont fl\u00fbtistes ou pianistes. Dans le groupe, un \u00e9l\u00e8ve, Michel Landrain, pianiste depuis deux ans, se r\u00e9jouit\u00a0: \u00ab<strong>\u00a0J\u2019ai tout \u00e0 apprendre et ai appris \u00e0 mieux cerner\u00a0mes d\u00e9fauts et faiblesses\u00a0\u00bb.<\/strong><\/p>\n<p>Isadora Bellis, la pr\u00e9sidente du CIM approuve et rappelle que ce type de stage permet d\u2019identifier les manques \u00e0 combler. \u00ab\u00a0<strong>L\u2019int\u00e9r\u00eat est d\u2019instaurer une p\u00e9dagogie r\u00e9guli\u00e8re. Je voudrais installer ce stage de fa\u00e7on qu\u2019il y ait une continuit\u00e9, une progression\u00a0\u00bb,<\/strong> confie-t-elle.<\/p>\n<p>\u00ab\u00a0Pas de comp\u00e9tition mais de la coop\u00e9ration\u00a0\u00bb<\/p>\n<p>Les enseignants en musique indiquent que le stage r\u00e9pond compl\u00e8tement, \u00e0 leurs attentes. \u00ab\u00a0<strong>En tant que p\u00e9dagogues, on a besoin de nouveaux outils pour transmettre d\u2019une autre mani\u00e8re, pour que ce soit plus facile, \u00e0 assimiler.\u00a0\u00bb<\/strong><\/p>\n<p>Les stagiaires d\u00e9plorent que cette approche\u00a0fran\u00e7aise Martenot, bien qu\u2019ancienne, ne soit pas utilis\u00e9e dans les conservatoires.<strong> \u00ab\u00a0Ce n\u2019est pas une p\u00e9dagogie de transmission de savoirs. C\u2019est une m\u00e9thode tr\u00e8s initiatique et qui fonctionne dans la connaissance de l\u2019apprentissage humain. La th\u00e9orie arrive apr\u00e8s\u00a0\u00bb, <\/strong>r\u00e9sument les enseignants. Celles et ceux qui exp\u00e9rimentent la p\u00e9dagogie Martenot doivent ressentir leur travail pour le comprendre. Ici, \u00ab\u00a0<strong>pas de comp\u00e9tition mais de la coop\u00e9ration entre les personnes et\u00a0dans la r\u00e9ussite de chacun. On vit la musique<\/strong>\u00a0\u00bb, indique C\u00e9line Le Drenn, professeure de piano. L\u2019initi\u00e9e, estimant que le stage a r\u00e9pondu \u00e0 sa mission, celui de mettre \u00e0 l\u2019honneur, l\u2019improvisation.<\/p>\n<p>\u00a0<\/p>\n","protected":false},"excerpt":{"rendered":"Le centre d\u2019improvisation musicale (CIM), cr\u00e9e dans la commune, il y a deux ans a organis\u00e9 un stage&hellip;\n","protected":false},"author":2,"featured_media":513237,"comment_status":"","ping_status":"","sticky":false,"template":"","format":"standard","meta":{"footnotes":""},"categories":[2821],"tags":[1111,11,829,1777,674,1011,27,14608,6352,3724,12,63414,3319,584,25,21358],"class_list":{"0":"post-513586","1":"post","2":"type-post","3":"status-publish","4":"format-standard","5":"has-post-thumbnail","7":"category-rennes","8":"tag-actu","9":"tag-actualites","10":"tag-bretagne","11":"tag-eu","12":"tag-europe","13":"tag-fr","14":"tag-france","15":"tag-improvisation","16":"tag-mise","17":"tag-musicale","18":"tag-news","19":"tag-pedagogie","20":"tag-quimper","21":"tag-rennes","22":"tag-republique-francaise","23":"tag-rosporden"},"share_on_mastodon":{"url":"https:\/\/pubeurope.com\/@fr\/115497314876076186","error":""},"_links":{"self":[{"href":"https:\/\/www.europesays.com\/fr\/wp-json\/wp\/v2\/posts\/513586","targetHints":{"allow":["GET"]}}],"collection":[{"href":"https:\/\/www.europesays.com\/fr\/wp-json\/wp\/v2\/posts"}],"about":[{"href":"https:\/\/www.europesays.com\/fr\/wp-json\/wp\/v2\/types\/post"}],"author":[{"embeddable":true,"href":"https:\/\/www.europesays.com\/fr\/wp-json\/wp\/v2\/users\/2"}],"replies":[{"embeddable":true,"href":"https:\/\/www.europesays.com\/fr\/wp-json\/wp\/v2\/comments?post=513586"}],"version-history":[{"count":0,"href":"https:\/\/www.europesays.com\/fr\/wp-json\/wp\/v2\/posts\/513586\/revisions"}],"wp:featuredmedia":[{"embeddable":true,"href":"https:\/\/www.europesays.com\/fr\/wp-json\/wp\/v2\/media\/513237"}],"wp:attachment":[{"href":"https:\/\/www.europesays.com\/fr\/wp-json\/wp\/v2\/media?parent=513586"}],"wp:term":[{"taxonomy":"category","embeddable":true,"href":"https:\/\/www.europesays.com\/fr\/wp-json\/wp\/v2\/categories?post=513586"},{"taxonomy":"post_tag","embeddable":true,"href":"https:\/\/www.europesays.com\/fr\/wp-json\/wp\/v2\/tags?post=513586"}],"curies":[{"name":"wp","href":"https:\/\/api.w.org\/{rel}","templated":true}]}}