{"id":513597,"date":"2025-11-05T13:30:12","date_gmt":"2025-11-05T13:30:12","guid":{"rendered":"https:\/\/www.europesays.com\/fr\/513597\/"},"modified":"2025-11-05T13:30:12","modified_gmt":"2025-11-05T13:30:12","slug":"pres-de-nantes-le-parc-animalier-planete-sauvage-ouvre-cet-hiver-et-propose-une-deambulation","status":"publish","type":"post","link":"https:\/\/www.europesays.com\/fr\/513597\/","title":{"rendered":"Pr\u00e8s de Nantes, le parc animalier Plan\u00e8te sauvage ouvre cet hiver et propose une d\u00e9ambulation"},"content":{"rendered":"<p>\u00ab\u00a0Habituellement ferm\u00e9 en hiver, Plan\u00e8te Sauvage innove en proposant cette exp\u00e9rience nocturne in\u00e9dite aux visiteurs.\u00a0\u00bb<\/p>\n<p>Du 15\u00a0novembre au 4\u00a0janvier 2026<a href=\"https:\/\/nantes.maville.com\/actu\/actudet_-les-enfants-hospitalises-vivent-une-parenthese-enchantee-a-planete-sauvage-_8-6847388_actu.Htm\" target=\"_self\" rel=\"noopener\"> le parc animalier propose une animation nocturne les Illuminations sauvages<\/a>.<\/p>\n<p>Tableaux<\/p>\n<p><strong>\u00ab\u00a0Con\u00e7u en collaboration avec le collectif nantais Make It Group,<\/strong> annonce le parc dans un communiqu\u00e9, <strong>ce parcours embarque les\u00a0visiteurs dans une succession de tableaux sc\u00e9nographiques\u00a0m\u00ealant projections, atmosph\u00e8res lumineuses et paysages<\/strong> <strong> sonores. Cette balade po\u00e9tique se compose de plusieurs \u201cNuits\u201d\u00a0: Sylvestre (For\u00eat fran\u00e7aise), Africaine, Amazonienne, Bor\u00e9ale, Oc\u00e9anique ou encore Nuit Incas.\u00a0Le parcours s\u2019ach\u00e8ve par un spectacle autour de l\u2019Arbre de Vie, symbole des missions de Plan\u00e8te Sauvage.\u00a0\u00bb<\/strong><\/p>\n<p>Le parc sera ouvert de 17\u00a0h\u00a030 \u00e0 21\u00a0h les vendredis, samedis et dimanches soirs (hors vacances scolaires) et tous les soirs.<\/p>\n<p>\u00ab\u00a0Une vraie diversification dans l\u2019offre culturelle du\u00a0site, qui permet de d\u00e9saisonnaliser la fr\u00e9quentation et de proposer des\u00a0activit\u00e9s originales et p\u00e9dagogiques durant la saison froide.\u00a0\u00bb<\/p>\n<p>Tarifs\u00a0: 17\u00a0\u20ac pour les adultes (\u00e0 partir de 13\u00a0ans), 15\u00a0\u20ac pour les 3-12 ans, gratuit pour les moins de 3\u00a0ans<\/p>\n<p>\u00a0<\/p>\n","protected":false},"excerpt":{"rendered":"\u00ab\u00a0Habituellement ferm\u00e9 en hiver, Plan\u00e8te Sauvage innove en proposant cette exp\u00e9rience nocturne in\u00e9dite aux visiteurs.\u00a0\u00bb Du 15\u00a0novembre au&hellip;\n","protected":false},"author":2,"featured_media":513598,"comment_status":"","ping_status":"","sticky":false,"template":"","format":"standard","meta":{"footnotes":""},"categories":[2818],"tags":[1111,11,63447,63448,1777,674,1011,27,6736,766,12,41109,10102,153,2636,52,3762,6088,25,31937],"class_list":{"0":"post-513597","1":"post","2":"type-post","3":"status-publish","4":"format-standard","5":"has-post-thumbnail","7":"category-nantes","8":"tag-actu","9":"tag-actualites","10":"tag-animalier","11":"tag-deambulation","12":"tag-eu","13":"tag-europe","14":"tag-fr","15":"tag-france","16":"tag-hiver","17":"tag-nantes","18":"tag-news","19":"tag-nocturne","20":"tag-ouvre","21":"tag-parc","22":"tag-pays-de-la-loire","23":"tag-planete","24":"tag-pres","25":"tag-propose","26":"tag-republique-francaise","27":"tag-sauvage"},"share_on_mastodon":{"url":"https:\/\/pubeurope.com\/@fr\/115497338498431029","error":""},"_links":{"self":[{"href":"https:\/\/www.europesays.com\/fr\/wp-json\/wp\/v2\/posts\/513597","targetHints":{"allow":["GET"]}}],"collection":[{"href":"https:\/\/www.europesays.com\/fr\/wp-json\/wp\/v2\/posts"}],"about":[{"href":"https:\/\/www.europesays.com\/fr\/wp-json\/wp\/v2\/types\/post"}],"author":[{"embeddable":true,"href":"https:\/\/www.europesays.com\/fr\/wp-json\/wp\/v2\/users\/2"}],"replies":[{"embeddable":true,"href":"https:\/\/www.europesays.com\/fr\/wp-json\/wp\/v2\/comments?post=513597"}],"version-history":[{"count":0,"href":"https:\/\/www.europesays.com\/fr\/wp-json\/wp\/v2\/posts\/513597\/revisions"}],"wp:featuredmedia":[{"embeddable":true,"href":"https:\/\/www.europesays.com\/fr\/wp-json\/wp\/v2\/media\/513598"}],"wp:attachment":[{"href":"https:\/\/www.europesays.com\/fr\/wp-json\/wp\/v2\/media?parent=513597"}],"wp:term":[{"taxonomy":"category","embeddable":true,"href":"https:\/\/www.europesays.com\/fr\/wp-json\/wp\/v2\/categories?post=513597"},{"taxonomy":"post_tag","embeddable":true,"href":"https:\/\/www.europesays.com\/fr\/wp-json\/wp\/v2\/tags?post=513597"}],"curies":[{"name":"wp","href":"https:\/\/api.w.org\/{rel}","templated":true}]}}