{"id":51360,"date":"2025-04-25T09:03:08","date_gmt":"2025-04-25T09:03:08","guid":{"rendered":"https:\/\/www.europesays.com\/fr\/51360\/"},"modified":"2025-04-25T09:03:08","modified_gmt":"2025-04-25T09:03:08","slug":"fin-des-operations-de-recherches-dun-marin-disparu-en-mer","status":"publish","type":"post","link":"https:\/\/www.europesays.com\/fr\/51360\/","title":{"rendered":"fin des op\u00e9rations de recherches d&rsquo;un marin disparu en mer"},"content":{"rendered":"<p>Le second ma\u00eetre L\u00e9o Soulas, affect\u00e9 sur le porte-avions Charles-de-Gaulle, \u00e9tait port\u00e9 disparu en mer depuis la nuit de mercredi \u00e0 jeudi au large de Toulon. Il n\u2019a pas \u00e9t\u00e9 retrouv\u00e9.<\/p>\n<p class=\"fig-paragraph\">Les op\u00e9rations de\u00a0<a href=\"http:\/\/www.lefigaro.fr\/marseille\/toulon-un-militaire-francais-porte-disparu-en-mer-20250424\" data-fig-type=\"NewsFlash\" data-gtm-custom-categorie=\"navigation\" data-gtm-custom-action=\"crossclick\" data-gtm-custom-label=\"Contextuel\" data-gtm-event=\"customEventSPE\" data-fig-domain=\"LEFIGARO\" target=\"_blank\" rel=\"noopener\">recherches\u00a0<\/a>d&rsquo;un marin d&rsquo;un navire d&rsquo;escorte du porte-avions\u00a0<a href=\"http:\/\/www.lefigaro.fr\/international\/porte-avions-charles-de-gaulle-la-france-et-le-japon-veulent-renforcer-leur-cooperation-dans-le-pacifique-20250302\" data-fig-type=\"Article\" data-gtm-custom-categorie=\"navigation\" data-gtm-custom-action=\"crossclick\" data-gtm-custom-label=\"Contextuel\" data-gtm-event=\"customEventSPE\" data-fig-domain=\"LEFIGARO\" target=\"_blank\" rel=\"noopener\">Charles-de-Gaulle\u00a0<\/a> ont pris fin au lendemain de sa disparition en mer, l&rsquo;espoir de le retrouver \u00e9tant \u00abd\u00e9sormais nul\u00bb, a affirm\u00e9 vendredi le ministre des Arm\u00e9es.<\/p>\n<p class=\"fig-paragraph\">\u00abTr\u00e8s vive \u00e9motion alors que, plus de 24 heures apr\u00e8s sa chute en mer au large, l&rsquo;espoir de secourir le second ma\u00eetre L\u00e9o Soulas est d\u00e9sormais nul. Les recherches sont interrompues\u00bb, a indiqu\u00e9 sur X S\u00e9bastien Lecornu.<\/p>\n<p class=\"fig-paragraph\">Selon le chef d&rsquo;\u00e9tat-major de la Marine, l&rsquo;amiral Nicolas Vaujour, \u00ables recherches, men\u00e9es par plusieurs b\u00e2timents et a\u00e9ronefs, sont malheureusement rest\u00e9es vaines\u00bb.<\/p>\n<p>Membre de l\u2019\u00e9quipage du Charles-de-Gaulle<\/p>\n<p class=\"fig-paragraph\">Le marin, membre de l&rsquo;\u00e9quipage du Charles-de-Gaulle, \u00ab\u00e9tait d\u00e9tach\u00e9 sur la fr\u00e9gate de d\u00e9fense a\u00e9rienne Forbin escortant le porte-avions au sein du groupe a\u00e9ronaval\u00bb (GAN), selon le ministre.<\/p>\n<p class=\"fig-paragraph\">Le groupe a\u00e9ronaval naviguait \u00e0 150 nautiques (environ 280 kilom\u00e8tres) au sud des c\u00f4tes toulonnaises en direction de son port d&rsquo;attache lorsque la disparition du marin a \u00e9t\u00e9 constat\u00e9e.<\/p>\n<p class=\"fig-paragraph\">Constitu\u00e9, outre le porte-avions, d&rsquo;un b\u00e2timent-ravitailleur, de trois fr\u00e9gates et d&rsquo;un sous-marin nucl\u00e9aire d&rsquo;attaque, il avait quitt\u00e9 Toulon (Var) fin novembre pour la mission \u00abCl\u00e9menceau 25\u00bb, qui l&rsquo;a emmen\u00e9 jusqu&rsquo;\u00e0 l&rsquo;Est des Philippines.<\/p>\n","protected":false},"excerpt":{"rendered":"Le second ma\u00eetre L\u00e9o Soulas, affect\u00e9 sur le porte-avions Charles-de-Gaulle, \u00e9tait port\u00e9 disparu en mer depuis la nuit&hellip;\n","protected":false},"author":2,"featured_media":51361,"comment_status":"","ping_status":"","sticky":false,"template":"","format":"standard","meta":{"footnotes":""},"categories":[9619],"tags":[1111,11,885,1182,1180,1181,2715,1777,674,1011,27,1184,1185,567,12,1177,1176,149,1186,882,25,1178,1183,2310,1179],"class_list":{"0":"post-51360","1":"post","2":"type-post","3":"status-publish","4":"format-standard","5":"has-post-thumbnail","7":"category-toulon","8":"tag-actu","9":"tag-actualites","10":"tag-bouches-du-rhone","11":"tag-calanques","12":"tag-canebiere","13":"tag-cite-phoceenne","14":"tag-disparition","15":"tag-eu","16":"tag-europe","17":"tag-fr","18":"tag-france","19":"tag-la-timone","20":"tag-les-baumettes-mediterranee","21":"tag-marine-nationale","22":"tag-news","23":"tag-notre-dame-de-la-garde","24":"tag-olympique-de-marseille","25":"tag-om","26":"tag-provence","27":"tag-provence-alpes-cote-dazur","28":"tag-republique-francaise","29":"tag-saint-charles","30":"tag-sormiou","31":"tag-toulon","32":"tag-vieux-port"},"share_on_mastodon":{"url":"https:\/\/pubeurope.com\/@fr\/114397800414115036","error":""},"_links":{"self":[{"href":"https:\/\/www.europesays.com\/fr\/wp-json\/wp\/v2\/posts\/51360","targetHints":{"allow":["GET"]}}],"collection":[{"href":"https:\/\/www.europesays.com\/fr\/wp-json\/wp\/v2\/posts"}],"about":[{"href":"https:\/\/www.europesays.com\/fr\/wp-json\/wp\/v2\/types\/post"}],"author":[{"embeddable":true,"href":"https:\/\/www.europesays.com\/fr\/wp-json\/wp\/v2\/users\/2"}],"replies":[{"embeddable":true,"href":"https:\/\/www.europesays.com\/fr\/wp-json\/wp\/v2\/comments?post=51360"}],"version-history":[{"count":0,"href":"https:\/\/www.europesays.com\/fr\/wp-json\/wp\/v2\/posts\/51360\/revisions"}],"wp:featuredmedia":[{"embeddable":true,"href":"https:\/\/www.europesays.com\/fr\/wp-json\/wp\/v2\/media\/51361"}],"wp:attachment":[{"href":"https:\/\/www.europesays.com\/fr\/wp-json\/wp\/v2\/media?parent=51360"}],"wp:term":[{"taxonomy":"category","embeddable":true,"href":"https:\/\/www.europesays.com\/fr\/wp-json\/wp\/v2\/categories?post=51360"},{"taxonomy":"post_tag","embeddable":true,"href":"https:\/\/www.europesays.com\/fr\/wp-json\/wp\/v2\/tags?post=51360"}],"curies":[{"name":"wp","href":"https:\/\/api.w.org\/{rel}","templated":true}]}}