{"id":513609,"date":"2025-11-05T13:36:15","date_gmt":"2025-11-05T13:36:15","guid":{"rendered":"https:\/\/www.europesays.com\/fr\/513609\/"},"modified":"2025-11-05T13:36:15","modified_gmt":"2025-11-05T13:36:15","slug":"lille-lhumoriste-pv-et-ses-acolytes-ouvrent-la-5e-edition-de-lillarious-qui-reserve-de-jolies-surprises","status":"publish","type":"post","link":"https:\/\/www.europesays.com\/fr\/513609\/","title":{"rendered":"Lille. L\u2019humoriste PV et ses acolytes ouvrent la 5e \u00e9dition de Lillarious, qui r\u00e9serve de jolies surprises"},"content":{"rendered":"<p>            Par<br \/>\n        <strong><br \/>\n            <a href=\"https:\/\/actu.fr\/auteur\/amandine-vachez\" title=\"Consulter tous les articles de Amandine Vachez\" rel=\"nofollow noopener\" target=\"_blank\">Amandine Vachez<\/a><br \/>\n        <\/strong><\/p>\n<p>        Publi\u00e9 le<\/p>\n<p>            5 nov. 2025 \u00e0 13h30        <\/p>\n<p>Il revient pour une 5e \u00e9dition en d\u00e9but d\u2019ann\u00e9e prochaine. Et la <b>billetterie est d\u00e9j\u00e0 remplie \u00e0 40\u2009%\u2009! <\/b>Le<b> festival d\u2019humour de Lille<\/b> (Nord)<b> Lillarious<\/b> se tiendra <b>du 30\u00a0janvier au 8\u00a0f\u00e9vrier 2026.<\/b> Il accueillera des r\u00e9f\u00e9rences de l\u2019humour comme \u00c9lodie Poux ou V\u00e9rino, mais pas que. PV pr\u00e9sentera notamment le gala d\u2019ouverture, avec ses acolytes. L\u2019essentiel de la<b> programmation<\/b> a \u00e9t\u00e9 d\u00e9voil\u00e9 ce <b>mardi 4\u00a0novembre 2025<\/b> par le directeur du festival, Gr\u00e9goire Furrer.<\/p>\n<p>\u00ab\u2009Un anniversaire important\u2009\u00bb<\/p>\n<p class=\" wall-content\">Il nous parlait il y a quelques semaines du <a href=\"https:\/\/actu.fr\/hauts-de-france\/lille_59350\/lillarious-bientot-de-retour-a-lille-gregoire-furrer-fier-de-constater-ce-fremissement-autour-du-festival_63203874.html\" rel=\"nofollow noopener\" target=\"_blank\">\u00ab\u2009fr\u00e9missement\u2009\u00bb autour de ce jeune festival<\/a>, qui a rapidement su trouver sa place dans la Capitale des Flandres. Preuve en est l\u2019\u00e9tat des ventes, puisque la billetterie ouverte le 2 septembre dernier a d\u00e9j\u00e0 trouv\u00e9 bon nombre de preneurs. 40\u2009% des si\u00e8ges sont d\u00e9j\u00e0 vendus, annonce l\u2019organisation. \u00ab\u2009 Le festival a 5 ans. Pour nous, c\u2019est un anniversaire important. On voit que les gens nous \u00e9coutent, nous attendent, collaborent\u2009\u00bb, se r\u00e9jouit Gr\u00e9goire Furrer.<\/p>\n<p class=\" wall-content\">L\u2019\u00e9quipe du festival lillois, \u00ab petit fr\u00e8re \u00bb du tr\u00e8s connu Montreux Comedy, a concoct\u00e9 une jolie programmation pour Lillarious 2026. <b>70 humoristes se partageront la vedette<\/b> au cours de<b> 21 \u00e9v\u00e9nements dans 6 villes<\/b>. Les grosses dates sont pr\u00e9vues \u00e0 Lille, principalement au S\u00e9basto et au Nouveau si\u00e8cle. \u00ab Chaque ann\u00e9e, on essaie d\u2019explorer la r\u00e9gion \u00bb, confie le directeur du festival. Pour la premi\u00e8re fois, l\u2019\u00e9v\u00e9nement s\u2019invite au Colis\u00e9e de Roubaix. Des dates sont aussi pr\u00e9vues au Louvre-Lens et \u00e0 Villers-Cotter\u00eats (Aisne). \u00ab\u00a0On aimerait aller \u00e0 Dunkerque, Saint-Omer, Saint-Quentin. \u00bb Ne restent que les opportunit\u00e9s.<\/p>\n<p>    <img   decoding=\"async\" loading=\"lazy\" class=\"size-large\" src=\"https:\/\/www.europesays.com\/fr\/wp-content\/uploads\/2025\/11\/138b2eba3a096078b2eba3a09da8b2v-960x640.jpeg\" alt=\"Gr\u00e9goire Furrer, directeur de Lillarious, est venu pr\u00e9senter l'\u00e9dition 2026 \u00e0 Lille (Nord), dans les locaux de We Are.\" width=\"960\" height=\"640\"\/><br \/>\n    Gr\u00e9goire Furrer, directeur de Lillarious, est venu pr\u00e9senter l\u2019\u00e9dition 2026 \u00e0 Lille (Nord), dans les locaux de We Are. \u00a9Amandine Vachez<\/p>\n<p class=\" wall-content\"><a href=\"https:\/\/www.instagram.com\/p\/DQZpgRQCDUw\/embed\" title=\"Ouvrir le lien sur Instagram\" rel=\"nofollow noopener\" target=\"_blank\">Visualiser le contenu sur Instagram<\/a><\/p>\n<p>\u00ab\u2009Dernier gala avant l\u2019IA\u2009\u00bb et autres singularit\u00e9s<\/p>\n<p class=\" wall-content\">L\u2019<a href=\"https:\/\/actu.fr\/hauts-de-france\/lille_59350\/lhumoriste-pv-en-spectacle-a-lille-ce-que-japprecie-cest-quand-les-gens-entrent-dans-ton-imaginaire_62602766.html\" rel=\"nofollow noopener\" target=\"_blank\">humoriste \u00ab\u2009PV\u2009\u00bb, Pierre Vittor, que vous avez d\u00e9j\u00e0 pu voir \u00e0 Lille<\/a>, se chargera d\u2019ouvrir le festival, avec le traditionnel gala, propre \u00e0 Lillarious et au Montreux Comedy. Avec son co-auteur Camille Masclef, ils sont en pleine \u00e9criture de ce show sur-mesure, baptis\u00e9 \u00ab\u2009Dernier gala avant l\u2019IA\u2009\u00bb. \u00ab\u2009On a voulu \u00e9voquer l\u2019intelligence artificielle et son rapport avec l\u2019humour.\u2009\u00bb L\u2019artiste animera la soir\u00e9e avec cette th\u00e9matique en trame de fond. \u00ab\u2009On doit construire ce spectacle, trouver des artistes qui nous plaisent et dont les sketchs peuvent s\u2019int\u00e9grer \u00e0 ce qu\u2019on a d\u00e9j\u00e0 en t\u00eate. On veut proposer quelque chose d\u2019intelligent et d\u2019atypique\u2009\u00bb, pr\u00e9sente l\u2019humoriste. Il sera donc le ma\u00eetre de c\u00e9r\u00e9monie de cette soir\u00e9e r\u00e9unissant 10 humoristes, dont <a href=\"https:\/\/actu.fr\/normandie\/l-aigle_61214\/avec-l-humoriste-doully-a-l-aigle-il-vaut-mieux-en-rire-qu-en-pleurer_60398509.html\" rel=\"nofollow noopener\" target=\"_blank\">Doully<\/a> et <a href=\"https:\/\/actu.fr\/hauts-de-france\/lille_59350\/fabien-olicard-en-spectacle-au-casino-barriere-a-lille-on-n-a-pas-besoin-de-chauffer-le-public_55788017.html\" rel=\"nofollow noopener\" target=\"_blank\">Fabien Olicard<\/a>.<\/p>\n<p>Une personne du public g\u00e2t\u00e9e et \u00c9lodie Poux en captation<\/p>\n<p class=\" wall-content\">Nouveaut\u00e9 sur cette \u00e9dition\u2009: \u00ab\u2009la formidable soir\u00e9e\u2009\u00bb. Dans la salle, une personne du public sera \u00ab\u2009la star\u2009\u00bb de la soir\u00e9e, et se verra offrir des cadeaux\u2026 et autres surprises. \u00ab\u2009Il va y avoir mati\u00e8re \u00e0 rire, peut-\u00eatre parfois des moments un peu g\u00eanants\u2026 Et un beau budget de cadeaux ! Tout \u00e7a est laiss\u00e9 au soin de Merwane Benlazar, qui organise, et qui sera accompagn\u00e9 d\u2019autres artistes \u2009\u00bb, annonce le directeur du festival. Autre nouveaut\u00e9\u2009: un gala stand-up, anim\u00e9 par Samuel Bambi. Le directeur pr\u00e9sente \u00ab\u2009un stand-uppeur qui est aussi un vrai showman\u2009!\u2009\u00bb<\/p>\n<p class=\" wall-content\">Alex Vizorek vous parlera musique classique le temps d\u2019une soir\u00e9e. La star de l\u2019humour \u00c9lodie Poux fait aussi partie de la s\u00e9lection de 2026. Elle fera \u00ab\u2009son cin\u00e9ma\u2009\u00bb, dans un spectacle cr\u00e9\u00e9 au Montreux Comedy, et qui sera capt\u00e9 \u00e0 Lille pour \u00eatre diffus\u00e9 \u00e0 la t\u00e9l\u00e9, sur les cha\u00eenes du groupe M6.<\/p>\n<p>Votre r\u00e9gion, votre actu !<\/p>\n<p>Recevez chaque jour les infos qui comptent pour vous.<\/p>\n<p>\t<a href=\"https:\/\/actu.fr\/newsletter\" class=\"ac-btn ac-btn--corner ac-btn--medium ac-btn--blue800\" rel=\"nofollow noopener\" target=\"_blank\">S&rsquo;incrire<\/a><br \/>\nRencontres et formations<\/p>\n<p class=\" wall-content\">\u00c0 c\u00f4t\u00e9 de ces dates, les artistes \u00e9mergents seront une nouvelle fois accompagn\u00e9s, au travers de plusieurs temps forts. \u00ab\u2009Avec Lillarious, on profite de se retrouver \u00e0 Lille pendant une semaine, l\u2019id\u00e9e est de cr\u00e9er une vraie synergie autour\u2009\u00bb, t\u00e9moigne Gr\u00e9goire Furrer.<\/p>\n<p class=\" wall-content\">Comme il le dit, si l\u2019\u00e9v\u00e9nement attire les curieux \u2013 20\u2009000\u00a0personnes en 2024, appuie la R\u00e9gion, partenaire le plus important de l\u2019\u00e9v\u00e9nement -, \u00ab\u2009on n\u2019a pas besoin d\u2019un festival pour rire \u00e0 Lille. La ville est bien lotie tout au long de l\u2019ann\u00e9e. Ce qu\u2019on veut, c\u2019est porter un \u00e9v\u00e9nement diff\u00e9rent, qui va amener aussi la cr\u00e9ation, et surtout faire que les artistes se rencontrent.\u2009\u00bb<\/p>\n<p>Pour en savoir plus sur les dates exactes et r\u00e9server, <a href=\"https:\/\/lillarious.com\/\" rel=\"nofollow noopener\" target=\"_blank\">rendez-vous sur le site officiel de Lillarious<\/a>.<\/p>\n<p class=\" wall-content\">Personnalisez votre actualit\u00e9 en ajoutant vos villes et m\u00e9dias en favori avec <a href=\"https:\/\/moncompte.actu.fr\" title=\"D\u00e9couvez Mon Actu\" rel=\"nofollow noopener\" data-trk=\"{&quot;cta&quot;:{&quot;action&quot;:&quot;https:\\\/\\\/moncompte.actu.fr&quot;,&quot;category&quot;:&quot;mon compte&quot;,&quot;from&quot;:&quot;article footer&quot;,&quot;name&quot;:&quot;Mon actu&quot;,&quot;type&quot;:&quot;cta&quot;}}\" target=\"_blank\">Mon Actu<\/a>.<\/p>\n<p>                    <script async src=\"\/\/www.instagram.com\/embed.js\"><\/script><\/p>\n","protected":false},"excerpt":{"rendered":"Par Amandine Vachez Publi\u00e9 le 5 nov. 2025 \u00e0 13h30 Il revient pour une 5e \u00e9dition en d\u00e9but&hellip;\n","protected":false},"author":2,"featured_media":513610,"comment_status":"","ping_status":"","sticky":false,"template":"","format":"standard","meta":{"footnotes":""},"categories":[2815],"tags":[1111,11,1777,674,1011,27,811,708,1307,1652,12,25,853],"class_list":{"0":"post-513609","1":"post","2":"type-post","3":"status-publish","4":"format-standard","5":"has-post-thumbnail","7":"category-lille","8":"tag-actu","9":"tag-actualites","10":"tag-eu","11":"tag-europe","12":"tag-fr","13":"tag-france","14":"tag-hauts-de-france","15":"tag-humour","16":"tag-lille","17":"tag-loisirs-culture","18":"tag-news","19":"tag-republique-francaise","20":"tag-spectacles"},"share_on_mastodon":{"url":"https:\/\/pubeurope.com\/@fr\/115497362757600399","error":""},"_links":{"self":[{"href":"https:\/\/www.europesays.com\/fr\/wp-json\/wp\/v2\/posts\/513609","targetHints":{"allow":["GET"]}}],"collection":[{"href":"https:\/\/www.europesays.com\/fr\/wp-json\/wp\/v2\/posts"}],"about":[{"href":"https:\/\/www.europesays.com\/fr\/wp-json\/wp\/v2\/types\/post"}],"author":[{"embeddable":true,"href":"https:\/\/www.europesays.com\/fr\/wp-json\/wp\/v2\/users\/2"}],"replies":[{"embeddable":true,"href":"https:\/\/www.europesays.com\/fr\/wp-json\/wp\/v2\/comments?post=513609"}],"version-history":[{"count":0,"href":"https:\/\/www.europesays.com\/fr\/wp-json\/wp\/v2\/posts\/513609\/revisions"}],"wp:featuredmedia":[{"embeddable":true,"href":"https:\/\/www.europesays.com\/fr\/wp-json\/wp\/v2\/media\/513610"}],"wp:attachment":[{"href":"https:\/\/www.europesays.com\/fr\/wp-json\/wp\/v2\/media?parent=513609"}],"wp:term":[{"taxonomy":"category","embeddable":true,"href":"https:\/\/www.europesays.com\/fr\/wp-json\/wp\/v2\/categories?post=513609"},{"taxonomy":"post_tag","embeddable":true,"href":"https:\/\/www.europesays.com\/fr\/wp-json\/wp\/v2\/tags?post=513609"}],"curies":[{"name":"wp","href":"https:\/\/api.w.org\/{rel}","templated":true}]}}