{"id":513634,"date":"2025-11-05T13:50:11","date_gmt":"2025-11-05T13:50:11","guid":{"rendered":"https:\/\/www.europesays.com\/fr\/513634\/"},"modified":"2025-11-05T13:50:11","modified_gmt":"2025-11-05T13:50:11","slug":"vers-la-fermeture-de-lespace-aerien-aux-etats-unis","status":"publish","type":"post","link":"https:\/\/www.europesays.com\/fr\/513634\/","title":{"rendered":"vers la fermeture de l\u2019espace a\u00e9rien aux \u00c9tats-Unis ?"},"content":{"rendered":"<p>\t\t\t\t\t Avec un personnel de plus en plus r\u00e9duit, et alors que se profile l\u2019une des f\u00eates les plus importantes du pays, le secr\u00e9taire aux Transports a tir\u00e9 la sonnette d\u2019alarme.<\/p>\n<p>\u00ab\u00a0Alors, si vous nous projetez dans une semaine, chers D\u00e9mocrates, vous verrez un chaos total.&#13;\t\t\t\t\t <\/p>\n<p>Vous verrez des retards massifs de vols.&#13;\t\t\t\t\t <\/p>\n<p><b>Vous verrez des annulations en s\u00e9rie, et il se pourrait que nous devions fermer certaines parties de l\u2019espace a\u00e9rien, car nous ne pourrons tout simplement pas g\u00e9rer la situation faute de contr\u00f4leurs<\/b> a\u00e9riens,\u00a0\u00bb a d\u00e9clar\u00e9 Sean Duffy, au micro <a class=\"liens\" href=\"https:\/\/abcnews.go.com\/US\/department-transportation-forced-shut-airspace-week-duffy\/story\" target=\"_blank\" rel=\"noopener\">d\u2019ABC News.<\/a>&#13;\t\t\t\t\t <\/p>\n<p>Une fa\u00e7on de mettre la pression sur les \u00e9lus d\u00e9mocrates pour les pousser \u00e0 valider enfin le budget f\u00e9d\u00e9ral.&#13;\t\t\t\t\t <\/p>\n<p>Malgr\u00e9 tout, cette menace intervient apr\u00e8s plusieurs avertissements similaires. &#13;\t\t\t\t\t <\/p>\n<p>En fin de semaine derni\u00e8re, le secr\u00e9taire aux Transports avait d\u00e9j\u00e0 d\u00e9clar\u00e9 que<b> le gouvernement pourrait retarder, voire annuler,<\/b> \u00ab\u00a0tout type de vol dans l\u2019espace a\u00e9rien national afin de garantir la s\u00e9curit\u00e9 des personnes.\u00a0\u00bb&#13;\t\t\t\t\t <\/p>\n<p>Dimanche 26 octobre, les vols internationaux \u00e0 destination de l\u2019a\u00e9roport de Los Angeles ont d\u00fb \u00eatre temporairement suspendus, en raison d\u2019une p\u00e9nurie de personnel.&#13;\t\t\t\t\t <\/p>\n<p><b>La situation est encore plus critique \u00e0 l\u2019a\u00e9roport international de Newark Liberty, o\u00f9 les retards et annulations se multiplient. Dimanche dernier, les arriv\u00e9es ont \u00e9t\u00e9 limit\u00e9es \u00e0 seulement 20 avions par heure.<\/b>\n\t\t\t\t <\/p>\n","protected":false},"excerpt":{"rendered":"Avec un personnel de plus en plus r\u00e9duit, et alors que se profile l\u2019une des f\u00eates les plus&hellip;\n","protected":false},"author":2,"featured_media":513635,"comment_status":"","ping_status":"","sticky":false,"template":"","format":"standard","meta":{"footnotes":""},"categories":[1589],"tags":[55322,11,73,1866,12,1864,1865,1863,308],"class_list":{"0":"post-513634","1":"post","2":"type-post","3":"status-publish","4":"format-standard","5":"has-post-thumbnail","7":"category-etats-unis","8":"tag-shutdown","9":"tag-actualites","10":"tag-etats-unis","11":"tag-etats-unis-damerique","12":"tag-news","13":"tag-united-states","14":"tag-united-states-of-america","15":"tag-us","16":"tag-usa"},"share_on_mastodon":{"url":"https:\/\/pubeurope.com\/@fr\/115497417179364399","error":""},"_links":{"self":[{"href":"https:\/\/www.europesays.com\/fr\/wp-json\/wp\/v2\/posts\/513634","targetHints":{"allow":["GET"]}}],"collection":[{"href":"https:\/\/www.europesays.com\/fr\/wp-json\/wp\/v2\/posts"}],"about":[{"href":"https:\/\/www.europesays.com\/fr\/wp-json\/wp\/v2\/types\/post"}],"author":[{"embeddable":true,"href":"https:\/\/www.europesays.com\/fr\/wp-json\/wp\/v2\/users\/2"}],"replies":[{"embeddable":true,"href":"https:\/\/www.europesays.com\/fr\/wp-json\/wp\/v2\/comments?post=513634"}],"version-history":[{"count":0,"href":"https:\/\/www.europesays.com\/fr\/wp-json\/wp\/v2\/posts\/513634\/revisions"}],"wp:featuredmedia":[{"embeddable":true,"href":"https:\/\/www.europesays.com\/fr\/wp-json\/wp\/v2\/media\/513635"}],"wp:attachment":[{"href":"https:\/\/www.europesays.com\/fr\/wp-json\/wp\/v2\/media?parent=513634"}],"wp:term":[{"taxonomy":"category","embeddable":true,"href":"https:\/\/www.europesays.com\/fr\/wp-json\/wp\/v2\/categories?post=513634"},{"taxonomy":"post_tag","embeddable":true,"href":"https:\/\/www.europesays.com\/fr\/wp-json\/wp\/v2\/tags?post=513634"}],"curies":[{"name":"wp","href":"https:\/\/api.w.org\/{rel}","templated":true}]}}