{"id":513650,"date":"2025-11-05T13:58:11","date_gmt":"2025-11-05T13:58:11","guid":{"rendered":"https:\/\/www.europesays.com\/fr\/513650\/"},"modified":"2025-11-05T13:58:11","modified_gmt":"2025-11-05T13:58:11","slug":"il-sagit-dune-evolution-fantastique-le-liv-golf-continue-sa-mue-et-passe-a-72-trous-lequipe","status":"publish","type":"post","link":"https:\/\/www.europesays.com\/fr\/513650\/","title":{"rendered":"\u00ab Il s&#039;agit d&#039;une \u00e9volution fantastique \u00bb : le LIV Golf continue sa mue et passe \u00e0 72 trous &#8211; L&#039;\u00c9quipe"},"content":{"rendered":"<ol>\n<li><a href=\"https:\/\/news.google.com\/rss\/articles\/CBMizgFBVV95cUxQb19qcm1kS01UN1dza1lYQjBEeExXWUQ0VTdBdDVGb2VDUTdGbVk0N0xibUExcmRNbGw2cU4yVWx2M0xhcHhwdDA5UzF0M0N6Rk8zWUpfQU5rX3J3ZHdacDlWcDF5N21oaFcwWjRVOFlkYzg1SnBUQnBFOGdGQUUwUk53VXNMbzllci1FMUx2WVNBdk1YY2NSdTVjYVV6SGVVUTRweXVYR1VGdDVpbW83SU81RV9zT3FIaUlWTmtsNU12RS1DbEFXYUF3ZFY5Zw?oc=5\" target=\"_blank\" rel=\"nofollow noopener\">\u00ab Il s&rsquo;agit d&rsquo;une \u00e9volution fantastique \u00bb : le LIV Golf continue sa mue et passe \u00e0 72 trous<\/a>&nbsp;&nbsp;L&rsquo;\u00c9quipe<\/li>\n<li><a href=\"https:\/\/news.google.com\/rss\/articles\/CBMiwgFBVV95cUxNQkkwUDFHc1otSEV5QlFldlkxdHVlUHBSdTgzMVBpRkxNWlk5dkl2ay1DZmZfOVk5U0JPLXJWWDFhNzFQZHFlMGtUdUpING1fa1U0NFUtR3dRbGttdVZWTTVmLUh5d3JhcjBVa0dwbWdpRTRPNm92cEVMRFhZbmllZTFUZGw4YkluckxZSEZuRVNfaDVGaXJ1LTBMTV84Q0FXa0hSUXI1MFhUMmtMSzJWY3pVdjIzaC13YXhFSmRSOW1VZw?oc=5\" target=\"_blank\" rel=\"nofollow noopener\">Coup de tonnerre, le LIV Golf annonce un changement fracassant dans son format de jeu<\/a>&nbsp;&nbsp;Golf Plan\u00e8te<\/li>\n<li><a href=\"https:\/\/news.google.com\/rss\/articles\/CBMilgJBVV95cUxNaTFMQzc4MC11am1rMEpmcjVIRm9KUzFSZnpmampMM2UtYWxLMWtka2dINHlMUS1ydXl1andCWWhiT2lvY2djckNCZzhaTUtzY1JyN29FeVBMb2RxWXNVd0JBMFFQZGJVdTM4ZGZTNlJSc0lTeEJIYnFSNThKelFmWE8xbUpxWURobGdpa3RKQWdXLXhUOGktQjE5UENHQThkbzI1c0tZbXh4SWdVZlJ0Nlh5T1hCblJHZTlZNEYybjF0MER1Mk5nVFBuemV5cHJJaXhhVU1NdWJwcVhrcjllLXMzWGp5Z25lWVNGS09oMERxWkRBRDZJSWt3S2lyeVpUT2ZSYlNXc3Exa2FyVVVsdWJPV2FDZw?oc=5\" target=\"_blank\" rel=\"nofollow noopener\">Un joueur de plus, un tournoi d&rsquo;accession d\u00e9localis\u00e9 en Floride : le LIV Golf d\u00e9voile ses nouveaut\u00e9s pour la saison 2026<\/a>&nbsp;&nbsp;MSN<\/li>\n<li><a href=\"https:\/\/news.google.com\/rss\/articles\/CBMijwFBVV95cUxQOVdsT0xYMFZwWmlaMlZyaWwtWS1wUWctYUVDRjVfMHdZZEloWm1nVmN0WXpybUduTjBPZHU5c25oTktoMHRDRHZBNnFqaEVVbGZXc1VSbnRSRDgwQnhBZGhkTzJuWl9aLUtVMm50SEQxSGNYeWNHWHowbHNaRVBHNWNwODU5T3l3MGozY29GVQ?oc=5\" target=\"_blank\" rel=\"nofollow noopener\">LIV Golf : c\u2019est parti pour le Mercato !<\/a>&nbsp;&nbsp;Le Figaro Golf<\/li>\n<li><a href=\"https:\/\/news.google.com\/rss\/articles\/CBMiywFBVV95cUxNeTdQMUtXOEFld3o2NFFqSEpZNTJRcktkNi1Ra0RHeEd2QmdCMDRJdFZuNURVcWpDVHFnVzRIZ3JsMzhKQnVESzRvMkZxTEdNZm03Q2Q1MF9zSjEzRTVya1VqMUlqZVpHUE9mcU5nMXQ3SDJoVmpYdlBhX3NVbEsyMVlrYTlMeC14cC1rVzVfMENVZTFEUElrbFA2SkYyN2pQbFl0YzdDQ2UzM2xTbzRETjA0RldtdUpqTnJHbDRNWTk4MmVjUHB4anV6cw?oc=5\" target=\"_blank\" rel=\"nofollow noopener\">Circuit LIV | Rory McIlroy juge \u00ab particuli\u00e8re \u00bb la d\u00e9cision de passer \u00e0 quatre rondes<\/a>&nbsp;&nbsp;La Presse<\/li>\n<\/ol>\n","protected":false},"excerpt":{"rendered":"\u00ab Il s&rsquo;agit d&rsquo;une \u00e9volution fantastique \u00bb : le LIV Golf continue sa mue et passe \u00e0 72&hellip;\n","protected":false},"author":2,"featured_media":513651,"comment_status":"","ping_status":"","sticky":false,"template":"","format":"standard","meta":{"footnotes":""},"categories":[1418],"tags":[1011,27,1472,60],"class_list":{"0":"post-513650","1":"post","2":"type-post","3":"status-publish","4":"format-standard","5":"has-post-thumbnail","7":"category-golf","8":"tag-fr","9":"tag-france","10":"tag-golf","11":"tag-sports"},"share_on_mastodon":{"url":"https:\/\/pubeurope.com\/@fr\/115497448433872801","error":""},"_links":{"self":[{"href":"https:\/\/www.europesays.com\/fr\/wp-json\/wp\/v2\/posts\/513650","targetHints":{"allow":["GET"]}}],"collection":[{"href":"https:\/\/www.europesays.com\/fr\/wp-json\/wp\/v2\/posts"}],"about":[{"href":"https:\/\/www.europesays.com\/fr\/wp-json\/wp\/v2\/types\/post"}],"author":[{"embeddable":true,"href":"https:\/\/www.europesays.com\/fr\/wp-json\/wp\/v2\/users\/2"}],"replies":[{"embeddable":true,"href":"https:\/\/www.europesays.com\/fr\/wp-json\/wp\/v2\/comments?post=513650"}],"version-history":[{"count":0,"href":"https:\/\/www.europesays.com\/fr\/wp-json\/wp\/v2\/posts\/513650\/revisions"}],"wp:featuredmedia":[{"embeddable":true,"href":"https:\/\/www.europesays.com\/fr\/wp-json\/wp\/v2\/media\/513651"}],"wp:attachment":[{"href":"https:\/\/www.europesays.com\/fr\/wp-json\/wp\/v2\/media?parent=513650"}],"wp:term":[{"taxonomy":"category","embeddable":true,"href":"https:\/\/www.europesays.com\/fr\/wp-json\/wp\/v2\/categories?post=513650"},{"taxonomy":"post_tag","embeddable":true,"href":"https:\/\/www.europesays.com\/fr\/wp-json\/wp\/v2\/tags?post=513650"}],"curies":[{"name":"wp","href":"https:\/\/api.w.org\/{rel}","templated":true}]}}