{"id":513658,"date":"2025-11-05T14:06:13","date_gmt":"2025-11-05T14:06:13","guid":{"rendered":"https:\/\/www.europesays.com\/fr\/513658\/"},"modified":"2025-11-05T14:06:13","modified_gmt":"2025-11-05T14:06:13","slug":"psg-bayern-que-risque-luis-diaz-apres-son-vilain-tacle-sur-achraf-hakimi","status":"publish","type":"post","link":"https:\/\/www.europesays.com\/fr\/513658\/","title":{"rendered":"PSG-Bayern : que risque Luis Diaz apr\u00e8s son vilain tacle sur Achraf Hakimi ?"},"content":{"rendered":"<p>Selon Le Parisien, le r\u00e8glement de l\u2019UEFA pr\u00e9voit une suspension automatique d\u2019un match pour tout carton rouge, ce qui privera Diaz de la rencontre face \u00e0 Arsenal, programm\u00e9e le 26 novembre. Mais l\u2019instance europ\u00e9enne peut d\u00e9cider d\u2019aggraver la sanction dans le cadre d\u2019une infraction grave, selon l\u2019article 63.01 du r\u00e8glement de la C1, qui stipule que \u00ab dans le cas d\u2019une infraction grave, les instances disciplinaires de l\u2019UEFA sont habilit\u00e9es \u00e0 aggraver la sanction \u00bb.<\/p>\n<p>En pratique, la suspension pourrait atteindre trois matchs et affecter \u00e9galement les rencontres contre le Sporting CP (9 d\u00e9cembre) et l\u2019Union Saint-Gilloise (21 janvier), avant un \u00e9ventuel retour lors de la derni\u00e8re journ\u00e9e de phase r\u00e9guli\u00e8re, le 28 janvier sur la pelouse du PSV Eindhoven.<\/p>\n<p>Historiquement, une sanction d\u00e9passant trois matchs reste rare. Depuis 2020, seul Stefan Savic avait \u00e9t\u00e9 \u00e9cart\u00e9 quatre matchs apr\u00e8s un coup de coude sur Antonio R\u00fcdiger, une peine finalement r\u00e9duite \u00e0 trois rencontres.<\/p>\n","protected":false},"excerpt":{"rendered":"Selon Le Parisien, le r\u00e8glement de l\u2019UEFA pr\u00e9voit une suspension automatique d\u2019un match pour tout carton rouge, ce&hellip;\n","protected":false},"author":2,"featured_media":513659,"comment_status":"","ping_status":"","sticky":false,"template":"","format":"standard","meta":{"footnotes":""},"categories":[1410],"tags":[16288,4782,448,63,1011,27,63450,447,91,60],"class_list":{"0":"post-513658","1":"post","2":"type-post","3":"status-publish","4":"format-standard","5":"has-post-thumbnail","7":"category-football","8":"tag-a-hakimi","9":"tag-bayern-munich","10":"tag-champions-league","11":"tag-football","12":"tag-fr","13":"tag-france","14":"tag-l-diaz","15":"tag-ligue-des-champions","16":"tag-paris-saint-germain","17":"tag-sports"},"share_on_mastodon":{"url":"https:\/\/pubeurope.com\/@fr\/115497480127446681","error":""},"_links":{"self":[{"href":"https:\/\/www.europesays.com\/fr\/wp-json\/wp\/v2\/posts\/513658","targetHints":{"allow":["GET"]}}],"collection":[{"href":"https:\/\/www.europesays.com\/fr\/wp-json\/wp\/v2\/posts"}],"about":[{"href":"https:\/\/www.europesays.com\/fr\/wp-json\/wp\/v2\/types\/post"}],"author":[{"embeddable":true,"href":"https:\/\/www.europesays.com\/fr\/wp-json\/wp\/v2\/users\/2"}],"replies":[{"embeddable":true,"href":"https:\/\/www.europesays.com\/fr\/wp-json\/wp\/v2\/comments?post=513658"}],"version-history":[{"count":0,"href":"https:\/\/www.europesays.com\/fr\/wp-json\/wp\/v2\/posts\/513658\/revisions"}],"wp:featuredmedia":[{"embeddable":true,"href":"https:\/\/www.europesays.com\/fr\/wp-json\/wp\/v2\/media\/513659"}],"wp:attachment":[{"href":"https:\/\/www.europesays.com\/fr\/wp-json\/wp\/v2\/media?parent=513658"}],"wp:term":[{"taxonomy":"category","embeddable":true,"href":"https:\/\/www.europesays.com\/fr\/wp-json\/wp\/v2\/categories?post=513658"},{"taxonomy":"post_tag","embeddable":true,"href":"https:\/\/www.europesays.com\/fr\/wp-json\/wp\/v2\/tags?post=513658"}],"curies":[{"name":"wp","href":"https:\/\/api.w.org\/{rel}","templated":true}]}}