{"id":513668,"date":"2025-11-05T14:12:32","date_gmt":"2025-11-05T14:12:32","guid":{"rendered":"https:\/\/www.europesays.com\/fr\/513668\/"},"modified":"2025-11-05T14:12:32","modified_gmt":"2025-11-05T14:12:32","slug":"avec-deux-procureurs-le-cineaste-sergei-loznitsa-au-coeur-du-systeme-totalitaire-sovietique","status":"publish","type":"post","link":"https:\/\/www.europesays.com\/fr\/513668\/","title":{"rendered":"Avec \u00ab\u00a0Deux procureurs\u00a0\u00bb, le cin\u00e9aste Sergei Loznitsa au c\u0153ur du syst\u00e8me totalitaire sovi\u00e9tique"},"content":{"rendered":"<p>                     <img loading=\"lazy\" decoding=\"async\" src=\"https:\/\/www.europesays.com\/fr\/wp-content\/uploads\/2025\/11\/74460f6_upload-1-iudf0r3r6l6o-str6064-copie.jpg\" alt=\"Alexandre Kouznetsov (Alexander Kornev), dans \u00ab\u00a0Deux procureurs\u00a0\u00bb, de Sergei Loznitsa.\"   width=\"664\" height=\"443\"\/>    Alexandre Kouznetsov (Alexander Kornev), dans \u00ab\u00a0Deux procureurs\u00a0\u00bb, de Sergei Loznitsa.  ANDREJS STROKINS\/PYRAMIDE DISTRIBUTION                <\/p>\n<blockquote class=\"article__catchphrase\">\n<p class=\"article__quote\">L\u2019AVIS DU \u00ab\u00a0MONDE\u00a0\u00bb \u2013 \u00c0 NE PAS MANQUER<\/p>\n<\/blockquote>\n<p class=\"article__paragraph  \">C\u2019est un conte circulaire, qui s\u2019ach\u00e8ve exactement o\u00f9 il avait commenc\u00e9, sur une porte de prison qui s\u2019ouvre, lourde, et se ferme en grin\u00e7ant sur le regard du spectateur. Entre les deux, Deux procureurs tient tout entier, d\u00e9roulant le parcours obstin\u00e9 du protagoniste, traversant diverses officines de l\u2019Union sovi\u00e9tique de 1937 au plus fort de la r\u00e9pression stalinienne, lanc\u00e9 dans une d\u00e9marche administrative qui se r\u00e9v\u00e9lera une descente aux enfers.<\/p>\n<p class=\"article__paragraph  \">Cette enfilade de couloirs qui ne d\u00e9bouchent que sur eux-m\u00eames, on la conna\u00eet bien\u00a0: c\u2019est le d\u00e9cor labyrinthique du Proc\u00e8s, de Kafka, ou d\u2019un in\u00e9puisable fonds de nouvelles russes, du Double, de Dosto\u00efevski, \u00e0 La\u00a0Fosse, de Platonov, qui d\u00e9crivent tous le m\u00eame syst\u00e8me sans \u00e9chappatoire. L\u2019Ukrainien Sergei Loznitsa, vent debout contre l\u2019agresseur russe dans ses documentaires <a href=\"https:\/\/www.lemonde.fr\/culture\/article\/2025\/10\/08\/l-invasion-fragments-de-la-vie-quotidienne-en-ukraine-non-loin-du-front_6645295_3246.html\" rel=\"nofollow noopener\" target=\"_blank\">(L\u2019Invasion, sorti en octobre<\/a>) comme dans ses fictions, adapte ici une nouvelle moins connue, un texte maudit, interdit pendant quarante ans, de <a href=\"https:\/\/www.lemonde.fr\/livres\/article\/2025\/05\/31\/merveilleuse-planete-gueorgui-demidov-une-uvre-arrachee-au-goulag_6609457_3260.html\" rel=\"nofollow noopener\" target=\"_blank\">Gueorgui Demidov (1909-1987)<\/a>, scientifique sovi\u00e9tique envoy\u00e9 au goulag.<\/p>\n<p class=\"reading-mode-only \"><strong>Il vous reste 81.33% de cet article \u00e0 lire. La suite est r\u00e9serv\u00e9e aux abonn\u00e9s.<\/strong><\/p>\n","protected":false},"excerpt":{"rendered":"Alexandre Kouznetsov (Alexander Kornev), dans \u00ab\u00a0Deux procureurs\u00a0\u00bb, de Sergei Loznitsa. ANDREJS STROKINS\/PYRAMIDE DISTRIBUTION L\u2019AVIS DU \u00ab\u00a0MONDE\u00a0\u00bb \u2013 \u00c0&hellip;\n","protected":false},"author":2,"featured_media":513669,"comment_status":"","ping_status":"","sticky":false,"template":"","format":"standard","meta":{"footnotes":""},"categories":[1354],"tags":[58,59,1346,1011,27,1360],"class_list":{"0":"post-513668","1":"post","2":"type-post","3":"status-publish","4":"format-standard","5":"has-post-thumbnail","7":"category-films","8":"tag-divertissement","9":"tag-entertainment","10":"tag-films","11":"tag-fr","12":"tag-france","13":"tag-movies"},"share_on_mastodon":{"url":"https:\/\/pubeurope.com\/@fr\/115497504253781242","error":""},"_links":{"self":[{"href":"https:\/\/www.europesays.com\/fr\/wp-json\/wp\/v2\/posts\/513668","targetHints":{"allow":["GET"]}}],"collection":[{"href":"https:\/\/www.europesays.com\/fr\/wp-json\/wp\/v2\/posts"}],"about":[{"href":"https:\/\/www.europesays.com\/fr\/wp-json\/wp\/v2\/types\/post"}],"author":[{"embeddable":true,"href":"https:\/\/www.europesays.com\/fr\/wp-json\/wp\/v2\/users\/2"}],"replies":[{"embeddable":true,"href":"https:\/\/www.europesays.com\/fr\/wp-json\/wp\/v2\/comments?post=513668"}],"version-history":[{"count":0,"href":"https:\/\/www.europesays.com\/fr\/wp-json\/wp\/v2\/posts\/513668\/revisions"}],"wp:featuredmedia":[{"embeddable":true,"href":"https:\/\/www.europesays.com\/fr\/wp-json\/wp\/v2\/media\/513669"}],"wp:attachment":[{"href":"https:\/\/www.europesays.com\/fr\/wp-json\/wp\/v2\/media?parent=513668"}],"wp:term":[{"taxonomy":"category","embeddable":true,"href":"https:\/\/www.europesays.com\/fr\/wp-json\/wp\/v2\/categories?post=513668"},{"taxonomy":"post_tag","embeddable":true,"href":"https:\/\/www.europesays.com\/fr\/wp-json\/wp\/v2\/tags?post=513668"}],"curies":[{"name":"wp","href":"https:\/\/api.w.org\/{rel}","templated":true}]}}