{"id":513674,"date":"2025-11-05T14:15:16","date_gmt":"2025-11-05T14:15:16","guid":{"rendered":"https:\/\/www.europesays.com\/fr\/513674\/"},"modified":"2025-11-05T14:15:16","modified_gmt":"2025-11-05T14:15:16","slug":"apres-les-accusations-de-la-chanteuse-hoshi-son-ex-compagne-gia-martinelli-repond-sur-instagram","status":"publish","type":"post","link":"https:\/\/www.europesays.com\/fr\/513674\/","title":{"rendered":"apr\u00e8s les accusations de la chanteuse Hoshi, son ex-compagne Gia Martinelli, r\u00e9pond sur Instagram"},"content":{"rendered":"<p class=\"article-p mdl\">C&rsquo;est d\u00e9sormais parole contre parole. Au lendemain de la publication d&rsquo;un long texte de la chanteuse Hoshi sur Instagram dans lequel l&rsquo;artiste d\u00e9crivait une relation toxique avec son ex-compagne et manageuse <strong>Gia Martinelli,<\/strong> cette derni\u00e8re prend \u00e0 son tour la plume. Sur le m\u00eame r\u00e9seau social, Gia Martinelli contre-attaque ce mercredi 5 novembre. \u00ab\u00a0J&rsquo;ai d\u00e9couvert avec stupeur hier soir la campagne particuli\u00e8rement calomnieuse lanc\u00e9e \u00e0 mon encontre sur les r\u00e9seaux sociaux par mon ancienne compagne\u00a0\u00bb, \u00e9crit-elle.\u00a0<\/p>\n<p class=\"article-p mdl\">\u00ab\u00a0Tout peut-\u00eatre dit, mais tout n&rsquo;est pas utile, surtout lorsque c&rsquo;est mensonger, scandaleux et indigne de notre histoire d&rsquo;amour et de notre relation professionnelle, poursuit-elle. \u00c0 compter de ce jour, <strong>je poursuivrai toute atteinte \u00e0 ma dignit\u00e9, mon honneur, ma r\u00e9putation devant les juridictions comp\u00e9tentes\u00a0\u00bb.\u00a0<\/strong><\/p>\n<p class=\"article-p mdl\">La veille,\u00a0<a class=\"link\" href=\"https:\/\/www.rtl.fr\/culture\/medias-people\/j-ai-dit-non-mes-refus-n-ont-pas-ete-ecoutes-sur-instagram-la-chanteuse-hoshi-accuse-son-ex-compagne-et-manageuse-7900562028\" title=\"&quot;J&#039;ai dit non. Mes refus n&#039;ont pas \u00e9t\u00e9 \u00e9cout\u00e9s&quot; : sur Instagram, la chanteuse Hoshi accuse son ex-compagne et manageuse\" target=\"_blank\" rel=\"noopener\">Hoshi a annonc\u00e9 ne plus vouloir se taire et t\u00e9moigner<\/a>. \u00ab\u00a0J&rsquo;ai hurl\u00e9 en silence pendant des mois. Cela fait trop longtemps que je me tais\u00a0\u00bb, \u00e9crivait-elle. Plusieurs plaintes ont \u00e9t\u00e9 d\u00e9pos\u00e9es contre mon ex-compagne et ex-manageuse, pour des faits qui font aujourd&rsquo;hui l&rsquo;objet d&rsquo;une enqu\u00eate, annon\u00e7ait-elle. J&rsquo;ai \u00e9t\u00e9 salie, abus\u00e9e, et je ne peux laisser cette situation perdurer. (&#8230;) Je me suis retrouv\u00e9e plusieurs fois dans des situations o\u00f9 mon consentement n&rsquo;existait plus. Avec elle. Et avec celle qui partage aujourd&rsquo;hui sa vie\u00a0\u00bb.<\/p>\n<p>            \u00ab\u00a0Je ne me tairai plus\u00a0\u00bb<\/p>\n<p class=\"article-p mdl\">Sans rentrer dans le d\u00e9tail des situations, Hoshi d\u00e9peignait une relation d&#8217;emprise. \u00ab\u00a0J&rsquo;ai dit non. J&rsquo;ai r\u00e9p\u00e9t\u00e9 que je ne le voulais pas. J&rsquo;ai dit que je le vivais mal. Mais mes refus n&rsquo;ont pas \u00e9t\u00e9 \u00e9cout\u00e9s, ni respect\u00e9s, assure-t-elle. Elle m&rsquo;a impos\u00e9 ces moments alors qu&rsquo;elle savait que je n&rsquo;\u00e9tais pas d&rsquo;accord. <strong>Elle a contourn\u00e9 mes limites, me faisant croire que c\u00e9der c&rsquo;\u00e9tait aimer.\u00a0\u00bb<\/strong><br \/>Et la chanteuse de poursuivre : \u00ab\u00a0Je cherchais son approbation pour tout, tout le temps. J&rsquo;ai \u00e9t\u00e9 tromp\u00e9e, manipul\u00e9e, humili\u00e9e, r\u00e9duite au silence en me faisant croire que j&rsquo;\u00e9tais folle. Je l&rsquo;ai d\u00e9couvert qu&rsquo;elle s&rsquo;\u00e9tait arrog\u00e9e le droit de choisir \u00e0 ma place et m\u00eame de signer des documents \u00e0 ma place, qu&rsquo;elle utilise aujourd&rsquo;hui pour tenter de <strong>me r\u00e9clamer de l&rsquo;argent\u00a0\u00bb.<\/strong><\/p>\n<p class=\"article-p mdl\">Comme\u00a0Gia Martinelli, Hoshi avait indiqu\u00e9 vouloir laisser cette affaire entre les mais de l&rsquo;institution judiciaire\u00a0: <strong>\u00ab\u00a0Je laisse d\u00e9sormais la justice faire son travail.<\/strong> Mais je ne me tairai plus\u00a0\u00bb, promettait-elle.<\/p>\n<p>    La r\u00e9daction vous recommande<\/p>\n<p class=\"s-newsletter__title\">\n                L\u2019actualit\u00e9 par la r\u00e9daction de RTL dans votre bo\u00eete mail.\n            <\/p>\n<p class=\"s-newsletter__subtitle\">\n                Gr\u00e2ce \u00e0 votre compte RTL abonnez-vous \u00e0 la newsletter RTL info pour suivre toute l&rsquo;actualit\u00e9 au quotidien\n            <\/p>\n<p>\n                                    Lire la suite\n                                <\/p>\n","protected":false},"excerpt":{"rendered":"C&rsquo;est d\u00e9sormais parole contre parole. Au lendemain de la publication d&rsquo;un long texte de la chanteuse Hoshi sur&hellip;\n","protected":false},"author":2,"featured_media":513675,"comment_status":"","ping_status":"","sticky":false,"template":"","format":"standard","meta":{"footnotes":""},"categories":[8],"tags":[58,59,2414,107,1011,27,303,873,973],"class_list":{"0":"post-513674","1":"post","2":"type-post","3":"status-publish","4":"format-standard","5":"has-post-thumbnail","7":"category-divertissement","8":"tag-divertissement","9":"tag-entertainment","10":"tag-fil-culture","11":"tag-fil-info","12":"tag-fr","13":"tag-france","14":"tag-justice","15":"tag-musique","16":"tag-people"},"share_on_mastodon":{"url":"https:\/\/pubeurope.com\/@fr\/115497516121693876","error":""},"_links":{"self":[{"href":"https:\/\/www.europesays.com\/fr\/wp-json\/wp\/v2\/posts\/513674","targetHints":{"allow":["GET"]}}],"collection":[{"href":"https:\/\/www.europesays.com\/fr\/wp-json\/wp\/v2\/posts"}],"about":[{"href":"https:\/\/www.europesays.com\/fr\/wp-json\/wp\/v2\/types\/post"}],"author":[{"embeddable":true,"href":"https:\/\/www.europesays.com\/fr\/wp-json\/wp\/v2\/users\/2"}],"replies":[{"embeddable":true,"href":"https:\/\/www.europesays.com\/fr\/wp-json\/wp\/v2\/comments?post=513674"}],"version-history":[{"count":0,"href":"https:\/\/www.europesays.com\/fr\/wp-json\/wp\/v2\/posts\/513674\/revisions"}],"wp:featuredmedia":[{"embeddable":true,"href":"https:\/\/www.europesays.com\/fr\/wp-json\/wp\/v2\/media\/513675"}],"wp:attachment":[{"href":"https:\/\/www.europesays.com\/fr\/wp-json\/wp\/v2\/media?parent=513674"}],"wp:term":[{"taxonomy":"category","embeddable":true,"href":"https:\/\/www.europesays.com\/fr\/wp-json\/wp\/v2\/categories?post=513674"},{"taxonomy":"post_tag","embeddable":true,"href":"https:\/\/www.europesays.com\/fr\/wp-json\/wp\/v2\/tags?post=513674"}],"curies":[{"name":"wp","href":"https:\/\/api.w.org\/{rel}","templated":true}]}}