{"id":513676,"date":"2025-11-05T14:16:36","date_gmt":"2025-11-05T14:16:36","guid":{"rendered":"https:\/\/www.europesays.com\/fr\/513676\/"},"modified":"2025-11-05T14:16:36","modified_gmt":"2025-11-05T14:16:36","slug":"les-produits-samsung-ne-sont-pas-epargnes-lors-du-pre-black-friday-les-11-meilleures-offres","status":"publish","type":"post","link":"https:\/\/www.europesays.com\/fr\/513676\/","title":{"rendered":"Les produits Samsung ne sont pas \u00e9pargn\u00e9s lors du pr\u00e9-Black Friday : les 11 meilleures offres"},"content":{"rendered":"<p>Le pr\u00e9-Black Friday d\u00e9marre chez plusieurs e-commer\u00e7ants avec de belles r\u00e9ductions sur de nombreux produits tech. Samsung est aussi de la partie : t\u00e9l\u00e9viseurs, smartphones, tablettes\u2026 tout y passe. Voici notre s\u00e9lection des meilleures offres de la marque.<\/p>\n<p><a target=\"_blank\" href=\"https:\/\/images.frandroid.com\/wp-content\/uploads\/2025\/11\/samsung-pre-black-friday-1.jpg\" class=\"article-content__figure\" rel=\"noopener\"><img fetchpriority=\"high\" decoding=\"async\" loading=\"eager\" width=\"1200\" height=\"675\" src=\"https:\/\/www.europesays.com\/fr\/wp-content\/uploads\/2025\/11\/samsung-pre-black-friday-1.jpg\" alt=\"\" class=\"wp-image-2856443 wp-image wp-image\"  \/><\/a><\/p>\n<p>Les produits estampill\u00e9s Samsung sont nombreux,\u00a0<a href=\"https:\/\/www.frandroid.com\/guide-dachat\/386688_quels-smartphone-samsung-choisir-parmi-les-differentes-gammes-galaxy\" target=\"_blank\" rel=\"noopener\">smartphones<\/a>, t\u00e9l\u00e9viseurs,\u00a0<a href=\"https:\/\/www.frandroid.com\/guide-dachat\/guide-tablettes\/320702_guide-dachat-tablette-choisir-noel\" target=\"_blank\" rel=\"noopener\">tablette tactile<\/a>,\u00a0<a href=\"https:\/\/www.frandroid.com\/guide-dachat\/guide-audio\/617347_quelle-barre-de-son-choisir-en-fonction-de-son-budget-en-2019\" target=\"_blank\" rel=\"noopener\">barre de son<\/a>, <a href=\"https:\/\/www.frandroid.com\/guide-dachat\/843269_meilleurs-videoprojecteurs-selection\" target=\"_blank\" rel=\"noopener\">vid\u00e9oprojecteurs<\/a>\u2026 \u00a0Et, pour en profiter aux meilleurs prix, quoi de mieux que <a href=\"https:\/\/www.frandroid.com\/bons-plans\/2849105_black-friday-2025-lavant-premiere-fait-le-plein-doffres-ce-dimanche-voici-les-meilleurs-bons-plans-en-direct\" target=\"_blank\" rel=\"noopener\">le pr\u00e9-Black Friday<\/a> ? Cette p\u00e9riode est id\u00e9ale pour vous permettre de faire des \u00e9conomies sur les meilleures r\u00e9f\u00e9rences de la marque sud-cor\u00e9enne. D\u00e9couvrez celles qui valent r\u00e9ellement le coup dans cet article. <\/p>\n<p>Quelles sont les offres Samsung \u00e0 saisir lors du pr\u00e9-Black Friday ?<\/p>\n<p>Samsung Odyssey OLED G5<\/p>\n<p>\u00c0 l\u2019occasion de ce Pr\u00e9-Black Friday, Boulanger offre l\u2019opportunit\u00e9 aux gamers \u00e0 la recherche d\u2019un \u00e9cran de tr\u00e8s haute qualit\u00e9 de renforcer leur setup en accueillant le Samsung Odyssey OLED G5  pour 429 euros contre 649 euros habituellement. <\/p>\n<p><a href=\"https:\/\/images.frandroid.com\/wp-content\/uploads\/2025\/11\/samsung-odyssey-oled-g5-pre-black-friday.jpg\" target=\"_blank\" class=\"article-content__figure\" rel=\"noopener\"><img loading=\"lazy\" decoding=\"async\" width=\"1200\" height=\"675\" src=\"https:\/\/www.europesays.com\/fr\/wp-content\/uploads\/2025\/11\/samsung-odyssey-oled-g5-pre-black-friday-1200x675.jpg\" alt=\"\" class=\"wp-image-2856021 wp-image\"  \/><\/a><\/p>\n<p>Les points forts du Samsung Odyssey OLED G5 <\/p>\n<ul class=\"wp-block-list\">\n<li>Un exceptionnel temps de r\u00e9ponse de 0,03ms<\/li>\n<li>La dalle OLED pour b\u00e9n\u00e9ficier d\u2019une qualit\u00e9 d\u2019image maximale<\/li>\n<li>Un filtre lumi\u00e8re bleue pour prot\u00e9ger vos yeux et garantir de longues sessions de jeu sans s\u2019ab\u00eemer la r\u00e9tine<\/li>\n<\/ul>\n<p>Alors qu\u2019il co\u00fbte habituellement 649,99 euros, Boulanger descend le prix de cet \u00e9cran Samsung Odyssey OLED G5 \u00e0 429,99 euros gr\u00e2ce au code <strong>BFG5220<\/strong>.<\/p>\n<p>Batterie externe Samsung <\/p>\n<p>Si les\u00a0<a href=\"https:\/\/www.frandroid.com\/guide-dachat\/smartphones\/332196_10-smartphones-attendus-debut-2016\" target=\"_blank\" rel=\"noopener\">smartphones<\/a>\u00a0sont mieux loti c\u00f4t\u00e9 autonomie, et dont certains sont compatibles avec une bonne puissance de charge, opter pour une batterie externe reste une bonne solution.\u00a0Celle de Samsung d\u2019une capacit\u00e9 de 10 000 mAh passe de 49 euros \u00e0 seulement 9 euros !<\/p>\n<p><a href=\"https:\/\/www.europesays.com\/fr\/wp-content\/uploads\/2025\/11\/image-20-3.jpg\" target=\"_blank\" class=\"article-content__figure\"><img loading=\"lazy\" decoding=\"async\" width=\"1200\" height=\"675\" src=\"https:\/\/www.europesays.com\/fr\/wp-content\/uploads\/2025\/11\/image-20-3.jpg\" alt=\"\" class=\"wp-image-2854947 wp-image\"  \/><\/a><\/p>\n<p>Ce qu\u2019il faut retenir de la batterie externe Samsung<\/p>\n<ul class=\"wp-block-list\">\n<li>Compacte, facile \u00e0 transporter<\/li>\n<li>Avec une capacit\u00e9 de 10 000 mAh<\/li>\n<li>Compatible avec charge rapide 25 W<\/li>\n<\/ul>\n<p>Vendue \u00e0 49,99 euros sur le site de la marque, la batterie externe Samsung 10 000 mAh (25 W) se trouve actuellement \u00e0 29,99 euros sur fnac.com, mais gr\u00e2ce\u00a0\u00e0\u00a0<a href=\"https:\/\/static.fnac-static.com\/Multimedia\/editorial\/Digital\/PDF\/2025\/SAMSUNG\/ODR_samsung_accessoires_01_10_31_12_2025.pdf\" target=\"_blank\" rel=\"noreferrer noopener\">une ODR<\/a>\u00a0de 20 euros,\u00a0<a href=\"https:\/\/shop.frandroid.com\/l2viowoc\" target=\"_blank\" rel=\"noreferrer noopener affiliate nofollow\" data-gtm=\"{&quot;event&quot;:&quot;afficlic&quot;,&quot;nom_marchand&quot;:&quot;fnac&quot;,&quot;nom_produit&quot;:&quot;inconnu&quot;,&quot;categorie_produit&quot;:&quot;inconnu&quot;,&quot;module_produit&quot;:&quot;editolink&quot;,&quot;position_marchand&quot;:0,&quot;texte&quot;:&quot;elle-revient-a-9-99-euros-seulement&quot;,&quot;offer_url&quot;:&quot;https:\/\/shop.frandroid.com\/l2viowoc&quot;,&quot;zone&quot;:&quot;contenu-page&quot;}\">elle\u00a0revient \u00e0 9,99 euros seulement.<\/a><\/p>\n<p>Samsung Galaxy A56<\/p>\n<p>Le <a href=\"https:\/\/www.frandroid.com\/produits\/smartphones\/samsung\/2525699-samsung-galaxy-a56\" target=\"_blank\" rel=\"noopener\">Samsung Galaxy A56<\/a> est le fer de lance de la derni\u00e8re s\u00e9rie A de la marque cor\u00e9enne. Un smartphone qui ne se veut pas forc\u00e9ment innovant mais qui s\u2019am\u00e9liore sur tous les aspects et dont le prix est nettement plus int\u00e9ressant lors du pr\u00e9-Black Friday. <\/p>\n<p><a href=\"https:\/\/images.frandroid.com\/wp-content\/uploads\/2025\/10\/samsung-galaxy-a56-pre-black-firday.jpg\" target=\"_blank\" class=\"article-content__figure\" rel=\"noopener\"><img loading=\"lazy\" decoding=\"async\" width=\"1200\" height=\"675\" src=\"https:\/\/www.europesays.com\/fr\/wp-content\/uploads\/2025\/11\/samsung-galaxy-a56-pre-black-firday-1200x675.jpg\" alt=\"\" class=\"wp-image-2850093 wp-image\"  \/><\/a><\/p>\n<p>Que propose le Samsung Galaxy A56 ? <\/p>\n<ul class=\"wp-block-list\">\n<li>Une bonne int\u00e9gration de One UI 7 et 6 ans de MAJ<\/li>\n<li>Un processeur solide avec un NPU puissant<\/li>\n<li>Une autonomie qui d\u00e9passe la journ\u00e9e sans chargeur<\/li>\n<\/ul>\n<p>Lanc\u00e9 \u00e0 499 euros, le Samsung Galaxy A56 est aujourd\u2019hui <a href=\"https:\/\/shop.frandroid.com\/2s7rrlkm\" target=\"_blank\" rel=\"noreferrer noopener affiliate nofollow\" data-gtm=\"{&quot;event&quot;:&quot;afficlic&quot;,&quot;nom_marchand&quot;:&quot;cdiscount&quot;,&quot;nom_produit&quot;:&quot;inconnu&quot;,&quot;categorie_produit&quot;:&quot;inconnu&quot;,&quot;module_produit&quot;:&quot;editolink&quot;,&quot;position_marchand&quot;:0,&quot;texte&quot;:&quot;propose-a-306-euros-sur-le-site-cdiscount&quot;,&quot;offer_url&quot;:&quot;https:\/\/shop.frandroid.com\/2s7rrlkm&quot;,&quot;zone&quot;:&quot;contenu-page&quot;}\">propos\u00e9 \u00e0 306 euros sur le site Cdiscount.<\/a> <\/p>\n<p>Samsung Galaxy S25 FE<\/p>\n<p><a href=\"https:\/\/www.frandroid.com\/marques\/samsung\/2749641_samsung-va-sortir-son-s25-fe-plus-tot-que-prevu-pour-concurrencer-liphone-17\" target=\"_blank\" rel=\"noopener\">Introduit en fin septembre<\/a>, le Samsung Galaxy S25 FE est un mod\u00e8le qui garde l\u2019essentiel de l\u2019ADN Galaxy S avec bel \u00e9cran, une grosse dose d\u2019IA, et la promesse de long\u00e9vit\u00e9 sans faire exploser la tirelire. C\u2019est d\u2019autant plus le cas maintenant qu\u2019il perd 150 euros de son prix. <\/p>\n<p><a href=\"https:\/\/images.frandroid.com\/wp-content\/uploads\/2025\/10\/samsung-galaxy-s25-fe-pre-black-firday.jpg\" target=\"_blank\" class=\"article-content__figure\" rel=\"noopener\"><img loading=\"lazy\" decoding=\"async\" width=\"1200\" height=\"675\" src=\"https:\/\/www.europesays.com\/fr\/wp-content\/uploads\/2025\/11\/samsung-galaxy-s25-fe-pre-black-firday-1200x675.jpg\" alt=\"\" class=\"wp-image-2849853 wp-image\"  \/><\/a><\/p>\n<p>Le Samsung Galaxy S25 FE en quelques mots<\/p>\n<ul class=\"wp-block-list\">\n<li>Un superbe \u00e9cran AMOLED \u00e0 120 Hz<\/li>\n<li>Un bloc photo de trois capteurs avec t\u00e9l\u00e9objectif<\/li>\n<li>Les fonctions IA de Galaxy AI et surtout 7 ans de mise \u00e0 jour<\/li>\n<\/ul>\n<p>De base \u00e0 749 euros, le Samsung Galaxy S25 FE (Entreprise Edition) est aujourd\u2019hui <a href=\"https:\/\/shop.frandroid.com\/qy1hw3ce\" target=\"_blank\" rel=\"noreferrer noopener affiliate nofollow\" data-gtm=\"{&quot;event&quot;:&quot;afficlic&quot;,&quot;nom_marchand&quot;:&quot;boulanger&quot;,&quot;nom_produit&quot;:&quot;inconnu&quot;,&quot;categorie_produit&quot;:&quot;inconnu&quot;,&quot;module_produit&quot;:&quot;editolink&quot;,&quot;position_marchand&quot;:0,&quot;texte&quot;:&quot;remise-a-599-euros-sur-le-site-boulanger&quot;,&quot;offer_url&quot;:&quot;https:\/\/shop.frandroid.com\/qy1hw3ce&quot;,&quot;zone&quot;:&quot;contenu-page&quot;}\">remis\u00e9 \u00e0 599 euros sur le site Boulanger.<\/a><\/p>\n<p>Samsung Galaxy Z Flip 4\u00a0<\/p>\n<p>La quatri\u00e8me g\u00e9n\u00e9ration du smartphone pliant de Samsung est sortie il y a 3 ans, mais ce format clapet qui fait tout son charme est incontournable. Si vous voulez essayer ce format \u00e0 moindres co\u00fbts, le Galaxy Z Flip 4 chute sous les 500 euros en ce moment. <\/p>\n<p><a href=\"https:\/\/images.frandroid.com\/wp-content\/uploads\/2025\/10\/samsung-galaxy-z-flip-4-black-friday-frandroid.jpg\" target=\"_blank\" class=\"article-content__figure\" rel=\"noopener\"><img loading=\"lazy\" decoding=\"async\" width=\"1200\" height=\"675\" src=\"https:\/\/www.europesays.com\/fr\/wp-content\/uploads\/2025\/11\/samsung-galaxy-z-flip-4-black-friday-frandroid-1200x675.jpg\" alt=\"\" class=\"wp-image-2850085 wp-image\"  \/><\/a><\/p>\n<p>Pourquoi choisir le Samsung Galaxy Z Flip 4 ?<\/p>\n<ul class=\"wp-block-list\">\n<li>Un format compact et \u00e9l\u00e9gant, qui tient vraiment dans la poche une fois pli\u00e9<\/li>\n<li>Une magnifique dalle OLED cadenc\u00e9e \u00e0 120 Hz<\/li>\n<li>Bon en photo, malgr\u00e9 le format<\/li>\n<li>Le mode Flex <\/li>\n<\/ul>\n<p>Au lieu de 1 199 euros lors de sa sortie, le Samsung Galaxy Z Flip 4 est <a href=\"https:\/\/shop.frandroid.com\/hhcaf54i\" target=\"_blank\" rel=\"noreferrer noopener affiliate nofollow\" data-gtm=\"{&quot;event&quot;:&quot;afficlic&quot;,&quot;nom_marchand&quot;:&quot;darty&quot;,&quot;nom_produit&quot;:&quot;inconnu&quot;,&quot;categorie_produit&quot;:&quot;inconnu&quot;,&quot;module_produit&quot;:&quot;editolink&quot;,&quot;position_marchand&quot;:0,&quot;texte&quot;:&quot;aujourd-hui-disponible-en-promotion-a-499-euros-sur-darty&quot;,&quot;offer_url&quot;:&quot;https:\/\/shop.frandroid.com\/hhcaf54i&quot;,&quot;zone&quot;:&quot;contenu-page&quot;}\">aujourd\u2019hui disponible en promotion \u00e0 499 euros sur Darty<\/a>.<\/p>\n<p>Le <a href=\"https:\/\/www.frandroid.com\/produits\/smartphones\/samsung\/1747239-samsung-galaxy-z-flip-5\" target=\"_blank\" rel=\"noopener\">Galaxy Z Flip 5<\/a> n\u2019\u00e9chappe pas, lui non plus, \u00e0 la vague de promos qui d\u00e9ferle avant l\u2019heure. Une version peaufin\u00e9e du mod\u00e8le pr\u00e9c\u00e9dent\u2026 mais toujours quelques angles morts. Malgr\u00e9 \u00e7a, son passage <a href=\"https:\/\/www.frandroid.com\/marques\/samsung\/1758157_test-samsung-galaxy-z-flip-5\" target=\"_blank\" rel=\"noopener\">dans nos bureaux s\u2019est sold\u00e9 par un joli 8\/10.<\/a> Et il fait une belle chute libre c\u00f4t\u00e9 prix, <a href=\"https:\/\/shop.frandroid.com\/t30gh2sk\" target=\"_blank\" rel=\"noreferrer noopener affiliate nofollow\" data-gtm=\"{&quot;event&quot;:&quot;afficlic&quot;,&quot;nom_marchand&quot;:&quot;darty&quot;,&quot;nom_produit&quot;:&quot;inconnu&quot;,&quot;categorie_produit&quot;:&quot;inconnu&quot;,&quot;module_produit&quot;:&quot;editolink&quot;,&quot;position_marchand&quot;:0,&quot;texte&quot;:&quot;seulement-599-euros-au-lieu-de-1-299-a-son-lancement&quot;,&quot;offer_url&quot;:&quot;https:\/\/shop.frandroid.com\/t30gh2sk&quot;,&quot;zone&quot;:&quot;contenu-page&quot;}\">seulement 699 euros au lieu de 1 299 \u00e0 son lancement.<\/a><\/p>\n<p>Samsung Galaxy Tab S11<\/p>\n<p>La Galaxy Tab S11 est le mod\u00e8le standard de la derni\u00e8re g\u00e9n\u00e9ration <a href=\"https:\/\/www.frandroid.com\/guide-dachat\/guide-tablettes\/320702_guide-dachat-tablette-choisir-noel\" target=\"_blank\" rel=\"noopener\">de tablettes haut de gamme<\/a> de Samsung. Pas de grande r\u00e9volution au niveau de l\u2019\u00e9cran ou des performances, le cor\u00e9en se concentre ici sur le design fin et l\u00e9ger, l\u2019aspect logiciel avec les nouvelles fonctions Galaxy AI, One UI et Samsung DeX, ainsi que le nouveau S-Pen qui int\u00e8gre des outils IA ainsi que le support de commandes vocales.<\/p>\n<p><a href=\"https:\/\/www.europesays.com\/fr\/wp-content\/uploads\/2025\/11\/image-12.jpg\" target=\"_blank\" class=\"article-content__figure\"><img loading=\"lazy\" decoding=\"async\" width=\"1200\" height=\"675\" src=\"https:\/\/www.europesays.com\/fr\/wp-content\/uploads\/2025\/11\/image-12.jpg\" alt=\"\" class=\"wp-image-2853041 wp-image\"  \/><\/a><\/p>\n<p>Que propose le Samsung Galaxy Tab S11 ? <\/p>\n<ul class=\"wp-block-list\">\n<li>Design ultra-fin et l\u00e9ger et \u00e9cran AMOLED rafra\u00eechi \u00e0 120 Hz<\/li>\n<li>Un MediaTek Dimensity 9400+ et les fonctions Galaxy AI<\/li>\n<li>Un S-Pen am\u00e9lior\u00e9 avec outils IA<\/li>\n<\/ul>\n<p>Au lieu de 959,99 euros, la Samsung Galaxy Tab S11 (Wi-Fi \u2013 256 Go) est aujourd\u2019hui disponible\u00a0<a href=\"https:\/\/shop.frandroid.com\/yp0h7w2z\" target=\"_blank\" rel=\"noreferrer noopener affiliate nofollow\" data-gtm=\"{&quot;event&quot;:&quot;afficlic&quot;,&quot;nom_marchand&quot;:&quot;boulanger&quot;,&quot;nom_produit&quot;:&quot;inconnu&quot;,&quot;categorie_produit&quot;:&quot;inconnu&quot;,&quot;module_produit&quot;:&quot;editolink&quot;,&quot;position_marchand&quot;:0,&quot;texte&quot;:&quot;en-promotion-a-759-99-euros&quot;,&quot;offer_url&quot;:&quot;https:\/\/shop.frandroid.com\/yp0h7w2z&quot;,&quot;zone&quot;:&quot;contenu-page&quot;}\">en promotion \u00e0 759,99 euros<\/a>\u00a0sur Boulanger, en partie gr\u00e2ce \u00e0 un bonus rachat de 100 euros.<\/p>\n<p>En mod\u00e8le plus abordable, on a la Galaxy Tab S6 Lite, une tablette milieu de gamme qui vaut <a href=\"https:\/\/shop.frandroid.com\/6ur8yqu3\" target=\"_blank\" rel=\"noreferrer noopener affiliate nofollow\" data-gtm=\"{&quot;event&quot;:&quot;afficlic&quot;,&quot;nom_marchand&quot;:&quot;boulanger&quot;,&quot;nom_produit&quot;:&quot;inconnu&quot;,&quot;categorie_produit&quot;:&quot;inconnu&quot;,&quot;module_produit&quot;:&quot;editolink&quot;,&quot;position_marchand&quot;:0,&quot;texte&quot;:&quot;aujourd-hui-249-euros-au-lieu-de-449-euros-de-base-sur-le-site-boulanger&quot;,&quot;offer_url&quot;:&quot;https:\/\/shop.frandroid.com\/6ur8yqu3&quot;,&quot;zone&quot;:&quot;contenu-page&quot;}\">aujourd\u2019hui 249 euros au lieu de 449 euros de base sur le site Boulanger.<\/a><\/p>\n<p>Samsung TQ75QN77F<\/p>\n<p>La Samsung TV Mini Led NeoQLED TQ75QN77F sortie en 2025 s\u2019affiche comme un petit bijou de technologie. Entre son processeur NQ4 AI Gen2 et la pr\u00e9sence de l\u2019Adaptive Sound, elle sait allier qualit\u00e9 visuelle et sonore pour une exp\u00e9rience immersive. <\/p>\n<p><a href=\"https:\/\/images.frandroid.com\/wp-content\/uploads\/2025\/10\/lg-65qned86a-black-friday-frandroid-1-1.jpg\" target=\"_blank\" class=\"article-content__figure\" rel=\"noopener\"><img loading=\"lazy\" decoding=\"async\" width=\"1200\" height=\"675\" src=\"https:\/\/www.europesays.com\/fr\/wp-content\/uploads\/2025\/11\/lg-65qned86a-black-friday-frandroid-1-1-1200x675.jpg\" alt=\"TV Mini Led SAMSUNG NeoQLED Black Friday 2025\" class=\"wp-image-2851065 wp-image\"  \/><\/a><\/p>\n<p>Pourquoi choisir cette TV Mini LED de Samsung\u00a0?<\/p>\n<ul class=\"wp-block-list\">\n<li>Le processeur\u00a0NQ4 AI Gen2 pour une qualit\u00e9 exceptionnelle m\u00eame pour les sc\u00e8nes les plus sombres<\/li>\n<li>Un taux de rafra\u00eechissement de 144 Hz qui saura convenir aux gamers<\/li>\n<li>La pr\u00e9sence de l\u2019Adaptive Sound pour une qualit\u00e9 sonore accrue<\/li>\n<\/ul>\n<p>Chez Boulanger, ce t\u00e9l\u00e9viseur de Samsung est \u00e0 retrouver <a href=\"https:\/\/shop.frandroid.com\/uzdau834\" target=\"_blank\" rel=\"noreferrer noopener affiliate nofollow\" data-gtm=\"{&quot;event&quot;:&quot;afficlic&quot;,&quot;nom_marchand&quot;:&quot;boulanger&quot;,&quot;nom_produit&quot;:&quot;inconnu&quot;,&quot;categorie_produit&quot;:&quot;inconnu&quot;,&quot;module_produit&quot;:&quot;editolink&quot;,&quot;position_marchand&quot;:0,&quot;texte&quot;:&quot;au-prix-de-1199-euros-contre-1299-euros-en-temps-normal&quot;,&quot;offer_url&quot;:&quot;https:\/\/shop.frandroid.com\/uzdau834&quot;,&quot;zone&quot;:&quot;contenu-page&quot;}\">au prix de 1199 euros contre 1299 euros en temps normal.<\/a><\/p>\n<p>Samsung The Premiere 7 2024<\/p>\n<p>Bourr\u00e9 de fonctionnalit\u00e9s, le\u00a0<a href=\"https:\/\/www.frandroid.com\/produits\/smart-tv\/samsung\/2441312-samsung-the-premiere-7\" target=\"_blank\" rel=\"noopener\">Samsung The Premiere 7<\/a>\u00a0est un\u00a0<a href=\"https:\/\/www.frandroid.com\/guide-dachat\/guides-dachat-tv\/1272065_quels-sont-les-meilleurs-videoprojecteur-a-ultra-courte-focale\" target=\"_blank\" rel=\"noopener\">vid\u00e9oprojecteur \u00e0 ultra-courte focale<\/a>\u00a0que l\u2019on peut placer tout pr\u00e8s du mur. Il a l\u2019avantage d\u2019\u00eatre dop\u00e9 \u00e0 l\u2019IA pour rendre chaque image bien plus contrast\u00e9e et \u00e9clatante. Son autre atout ? Il co\u00fbte 990 euros de moins.<\/p>\n<p><a href=\"https:\/\/images.frandroid.com\/wp-content\/uploads\/2025\/10\/samsung-the-premiere-7-black-friday-2025.jpg\" target=\"_blank\" class=\"article-content__figure\" rel=\"noopener\"><img loading=\"lazy\" decoding=\"async\" width=\"1200\" height=\"675\" src=\"https:\/\/www.europesays.com\/fr\/wp-content\/uploads\/2025\/11\/samsung-the-premiere-7-black-friday-2025-1200x675.jpg\" alt=\"\" class=\"wp-image-2849051 wp-image\"  \/><\/a><\/p>\n<p>Les forces du Samsung The Premiere 7<\/p>\n<ul class=\"wp-block-list\">\n<li>Un vid\u00e9oprojecteur \u00e9l\u00e9gant \u00e0 ultra-courte\u00a0focale<\/li>\n<li>Des images en 4K jusqu\u2019\u00e0 120 pouces<\/li>\n<li>Une intelligence artificielle int\u00e9gr\u00e9e pour am\u00e9liorer chaque image<\/li>\n<\/ul>\n<p>Auparavant propos\u00e9 \u00e0 2 490 euros, puis r\u00e9duit \u00e0 1 999 euros, le Samsung The Premiere 7 2024 est aujourd\u2019hui <a href=\"https:\/\/shop.frandroid.com\/6kym0c9z\" target=\"_blank\" rel=\"noreferrer noopener affiliate nofollow\" data-gtm=\"{&quot;event&quot;:&quot;afficlic&quot;,&quot;nom_marchand&quot;:&quot;boulanger&quot;,&quot;nom_produit&quot;:&quot;inconnu&quot;,&quot;categorie_produit&quot;:&quot;inconnu&quot;,&quot;module_produit&quot;:&quot;editolink&quot;,&quot;position_marchand&quot;:0,&quot;texte&quot;:&quot;disponible-en-promotion-a-1-499-euros-chez-boulanger&quot;,&quot;offer_url&quot;:&quot;https:\/\/shop.frandroid.com\/6kym0c9z&quot;,&quot;zone&quot;:&quot;contenu-page&quot;}\">disponible en promotion \u00e0 1 499 euros chez Boulanger<\/a>.<\/p>\n<p>Samsung Odyssey G9 G91F<\/p>\n<p>Un format 32:9 ultra-immersif, une dalle VA rapide, et un taux de rafra\u00eechissement qui colle aux r\u00e9tines. Le Samsung Odyssey G91SF fait un tr\u00e8s bon partenaire de jeu et transforme n\u2019importe quel bureau en simulateur de course, en passerelle spatiale ou en studio de prod XXL. Bonne nouvelle : avec le pr\u00e9-Black Friday, il co\u00fbte 200 euros de moins.<\/p>\n<p><a href=\"https:\/\/images.frandroid.com\/wp-content\/uploads\/2025\/11\/samsung-odyssey-g9-g91f-pre-black-friday-2025.jpg\" target=\"_blank\" class=\"article-content__figure\" rel=\"noopener\"><img loading=\"lazy\" decoding=\"async\" width=\"1200\" height=\"675\" src=\"https:\/\/www.europesays.com\/fr\/wp-content\/uploads\/2025\/11\/samsung-odyssey-g9-g91f-pre-black-friday-2025-1200x675.jpg\" alt=\"\" class=\"wp-image-2852831 wp-image\"  \/><\/a><\/p>\n<p>Les avantages du Samsung Odyssey G91F<\/p>\n<ul class=\"wp-block-list\">\n<li>Un format 32:9 immersif comme deux \u00e9crans QHD sans bord au milieu<\/li>\n<li>144Hz + FreeSync Premium Pro<\/li>\n<li>Une courbure de 1000R avec une dalle VA contrast\u00e9e<\/li>\n<\/ul>\n<p>Au lieu de 799,99 euros, le Samsung Odyssey G91SF est\u00a0aujourd\u2019hui disponible <a href=\"https:\/\/shop.frandroid.com\/98n6p640\" target=\"_blank\" rel=\"noreferrer noopener affiliate nofollow\" data-gtm=\"{&quot;event&quot;:&quot;afficlic&quot;,&quot;nom_marchand&quot;:&quot;darty&quot;,&quot;nom_produit&quot;:&quot;inconnu&quot;,&quot;categorie_produit&quot;:&quot;inconnu&quot;,&quot;module_produit&quot;:&quot;editolink&quot;,&quot;position_marchand&quot;:0,&quot;texte&quot;:&quot;en-promotion-a-599-99-euros-sur-le-site-darty&quot;,&quot;offer_url&quot;:&quot;https:\/\/shop.frandroid.com\/98n6p640&quot;,&quot;zone&quot;:&quot;contenu-page&quot;}\">en promotion \u00e0 599,99 euros sur le site Darty.<\/a><\/p>\n<p>Samsung B-Series HW-B660F <\/p>\n<p>Entre <a href=\"https:\/\/www.frandroid.com\/guide-dachat\/guides-dachat-tv\/508152_quelle-television-4k-choisir-la-selection-de-la-redaction\" target=\"_blank\" rel=\"noopener\">t\u00e9l\u00e9viseurs<\/a> trop plats et dialogues qu\u2019on devine plus qu\u2019on entend, la <a href=\"https:\/\/www.frandroid.com\/guide-dachat\/guide-audio\/617347_quelle-barre-de-son-choisir-en-fonction-de-son-budget-en-2019\" target=\"_blank\" rel=\"noopener\">barre de son<\/a> Samsung B-Series HW-B660F arrive comme un sauveur. En ce moment, elle passe \u00e0 199 euros au lieu de 320 euros chez Boulanger. Une affaire qui redonne du coffre \u00e0 votre salon.<\/p>\n<p><a href=\"https:\/\/images.frandroid.com\/wp-content\/uploads\/2025\/10\/samsung-b-series-hw-b660f-black-friday-frandroid.jpg\" target=\"_blank\" class=\"article-content__figure\" rel=\"noopener\"><img loading=\"lazy\" decoding=\"async\" width=\"1200\" height=\"675\" src=\"https:\/\/www.europesays.com\/fr\/wp-content\/uploads\/2025\/11\/samsung-b-series-hw-b660f-black-friday-frandroid-1200x675.jpg\" alt=\"\" class=\"wp-image-2849245 wp-image\"  \/><\/a><\/p>\n<p>Ce qu\u2019on appr\u00e9cie de cette Samsung B-Series HW-B660F<\/p>\n<ul class=\"wp-block-list\">\n<li>Un son spatial Dolby Atmos<\/li>\n<li>Un caisson de basses sans fil<\/li>\n<li>Des modes jeu et nuit pour s\u2019adapter \u00e0 chaque contenu<\/li>\n<\/ul>\n<p>Au lieu de 329 euros, la Samsung HW-B660F est <a href=\"https:\/\/shop.frandroid.com\/r2vea1pn\" target=\"_blank\" rel=\"noreferrer noopener affiliate nofollow\" data-gtm=\"{&quot;event&quot;:&quot;afficlic&quot;,&quot;nom_marchand&quot;:&quot;fnac&quot;,&quot;nom_produit&quot;:&quot;inconnu&quot;,&quot;categorie_produit&quot;:&quot;inconnu&quot;,&quot;module_produit&quot;:&quot;editolink&quot;,&quot;position_marchand&quot;:0,&quot;texte&quot;:&quot;aujourd-hui-disponible-en-promotion-a-199-euros-sur-la-fnac&quot;,&quot;offer_url&quot;:&quot;https:\/\/shop.frandroid.com\/r2vea1pn&quot;,&quot;zone&quot;:&quot;contenu-page&quot;}\">aujourd\u2019hui disponible en promotion \u00e0 199 euros sur la Fnac<\/a>, ainsi <a href=\"https:\/\/shop.frandroid.com\/ah2qnaai\" target=\"_blank\" rel=\"noreferrer noopener affiliate nofollow\" data-gtm=\"{&quot;event&quot;:&quot;afficlic&quot;,&quot;nom_marchand&quot;:&quot;darty&quot;,&quot;nom_produit&quot;:&quot;inconnu&quot;,&quot;categorie_produit&quot;:&quot;inconnu&quot;,&quot;module_produit&quot;:&quot;editolink&quot;,&quot;position_marchand&quot;:0,&quot;texte&quot;:&quot;que-sur-darty&quot;,&quot;offer_url&quot;:&quot;https:\/\/shop.frandroid.com\/ah2qnaai&quot;,&quot;zone&quot;:&quot;contenu-page&quot;}\">que sur Darty<\/a>.<\/p>\n<p>On trouve aussi la Samsung HW-B760F, une barre de son dot\u00e9e de la technologie DTS Virtual:X capable de donner l\u2019impression que le son se diffuse tout autour de nous. <a href=\"https:\/\/shop.frandroid.com\/o2yh76kv\" target=\"_blank\" rel=\"noreferrer noopener affiliate nofollow\" data-gtm=\"{&quot;event&quot;:&quot;afficlic&quot;,&quot;nom_marchand&quot;:&quot;boulanger&quot;,&quot;nom_produit&quot;:&quot;inconnu&quot;,&quot;categorie_produit&quot;:&quot;inconnu&quot;,&quot;module_produit&quot;:&quot;editolink&quot;,&quot;position_marchand&quot;:0,&quot;texte&quot;:&quot;elle-coute-34-de-moins&quot;,&quot;offer_url&quot;:&quot;https:\/\/shop.frandroid.com\/o2yh76kv&quot;,&quot;zone&quot;:&quot;contenu-page&quot;}\">Elle co\u00fbte 34 % de moins. <\/a><\/p>\n<p>Samsung Jet 85 Pro\u00a0<\/p>\n<p><a href=\"https:\/\/www.frandroid.com\/produits\/samsung\" target=\"_blank\" rel=\"noopener\">Samsung<\/a> propose, dans son catalogue, plusieurs r\u00e9f\u00e9rences d\u2019aspirateurs balais puissants 2-en-1, qui sont donc aussi capables de laver les sols gr\u00e2ce \u00e0 des serpilli\u00e8res. C\u2019est le cas du Jet 85 Pro, propos\u00e9 \u00e0 399 euros au lieu de 699 euros chez Boulanger en ce pr\u00e9-Black Friday. <a href=\"https:\/\/shop.frandroid.com\/jl8zw9p4\" target=\"_blank\" rel=\"noreferrer noopener\"><\/p>\n<p><a href=\"https:\/\/images.frandroid.com\/wp-content\/uploads\/2025\/10\/samsung-jet-85-pro-black-friday-2025.jpg\" target=\"_blank\" class=\"article-content__figure\" rel=\"noopener\"><img loading=\"lazy\" decoding=\"async\" width=\"1200\" height=\"675\" src=\"https:\/\/www.europesays.com\/fr\/wp-content\/uploads\/2025\/11\/samsung-jet-85-pro-black-friday-2025-1200x675.jpg\" alt=\"\" class=\"wp-image-2849087 wp-image\"  \/><\/a><\/p>\n<p>Ce qu\u2019il faut retenir du Samsung Jet 85 Pro<\/p>\n<ul class=\"wp-block-list\">\n<li>Un balai aspirateur maniable<\/li>\n<li>Une batterie d\u2019embouts pour toutes les situations<\/li>\n<li>Une autonomie de 60 minutes<\/li>\n<\/ul>\n<p>Initialement affich\u00e9 \u00e0 699 euros, le Samsung Jet 85 Pro est aujourd\u2019hui\u00a0<a href=\"https:\/\/shop.frandroid.com\/jl8zw9p4\" target=\"_blank\" rel=\"noreferrer noopener\">disponible en promotion \u00e0 399 euros chez Boulanger<\/a>.<\/p>\n<p>Black Friday 2025 : pour ne rien rater des offres en avant-premi\u00e8re<\/p>\n<p>Le v\u00e9ritable Black Friday ne commencera que le 28 novembre prochain, mais les e-commer\u00e7ants ont d\u00e9j\u00e0 partag\u00e9 des offres en avance. Une aubaine si vous voulez anticiper vos achats de fin d\u2019ann\u00e9e. <\/p>\n<p>Si vous n\u2019avez pas trouv\u00e9 votre bonheur dans les s\u00e9lections pr\u00e9c\u00e9demment cit\u00e9es, voici ce qu\u2019il vous reste \u00e0 faire : <\/p>\n<ul class=\"wp-block-list\">\n<li>Suivez notre compte X\u00a0<a href=\"https:\/\/twitter.com\/FrandroidPromos\" target=\"_blank\" rel=\"noreferrer noopener\">@FrandroidPromos<\/a> uniquement d\u00e9di\u00e9 aux bons plans (pensez \u00e0 activer la cloche pour recevoir les notifications en temps r\u00e9el)<\/li>\n<li><a href=\"https:\/\/whatsapp.com\/channel\/0029VabYxm5LI8YhSlD8xc05\" target=\"_blank\" rel=\"noreferrer noopener\">Rejoignez notre canal WhatsApp<\/a> pour recevoir une fois par jour un condens\u00e9 des meilleures offres<\/li>\n<li>T\u00e9l\u00e9chargez notre <a href=\"https:\/\/www.frandroid.com\/telecharger\/apps\/frandroid\" target=\"_blank\" rel=\"noreferrer noopener\">application Frandroid<\/a> (disponible sur iOS et Android) pour activer les notifications de la cat\u00e9gorie \u00ab Bons Plans \u00bb et ainsi recevoir en temps r\u00e9el les nouveaux articles li\u00e9s aux Black Friday 2025<\/li>\n<li>Abonnez-vous \u00e0 notre newsletter pour \u00eatre s\u00fbr de recevoir les offres en avant-premi\u00e8re (pas plus d\u2019un mail par jour, d\u00e9sinscription en 1 clic, aucune diffusion \u00e0 des tiers) :<\/li>\n<\/ul>\n<p class=\"newsletter-form__title is-size-6 is-size-7-mobile is-uppercase has-text-good-deals has-text-weight-semibold mb-4 px-5\">Frandroid Bons plans<\/p>\n<p class=\"has-text-centered-tablet newsletter-form__subtitle is-size-4 has-text-weight-bold has-text-primary column is-9-tablet is-10-mobile\">\n                C\u2019est enregistr\u00e9 ! Surveillez votre bo\u00eete aux lettres, vous allez entendre parler de nous\u00a0!\n            <\/p>\n<p class=\"newsletter-form__subtitle is-size-4 has-text-weight-bold has-text-gradient-pink\">Ne manquez aucun bon plan avec notre newsletter<\/p>\n<p class=\"is-size-7\">\n                Les donn\u00e9es transmises par le biais de ce formulaire sont destin\u00e9es \u00e0 Humanoid,<br \/>\n                soci\u00e9t\u00e9 \u00e9ditrice du site Frandroid en sa qualit\u00e9 de responsable de traitement.<br \/>\n                Elles ne seront en aucun cas c\u00e9d\u00e9es \u00e0 des tiers. Ces donn\u00e9es sont trait\u00e9es sous r\u00e9serve d\u2019obtention de<br \/>\n                votre consentement pour vous envoyer par e-mail des actualit\u00e9s et informations relatives aux contenus<br \/>\n                \u00e9ditoriaux publi\u00e9s sur Frandroid. Vous pouvez vous opposer \u00e0 tout moment \u00e0 ces e-mails<br \/>\n                en cliquant sur les liens de d\u00e9sinscriptions pr\u00e9sents dans chacun d\u2019eux. Pour plus d\u2019informations, vous<br \/>\n                pouvez consulter l\u2019int\u00e9gralit\u00e9 de notre <a href=\"https:\/\/www.frandroid.com\/politique-donnees-personnelles\" target=\"_blank\" rel=\"noopener\"><br \/>\n                politique de traitement de vos donn\u00e9es personnelles<\/a>.<br \/>\n                Vous disposez d\u2019un droit d\u2019acc\u00e8s, de rectification, d\u2019effacement, de limitation, de portabilit\u00e9 et<br \/>\n                d\u2019opposition pour motif l\u00e9gitime aux donn\u00e9es personnelles vous concernant. Pour exercer l\u2019un de ces droits,<br \/>\n                merci d\u2019effectuer votre demande via notre <a href=\"https:\/\/www.frandroid.com\/contact\/#RGPD\" target=\"_blank\" rel=\"noopener\">formulaire<br \/>\n                de demandes d\u2019exercices de droits d\u00e9di\u00e9<\/a>.\n            <\/p>\n<p>            <script async src=\"https:\/\/platform.twitter.com\/widgets.js\" charset=\"utf-8\"><\/script><\/p>\n","protected":false},"excerpt":{"rendered":"Le pr\u00e9-Black Friday d\u00e9marre chez plusieurs e-commer\u00e7ants avec de belles r\u00e9ductions sur de nombreux produits tech. Samsung est&hellip;\n","protected":false},"author":2,"featured_media":513677,"comment_status":"","ping_status":"","sticky":false,"template":"","format":"standard","meta":{"footnotes":""},"categories":[7],"tags":[62374,3042,943,944,1011,27,43,40,41,39,42,44],"class_list":{"0":"post-513676","1":"post","2":"type-post","3":"status-publish","4":"format-standard","5":"has-post-thumbnail","7":"category-sciences-et-technologies","8":"tag-black-friday-2025","9":"tag-bons-plans-boulanger","10":"tag-bons-plans-darty","11":"tag-bons-plans-fnac","12":"tag-fr","13":"tag-france","14":"tag-science","15":"tag-science-and-technology","16":"tag-sciences","17":"tag-sciences-et-technologies","18":"tag-technologies","19":"tag-technology"},"share_on_mastodon":{"url":"https:\/\/pubeurope.com\/@fr\/115497520594816032","error":""},"_links":{"self":[{"href":"https:\/\/www.europesays.com\/fr\/wp-json\/wp\/v2\/posts\/513676","targetHints":{"allow":["GET"]}}],"collection":[{"href":"https:\/\/www.europesays.com\/fr\/wp-json\/wp\/v2\/posts"}],"about":[{"href":"https:\/\/www.europesays.com\/fr\/wp-json\/wp\/v2\/types\/post"}],"author":[{"embeddable":true,"href":"https:\/\/www.europesays.com\/fr\/wp-json\/wp\/v2\/users\/2"}],"replies":[{"embeddable":true,"href":"https:\/\/www.europesays.com\/fr\/wp-json\/wp\/v2\/comments?post=513676"}],"version-history":[{"count":0,"href":"https:\/\/www.europesays.com\/fr\/wp-json\/wp\/v2\/posts\/513676\/revisions"}],"wp:featuredmedia":[{"embeddable":true,"href":"https:\/\/www.europesays.com\/fr\/wp-json\/wp\/v2\/media\/513677"}],"wp:attachment":[{"href":"https:\/\/www.europesays.com\/fr\/wp-json\/wp\/v2\/media?parent=513676"}],"wp:term":[{"taxonomy":"category","embeddable":true,"href":"https:\/\/www.europesays.com\/fr\/wp-json\/wp\/v2\/categories?post=513676"},{"taxonomy":"post_tag","embeddable":true,"href":"https:\/\/www.europesays.com\/fr\/wp-json\/wp\/v2\/tags?post=513676"}],"curies":[{"name":"wp","href":"https:\/\/api.w.org\/{rel}","templated":true}]}}