{"id":51368,"date":"2025-04-25T09:07:17","date_gmt":"2025-04-25T09:07:17","guid":{"rendered":"https:\/\/www.europesays.com\/fr\/51368\/"},"modified":"2025-04-25T09:07:17","modified_gmt":"2025-04-25T09:07:17","slug":"fete-etudiante-cinema-shopping-on-fait-quoi-a-rouen-ce-weekend","status":"publish","type":"post","link":"https:\/\/www.europesays.com\/fr\/51368\/","title":{"rendered":"F\u00eate \u00e9tudiante, cin\u00e9ma, shopping&#8230; On fait quoi \u00e0 Rouen ce weekend\u00a0?"},"content":{"rendered":"<p>            Par<br \/>\n        <strong><br \/>\n            <a href=\"https:\/\/actu.fr\/auteur\/julien-bouteiller\" title=\"Consulter tous les articles de Julien Bouteiller\" rel=\"nofollow noopener\" target=\"_blank\">Julien Bouteiller<\/a><br \/>\n        <\/strong><\/p>\n<p>        Publi\u00e9 le<\/p>\n<p>            25 avr. 2025 \u00e0 9h56        <\/p>\n<p>Oui, \u00e7a y est, le weekend arrive ! Envie d\u2019en profiter pour bouger un peu ? On vous donne <strong>notre s\u00e9lection d\u2019id\u00e9es de sorties \u00e0 Rouen<\/strong> pour ces samedi 26 et dimanche 27 avril 2025.<\/p>\n<p>Les \u00e9tudiants en f\u00eate !<\/p>\n<p class=\" wall-content\"><a href=\"https:\/\/actu.fr\/normandie\/rouen_76540\/une-grosse-fete-etudiante-mais-pas-que-est-de-retour-a-rouen-voici-les-cinq-choses-a-ne-pas-manquer_62466631.html\" rel=\"nofollow noopener\" target=\"_blank\">L\u2019\u00e9v\u00e9nement En Roue(n) Libre<\/a> est de retour ce samedi. Apr\u00e8s le succ\u00e8s de la premi\u00e8re \u00e9dition l\u2019an dernier, <strong>la grande f\u00eate \u00e9tudiante revient<\/strong> avec plein d\u2019animations, notamment : du bubble foot, une tyrolienne g\u00e9ante, quiz, course de mascottes, parcours gonflable\u2026<\/p>\n<p>Un festival friendly<\/p>\n<p class=\" wall-content\">Samedi, vous pourrez encore profiter du festival <a href=\"https:\/\/actu.fr\/normandie\/rouen_76540\/une-histoire-d-amour-lgbt-c-est-une-histoire-d-amour-le-festival-cine-friendly-debute-demain-a-rouen_62545322.html\" rel=\"nofollow noopener\" target=\"_blank\">Cin\u00e9 Friendly \u00e0 l\u2019Omnia<\/a>. Depuis huit ans, il met en avant des courts et longs-m\u00e9trages <strong>\u00e9voquant la communaut\u00e9 LGBTQ+<\/strong>, avec des fictions ou bien des documentaires. Un rendez-vous devenu incontournable.<\/p>\n<p>Une session shopping solidaire<\/p>\n<p class=\" wall-content\">C\u2019est le bon plan de ce weekend, et pour une cause qui plus est ! Le Printemps et Odyss\u00e9a organisent <a href=\"https:\/\/actu.fr\/normandie\/rouen_76540\/des-vetements-de-luxe-jusqu-a-80-a-rouen-c-est-le-bon-plan-solidaire-du-weekend_62547834.html\" rel=\"nofollow noopener\" target=\"_blank\">une session shopping solidaire<\/a>. Vous pourrez d\u00e9nicher, ce vendredi et samedi <strong>des articles de mode de luxe \u00e0 des prix tr\u00e8s r\u00e9duits<\/strong>. Tous les fonds sont revers\u00e9s <strong>\u00e0 la lutte contre le cancer du sein.<\/strong><\/p>\n<p>Des courses \u00e0 l\u2019italienne<\/p>\n<p class=\" wall-content\">Envie de vous pr\u00e9parer un ap\u00e9ro \u00e0 la sauce italienne ? Vous pouvez aller faire un tour \u00e0 la nouvelle adresse <a href=\"https:\/\/actu.fr\/normandie\/rouen_76540\/cette-enseigne-bien-connue-a-rouen-a-desormais-son-supermarche-de-saveurs-italiennes_62541877.html\" rel=\"nofollow noopener\" target=\"_blank\">de Papa Milano, rue Saint-Hilaire<\/a>. L\u2019enseigne rouennaise vient d\u2019y ouvrir <strong>un mini-supermarch\u00e9<\/strong> o\u00f9 vous trouverez largement de quoi ramener l\u2019Italie dans votre cuisine.<\/p>\n<p>Un caf\u00e9 dans un cadre original<\/p>\n<p class=\" wall-content\">Envie de vous poser dans un cadre charmant et original ? Vous pouvez aller <a href=\"https:\/\/actu.fr\/normandie\/rouen_76540\/en-famille-ils-ouvrent-a-rouen-un-restaurant-cafe-ou-l-on-peut-acheter-de-la-deco_61934533.html\" rel=\"nofollow noopener\" target=\"_blank\">chez Bibelot<\/a>, <strong>rue de la Vicomt\u00e9<\/strong>. Plus qu\u2019un caf\u00e9, c\u2019est aussi un petit restaurant dans lequel on peut aussi acheter de la d\u00e9co. En bref, l\u2019endroit id\u00e9al pour souffler un peu avant de poursuivre le weekend.<\/p>\n<p>Vid\u00e9os : en ce moment sur ActuSuivez l\u2019actualit\u00e9 de Rouen <a href=\"https:\/\/www.whatsapp.com\/channel\/0029VaKfnf99hXF2ddApFB1D\" rel=\"nofollow noopener\" target=\"_blank\">sur notre cha\u00eene WhatsApp<\/a> et <a href=\"https:\/\/www.tiktok.com\/@76actu.fr?lang=fr\" rel=\"nofollow noopener\" target=\"_blank\">sur notre compte TikTok<\/a>Vous souhaitez annoncer un \u00e9v\u00e9nement festif ou associatif, une initiative locale ? Rendez-vous sur notre plateforme <a href=\"https:\/\/www.infolocale.fr\/decouvrir\/actu\/\" rel=\"nofollow noopener\" target=\"_blank\">Infolocale<\/a>.<\/p>\n<p class=\" wall-content\">Suivez toute l\u2019actualit\u00e9 de vos villes et m\u00e9dias favoris en vous inscrivant \u00e0 <a href=\"https:\/\/moncompte.actu.fr\" title=\"D\u00e9couvez Mon Actu\" rel=\"nofollow noopener\" data-trk=\"{&quot;cta&quot;:{&quot;action&quot;:&quot;https:\\\/\\\/moncompte.actu.fr&quot;,&quot;category&quot;:&quot;mon compte&quot;,&quot;from&quot;:&quot;article footer&quot;,&quot;name&quot;:&quot;Mon actu&quot;,&quot;type&quot;:&quot;cta&quot;}}\" target=\"_blank\">Mon Actu<\/a>.<\/p>\n<p>                    <script async src=\"\/\/www.tiktok.com\/embed.js\"><\/script><\/p>\n","protected":false},"excerpt":{"rendered":"Par Julien Bouteiller Publi\u00e9 le 25 avr. 2025 \u00e0 9h56 Oui, \u00e7a y est, le weekend arrive !&hellip;\n","protected":false},"author":2,"featured_media":51369,"comment_status":"","ping_status":"","sticky":false,"template":"","format":"standard","meta":{"footnotes":""},"categories":[9587],"tags":[1111,11,9086,650,1777,674,1011,27,1652,12,5161,25,1340,9590],"class_list":{"0":"post-51368","1":"post","2":"type-post","3":"status-publish","4":"format-standard","5":"has-post-thumbnail","7":"category-rouen","8":"tag-actu","9":"tag-actualites","10":"tag-bon-plan-a-rouen","11":"tag-cinema","12":"tag-eu","13":"tag-europe","14":"tag-fr","15":"tag-france","16":"tag-loisirs-culture","17":"tag-news","18":"tag-normandie","19":"tag-republique-francaise","20":"tag-restaurant","21":"tag-rouen"},"share_on_mastodon":{"url":"https:\/\/pubeurope.com\/@fr\/114397816068484129","error":""},"_links":{"self":[{"href":"https:\/\/www.europesays.com\/fr\/wp-json\/wp\/v2\/posts\/51368","targetHints":{"allow":["GET"]}}],"collection":[{"href":"https:\/\/www.europesays.com\/fr\/wp-json\/wp\/v2\/posts"}],"about":[{"href":"https:\/\/www.europesays.com\/fr\/wp-json\/wp\/v2\/types\/post"}],"author":[{"embeddable":true,"href":"https:\/\/www.europesays.com\/fr\/wp-json\/wp\/v2\/users\/2"}],"replies":[{"embeddable":true,"href":"https:\/\/www.europesays.com\/fr\/wp-json\/wp\/v2\/comments?post=51368"}],"version-history":[{"count":0,"href":"https:\/\/www.europesays.com\/fr\/wp-json\/wp\/v2\/posts\/51368\/revisions"}],"wp:featuredmedia":[{"embeddable":true,"href":"https:\/\/www.europesays.com\/fr\/wp-json\/wp\/v2\/media\/51369"}],"wp:attachment":[{"href":"https:\/\/www.europesays.com\/fr\/wp-json\/wp\/v2\/media?parent=51368"}],"wp:term":[{"taxonomy":"category","embeddable":true,"href":"https:\/\/www.europesays.com\/fr\/wp-json\/wp\/v2\/categories?post=51368"},{"taxonomy":"post_tag","embeddable":true,"href":"https:\/\/www.europesays.com\/fr\/wp-json\/wp\/v2\/tags?post=51368"}],"curies":[{"name":"wp","href":"https:\/\/api.w.org\/{rel}","templated":true}]}}