{"id":513684,"date":"2025-11-05T14:20:14","date_gmt":"2025-11-05T14:20:14","guid":{"rendered":"https:\/\/www.europesays.com\/fr\/513684\/"},"modified":"2025-11-05T14:20:14","modified_gmt":"2025-11-05T14:20:14","slug":"un-conducteur-percute-volontairement-des-personnes-une-assistante-parlementaire-rn-parmi-les-victimes","status":"publish","type":"post","link":"https:\/\/www.europesays.com\/fr\/513684\/","title":{"rendered":"un conducteur percute \u00ab\u00a0volontairement\u00a0\u00bb des personnes, une assistante parlementaire RN parmi les victimes"},"content":{"rendered":"<p>Un conducteur a percut\u00e9 volontairement des pi\u00e9tons et des cyclistes dans plusieurs localit\u00e9s de l\u2019\u00eele d\u2019Ol\u00e9ron, a-t-on appris mercredi 5\u00a0novembre 2025. \u00ab\u00a0Un homme de 35\u00a0ans, habitant d\u2019Ol\u00e9ron, a percut\u00e9 volontairement plusieurs pi\u00e9tons et v\u00e9los (10 bless\u00e9s dont 4 en urgence absolue) sur une route entre Dolus-d\u2019Ol\u00e9ron et Saint-Pierre-d\u2019Ol\u00e9ron\u00a0\u00bb, a d\u00e9clar\u00e9 \u00e0 Arnaud Laraize, procureur de la R\u00e9publique \u00e0 La\u00a0Rochelle.<\/p>\n<p>Le trentenaire a \u00ab\u00a0fauch\u00e9 volontairement\u00a0\u00bb les victimes \u00ab\u00a0sur plusieurs kilom\u00e8tres\u00a0\u00bb, a confirm\u00e9 une source proche de l\u2019enqu\u00eate. Le maire de Dolus-d\u2019Ol\u00e9ron, Thibault Brechkoff, a lui \u00e9voqu\u00e9 <a target=\"_blank\" href=\"https:\/\/www.facebook.com\/photo\/?fbid=25695688756699199&amp;set=a.361582353869855&amp;locale=fr_FR\" rel=\"noopener\">sur Facebook<\/a> des accidents provoqu\u00e9s \u00ab\u00a0d\u00e9lib\u00e9r\u00e9ment\u00a0\u00bb sur sa commune et celle voisine de Saint-Pierre-d\u2019Ol\u00e9ron.\u00a0L\u2019\u00e9dile a pr\u00e9cis\u00e9 que le mis en cause \u00e9tait un r\u00e9sident de Saint-Pierre-d\u2019Ol\u00e9ron. Le ministre de l&rsquo;Int\u00e9rieur, Laurent Nu\u00f1ez, a annonc\u00e9 se rendre sur place \u00ab\u00a0\u00e0 la demande du premier ministre\u00a0\u00bb.<\/p>\n<p>Le parquet national antiterroriste \u00ab\u00a0pas saisi \u00e0 ce stade\u00a0\u00bb<\/p>\n<p>Les gendarmes ont fait usage d\u2019un pistolet \u00e0 impulsion \u00e9lectrique pour neutraliser le suspect, qui a incendi\u00e9 son v\u00e9hicule. Au moment de son interpellation, le mis en cause a \u00ab\u00a0cri\u00e9 Allah Akbar\u00a0\u00bb (Dieu est grand), a pr\u00e9cis\u00e9 le procureur de la R\u00e9publique de La\u00a0Rochelle. \u00ab\u00a0N\u00e9anmoins le mobile n\u2019est pas confirm\u00e9 et l\u2019enqu\u00eate devra le d\u00e9terminer\u00a0\u00bb, a ajout\u00e9 le magistrat, pr\u00e9cisant que le parquet national antiterroriste (Pnat) ne s\u2019\u00e9tait \u00ab\u00a0pas saisi \u00e0 ce stade\u00a0\u00bb.<\/p>\n<p>Le suspect est connu pour des d\u00e9lits de droit commun, a-t-il pr\u00e9cis\u00e9, et a \u00e9t\u00e9 plac\u00e9 en garde \u00e0 vue pour tentatives d\u2019assassinats. L\u2019enqu\u00eate a \u00e9t\u00e9 confi\u00e9e \u00e0 la section de recherche de Poitiers et aux brigades de recherches de Rochefort et La\u00a0Rochelle en appui.<\/p>\n<p>Selon le maire de Saint-Pierre-d\u2019Ol\u00e9ron, Christophe Sueur, cit\u00e9 par le quotidien Le Parisien, le trentenaire, r\u00e9sident du petit port de La Cotini\u00e8re sur la commune, \u00e9tait connu pour de \u00ab\u00a0nombreux d\u00e9rapages\u00a0\u00bb, \u00ab\u00a0notamment en raison de sa consommation r\u00e9guli\u00e8re de drogues et d\u2019alcool\u00a0\u00bb.<\/p>\n<p>L\u2019assistante du d\u00e9put\u00e9 RN Pascal\u00a0Markoswky<\/p>\n<p>Parmi les victimes, Emma, une assistante parlementaire du d\u00e9put\u00e9 RN de Charente-Maritime Pascal Markowsky, a \u00e9t\u00e9 percut\u00e9e par le v\u00e9hicule et transport\u00e9e en \u00ab\u00a0urgence absolue\u00a0\u00bb, a indiqu\u00e9 Laure Lavalette, porte-parole des d\u00e9put\u00e9s RN \u00e0 l\u2019Assembl\u00e9e, <a target=\"_blank\" href=\"https:\/\/x.com\/LaureLavalette\/status\/1986038047620669893\">sur X<\/a>. Le d\u00e9put\u00e9 Markoswky a pr\u00e9cis\u00e9 \u00e0 BFMTV\u00a0que la jeune assistante a 21\u00a0ans et qu\u2019il a \u00e9t\u00e9 pr\u00e9venu par t\u00e9l\u00e9phone \u00ab\u00a0par quelqu\u2019un qui l\u2019a reconnue\u00a0\u00bb.<\/p>\n","protected":false},"excerpt":{"rendered":"Un conducteur a percut\u00e9 volontairement des pi\u00e9tons et des cyclistes dans plusieurs localit\u00e9s de l\u2019\u00eele d\u2019Ol\u00e9ron, a-t-on appris&hellip;\n","protected":false},"author":2,"featured_media":513685,"comment_status":"","ping_status":"","sticky":false,"template":"","format":"standard","meta":{"footnotes":""},"categories":[2],"tags":[328,1392,11,2545,274,1011,27,329,12,1584],"class_list":{"0":"post-513684","1":"post","2":"type-post","3":"status-publish","4":"format-standard","5":"has-post-thumbnail","7":"category-actualites","8":"tag-a-la-une","9":"tag-a-la-une-local","10":"tag-actualites","11":"tag-deux-sevres","12":"tag-faits-divers-justice","13":"tag-fr","14":"tag-france","15":"tag-france-monde","16":"tag-news","17":"tag-vienne"},"share_on_mastodon":{"url":"https:\/\/pubeurope.com\/@fr\/115497535107584715","error":""},"_links":{"self":[{"href":"https:\/\/www.europesays.com\/fr\/wp-json\/wp\/v2\/posts\/513684","targetHints":{"allow":["GET"]}}],"collection":[{"href":"https:\/\/www.europesays.com\/fr\/wp-json\/wp\/v2\/posts"}],"about":[{"href":"https:\/\/www.europesays.com\/fr\/wp-json\/wp\/v2\/types\/post"}],"author":[{"embeddable":true,"href":"https:\/\/www.europesays.com\/fr\/wp-json\/wp\/v2\/users\/2"}],"replies":[{"embeddable":true,"href":"https:\/\/www.europesays.com\/fr\/wp-json\/wp\/v2\/comments?post=513684"}],"version-history":[{"count":0,"href":"https:\/\/www.europesays.com\/fr\/wp-json\/wp\/v2\/posts\/513684\/revisions"}],"wp:featuredmedia":[{"embeddable":true,"href":"https:\/\/www.europesays.com\/fr\/wp-json\/wp\/v2\/media\/513685"}],"wp:attachment":[{"href":"https:\/\/www.europesays.com\/fr\/wp-json\/wp\/v2\/media?parent=513684"}],"wp:term":[{"taxonomy":"category","embeddable":true,"href":"https:\/\/www.europesays.com\/fr\/wp-json\/wp\/v2\/categories?post=513684"},{"taxonomy":"post_tag","embeddable":true,"href":"https:\/\/www.europesays.com\/fr\/wp-json\/wp\/v2\/tags?post=513684"}],"curies":[{"name":"wp","href":"https:\/\/api.w.org\/{rel}","templated":true}]}}