{"id":513691,"date":"2025-11-05T14:24:28","date_gmt":"2025-11-05T14:24:28","guid":{"rendered":"https:\/\/www.europesays.com\/fr\/513691\/"},"modified":"2025-11-05T14:24:28","modified_gmt":"2025-11-05T14:24:28","slug":"nancy-change-de-date-et-dhoraire-a-cause-du-diffuseur-tv","status":"publish","type":"post","link":"https:\/\/www.europesays.com\/fr\/513691\/","title":{"rendered":"Nancy change de date et d&rsquo;horaire \u00e0 cause du diffuseur TV"},"content":{"rendered":"<p><img loading=\"lazy\" decoding=\"async\" width=\"696\" height=\"464\" class=\"lazyload entry-thumb\" src=\"https:\/\/www.europesays.com\/fr\/wp-content\/uploads\/2025\/11\/Nancy-Stade-Marcel-Picot-4-696x464.jpg\" alt=\"\" title=\"Tribune Nancy (Stade Marcel Picot) (4)\"\/>Nancy stade marcel picot. (Photo Philippe Le Brech)<\/p>\n<p style=\"font-size:20px\"><strong>La rencontre du 7\u00e8me tour de la <a href=\"https:\/\/footamateur.ouest-france.fr\/categories\/coupe-de-france-de-football\/\" target=\"_blank\" rel=\"noreferrer noopener\">coupe de France<\/a> entre le GSA Tomblaine (R3 et l\u2019AS Nancy Lorraine (Ligue 2) va finalement se d\u00e9rouler le dimanche 16 novembre \u00e0 15h45 pour satisfaire \u00e0 la demande de France 3, qui diffusera la rencontre.<\/strong><\/p>\n<p>Les deux clubs souhaitaient s\u2019affronter au stade Marcel-Picot, o\u00f9 se d\u00e9roulera la rencontre, le samedi \u00e0 18 heures pour permettre \u00e0 un maximum de personnes de pouvoir se rendre au match, et notamment les footballeurs amateurs qui jouent le dimanche. L\u2019ASNL y gagnait m\u00eame un jour de repos suppl\u00e9mentaire avant son match suivant en Ligue 2.<\/p>\n<p>\u00ab\u00a0<strong>Cela aurait pu \u00eatre une belle f\u00eate du football pour toute la m\u00e9tropole. Donc, forc\u00e9ment, on est un peu d\u00e9\u00e7u<\/strong>\u00ab\u00a0, a regrett\u00e9 le pr\u00e9sident de Tomblaine Philippe Kadem <a href=\"https:\/\/www.estrepublicain.fr\/sport\/2025\/11\/04\/changement-de-date-et-d-horaire-pour-le-match-entre-l-as-nancy-lorraine-et-tomblaine\" target=\"_blank\" rel=\"noreferrer noopener\">dans les colonnes de l\u2019Est R\u00e9publicain<\/a>. Un quotidien r\u00e9gional qui pr\u00e9cise \u00e9galement que les deux clubs ont tent\u00e9 d\u2019infl\u00e9chir la d\u00e9cision de la FFF, en vain. \u00ab\u00a0<strong>Il y aura peut-\u00eatre un peu moins de monde au stade dimanche, mais \u00e7a restera un moment grandiose dans la vie du club. On est tout de m\u00eame hypercontents, on sent une vraie effervescence autour nous depuis le tirage.<\/strong>\u00a0\u00bb a n\u00e9anmoins convenu le pr\u00e9sident tomblainois.<\/p>\n<p>Lors des pr\u00e9c\u00e9dentes \u00e9ditions, plusieurs clubs amateurs s\u2019\u00e9taient d\u00e9j\u00e0 plaints de devoir jouer le vendredi en tout d\u00e9but de soir\u00e9e pour satisfaire aux exigences des diffuseurs TV qui n\u2019ont pas vraiment cure des probl\u00e9matiques des supporters et des b\u00e9n\u00e9voles.<\/p>\n<p><a href=\"https:\/\/footamateur.ouest-france.fr\/author\/fred\/\" class=\"url\" title=\"Fr\u00e9d\u00e9ric Sougey\" target=\"_blank\" rel=\"noopener\"> <img decoding=\"async\" src=\"https:\/\/www.europesays.com\/fr\/wp-content\/uploads\/2025\/04\/gnlpcfya_400x400.jpg\" class=\"lazyload photo\" width=\"250\" alt=\"Fr\u00e9d\u00e9ric Sougey\"\/><\/a><\/p>\n<p>Journaliste chez Sports M\u00e9dia<\/p>\n<p>Elev\u00e9 au c\u0153ur des Alpes, Fred quitte (temporairement) son Grenoble ador\u00e9 pour pr\u00eater sa plume et son regard au monde amateur et plus particuli\u00e8rement au Championnat National dont il est un assidu observateur. Fan de tartiflette, de Karim Mokeddem et de Mulholland Drive. Les bonnes choses de la vie, en somme.<\/p>\n<p><a href=\"https:\/\/footamateur.ouest-france.fr\/author\/fred\/\" class=\"url\" title=\"Fr\u00e9d\u00e9ric Sougey\" target=\"_blank\" rel=\"noopener\"><img decoding=\"async\" src=\"https:\/\/www.europesays.com\/fr\/wp-content\/uploads\/2025\/04\/gnlpcfya_400x400.jpg\" class=\"lazyload photo\" width=\"250\" alt=\"Fr\u00e9d\u00e9ric Sougey\"\/><\/a>Les derniers articles par Fr\u00e9d\u00e9ric Sougey (<a href=\"https:\/\/footamateur.ouest-france.fr\/author\/fred\/\" target=\"_blank\" rel=\"noopener\">tout voir<\/a>)<\/p>\n","protected":false},"excerpt":{"rendered":"Nancy stade marcel picot. (Photo Philippe Le Brech) La rencontre du 7\u00e8me tour de la coupe de France&hellip;\n","protected":false},"author":2,"featured_media":513692,"comment_status":"","ping_status":"","sticky":false,"template":"","format":"standard","meta":{"footnotes":""},"categories":[9635],"tags":[1111,11,11348,1777,674,1011,27,775,1702,12,25],"class_list":{"0":"post-513691","1":"post","2":"type-post","3":"status-publish","4":"format-standard","5":"has-post-thumbnail","7":"category-nancy","8":"tag-actu","9":"tag-actualites","10":"tag-as-nancy-lorraine","11":"tag-eu","12":"tag-europe","13":"tag-fr","14":"tag-france","15":"tag-grand-est","16":"tag-nancy","17":"tag-news","18":"tag-republique-francaise"},"share_on_mastodon":{"url":"https:\/\/pubeurope.com\/@fr\/115497551528692803","error":""},"_links":{"self":[{"href":"https:\/\/www.europesays.com\/fr\/wp-json\/wp\/v2\/posts\/513691","targetHints":{"allow":["GET"]}}],"collection":[{"href":"https:\/\/www.europesays.com\/fr\/wp-json\/wp\/v2\/posts"}],"about":[{"href":"https:\/\/www.europesays.com\/fr\/wp-json\/wp\/v2\/types\/post"}],"author":[{"embeddable":true,"href":"https:\/\/www.europesays.com\/fr\/wp-json\/wp\/v2\/users\/2"}],"replies":[{"embeddable":true,"href":"https:\/\/www.europesays.com\/fr\/wp-json\/wp\/v2\/comments?post=513691"}],"version-history":[{"count":0,"href":"https:\/\/www.europesays.com\/fr\/wp-json\/wp\/v2\/posts\/513691\/revisions"}],"wp:featuredmedia":[{"embeddable":true,"href":"https:\/\/www.europesays.com\/fr\/wp-json\/wp\/v2\/media\/513692"}],"wp:attachment":[{"href":"https:\/\/www.europesays.com\/fr\/wp-json\/wp\/v2\/media?parent=513691"}],"wp:term":[{"taxonomy":"category","embeddable":true,"href":"https:\/\/www.europesays.com\/fr\/wp-json\/wp\/v2\/categories?post=513691"},{"taxonomy":"post_tag","embeddable":true,"href":"https:\/\/www.europesays.com\/fr\/wp-json\/wp\/v2\/tags?post=513691"}],"curies":[{"name":"wp","href":"https:\/\/api.w.org\/{rel}","templated":true}]}}