{"id":51370,"date":"2025-04-25T09:08:08","date_gmt":"2025-04-25T09:08:08","guid":{"rendered":"https:\/\/www.europesays.com\/fr\/51370\/"},"modified":"2025-04-25T09:08:08","modified_gmt":"2025-04-25T09:08:08","slug":"une-rafale-de-balles-dans-la-vitrine-ce-restaurateur-est-pris-pour-cible","status":"publish","type":"post","link":"https:\/\/www.europesays.com\/fr\/51370\/","title":{"rendered":"une rafale de balles dans la vitrine, ce restaurateur est pris pour cible"},"content":{"rendered":"<p>\t\t\t\t\t\t\t\t\t\t\t<img loading=\"lazy\" decoding=\"async\" width=\"1110\" title=\"Pr\u00e8s de Grenoble : une rafale de balles dans la vitrine, ce restaurateur est pris pour cible\" class=\"img-fluid not_lzld mb-3\" src=\"https:\/\/www.europesays.com\/fr\/wp-content\/uploads\/2025\/04\/1110x624_pres-de-grenoble-une-rafale-de-balles-dans-la-vitrine-ce-restaurateur-est-pris-pour-cible_6\" alt=\"Pr\u00e8s de Grenoble : une rafale de balles dans la vitrine, ce restaurateur est pris pour cible\" itemprop=\"image\" height=\"624\"\/>\t\t\t\t\t\t\t\t\t\t\t\t<\/p>\n<p>Pr\u00e8s de Grenoble : une rafale de balles dans la vitrine, ce restaurateur est pris pour cible &#8211; DR<\/p>\n<p itemprop=\"description\"><strong>Les faits se sont d\u00e9roul\u00e9s dans la nuit de jeudi \u00e0 vendredi.<\/strong><\/p>\n<p>En arrivant \u00e0 son restaurant Les 4 Chemins, le g\u00e9rant a d\u00e9couvert que la vitrine de l&rsquo;\u00e9tablissement de la rue du Colombier \u00e0 Voiron avait \u00e9t\u00e9 cribl\u00e9e de balles.<\/p>\n<p>Selon <a href=\"https:\/\/c.ledauphine.com\/faits-divers-justice\/2025\/04\/25\/des-coups-de-feu-tires-dans-la-vitrine-d-un-restaurant\" target=\"_blank\" rel=\"noopener\">le Dauphin\u00e9 Lib\u00e9r\u00e9<\/a>, les forces de l&rsquo;ordre ont d\u00e9couvert sept impacts de balle, ainsi que des \u00e9tuis percut\u00e9s abandonn\u00e9s sur le sol.<\/p>\n<p>Le restaurant \u00e9tant ferm\u00e9 pendant la fusillade, aucun bless\u00e9 n&rsquo;est \u00e0 d\u00e9plorer.<\/p>\n<p>Une enqu\u00eate a \u00e9t\u00e9 ouverte, le t\u00e9moignage des habitants de ce quartier o\u00f9 se trouvent beaucoup de restaurants sera peut-\u00eatre d\u00e9terminant pour mettre la main sur celui ou ceux qui ont tent\u00e9 d&rsquo;intimider le patron des 4 Chemins.<\/p>\n","protected":false},"excerpt":{"rendered":"Pr\u00e8s de Grenoble : une rafale de balles dans la vitrine, ce restaurateur est pris pour cible &#8211;&hellip;\n","protected":false},"author":2,"featured_media":51371,"comment_status":"","ping_status":"","sticky":false,"template":"","format":"standard","meta":{"footnotes":""},"categories":[9566],"tags":[1111,11,7733,8279,2430,7736,650,7734,2889,2263,1777,674,1011,27,2731,8280,6417,1114,108,4662,12,3725,1825,25,7737],"class_list":{"0":"post-51370","1":"post","2":"type-post","3":"status-publish","4":"format-standard","5":"has-post-thumbnail","7":"category-grenoble","8":"tag-actu","9":"tag-actualites","10":"tag-alpes","11":"tag-alpes1","12":"tag-auvergne-rhone-alpes","13":"tag-cds","14":"tag-cinema","15":"tag-ecoute","16":"tag-emission","17":"tag-equipe","18":"tag-eu","19":"tag-europe","20":"tag-fr","21":"tag-france","22":"tag-grenoble","23":"tag-haute","24":"tag-information","25":"tag-infos","26":"tag-isere","27":"tag-journal","28":"tag-news","29":"tag-podcast","30":"tag-radio","31":"tag-republique-francaise","32":"tag-winamp"},"share_on_mastodon":{"url":"https:\/\/pubeurope.com\/@fr\/114397820031015370","error":""},"_links":{"self":[{"href":"https:\/\/www.europesays.com\/fr\/wp-json\/wp\/v2\/posts\/51370","targetHints":{"allow":["GET"]}}],"collection":[{"href":"https:\/\/www.europesays.com\/fr\/wp-json\/wp\/v2\/posts"}],"about":[{"href":"https:\/\/www.europesays.com\/fr\/wp-json\/wp\/v2\/types\/post"}],"author":[{"embeddable":true,"href":"https:\/\/www.europesays.com\/fr\/wp-json\/wp\/v2\/users\/2"}],"replies":[{"embeddable":true,"href":"https:\/\/www.europesays.com\/fr\/wp-json\/wp\/v2\/comments?post=51370"}],"version-history":[{"count":0,"href":"https:\/\/www.europesays.com\/fr\/wp-json\/wp\/v2\/posts\/51370\/revisions"}],"wp:featuredmedia":[{"embeddable":true,"href":"https:\/\/www.europesays.com\/fr\/wp-json\/wp\/v2\/media\/51371"}],"wp:attachment":[{"href":"https:\/\/www.europesays.com\/fr\/wp-json\/wp\/v2\/media?parent=51370"}],"wp:term":[{"taxonomy":"category","embeddable":true,"href":"https:\/\/www.europesays.com\/fr\/wp-json\/wp\/v2\/categories?post=51370"},{"taxonomy":"post_tag","embeddable":true,"href":"https:\/\/www.europesays.com\/fr\/wp-json\/wp\/v2\/tags?post=51370"}],"curies":[{"name":"wp","href":"https:\/\/api.w.org\/{rel}","templated":true}]}}