{"id":513707,"date":"2025-11-05T14:32:17","date_gmt":"2025-11-05T14:32:17","guid":{"rendered":"https:\/\/www.europesays.com\/fr\/513707\/"},"modified":"2025-11-05T14:32:17","modified_gmt":"2025-11-05T14:32:17","slug":"un-pere-suspecte-davoir-enleve-son-enfant-de-deux-mois-a-grenoble-un-mandat-darret-lance","status":"publish","type":"post","link":"https:\/\/www.europesays.com\/fr\/513707\/","title":{"rendered":"Un p\u00e8re suspect\u00e9 d&rsquo;avoir enlev\u00e9 son enfant de deux mois \u00e0 Grenoble, un mandat d&rsquo;arr\u00eat lanc\u00e9"},"content":{"rendered":"<p class=\"mb-4 text-lg md:leading-8 break-words\">Un p\u00e8re de famille, suspect\u00e9 <a href=\"https:\/\/fr.news.yahoo.com\/lucie-khuslen-rayan-lalerte-enl%C3%A8vement-102303804.html\" data-ylk=\"slk:d&#039;avoir enlev\u00e9 son enfant de deux mois;elm:context_link;itc:0;sec:content-canvas;outcm:mb_qualified_link;_E:mb_qualified_link;ct:story;\" class=\"link  yahoo-link\" target=\"_blank\" rel=\"noopener\">d&rsquo;avoir enlev\u00e9 son enfant de deux mois<\/a> le dimanche 2 novembre \u00e0 <a href=\"https:\/\/fr.news.yahoo.com\/is%C3%A8re-maire-d%C3%A9missionne-apr%C3%A8s-avoir-131634582.html\" data-ylk=\"slk:Grenoble;elm:context_link;itc:0;sec:content-canvas;outcm:mb_qualified_link;_E:mb_qualified_link;ct:story;\" class=\"link  yahoo-link\" target=\"_blank\" rel=\"noopener\">Grenoble<\/a>, est activement recherch\u00e9, a appris BFMTV aupr\u00e8s du parquet, confirmant une information de <a href=\"https:\/\/france3-regions.franceinfo.fr\/auvergne-rhone-alpes\/isere\/grenoble\/un-bebe-de-deux-mois-enleve-a-grenoble-le-pere-suspecte-un-mandat-d-arret-europeen-lance-3244231.html\" rel=\"nofollow noopener\" target=\"_blank\" data-ylk=\"slk:France 3 Auvergne-Rh\u00f4ne-Alpes;elm:context_link;itc:0;sec:content-canvas\" class=\"link \">France 3 Auvergne-Rh\u00f4ne-Alpes<\/a>. Une affaire qui survient dans un contexte de s\u00e9paration du couple et de conflits quant au lieu de r\u00e9sidence de l&rsquo;enfant.<\/p>\n<p class=\"mb-4 text-lg md:leading-8 break-words\">Le dimanche 2 novembre, \u00ab\u00a0des personnes se sont introduites au domicile d&rsquo;une ressortissante fran\u00e7aise en s&#8217;emparant de l&rsquo;enfant \u00e2g\u00e9 de 2 mois\u00a0\u00bb, d\u00e9taille le parquet de Grenoble. La m\u00e8re de famille, qui vivait jusqu&rsquo;alors en Belgique avec son conjoint et p\u00e8re du nourrisson, avait quitt\u00e9 le pays le 17 octobre dernier pour rejoindre Grenoble.<\/p>\n<p>Le p\u00e8re parti \u00ab\u00a0dans un lieu inconnu\u00a0\u00bb<\/p>\n<p class=\"mb-4 text-lg md:leading-8 break-words\">\u00ab\u00a0Depuis ce d\u00e9part qui n&rsquo;est pas intervenu d&rsquo;un commun accord, un conflit existe dans le couple sur la r\u00e9sidence de l&rsquo;enfant\u00a0\u00bb, indique le parquet de Grenoble, pr\u00e9cisant qu&rsquo;aucune juridiction n&rsquo;a \u00e9t\u00e9 saisie pour fixer son lieu de r\u00e9sidence.<\/p>\n<p class=\"mb-4 text-lg md:leading-8 break-words\">Le p\u00e8re du nourrisson est donc suspect\u00e9 \u00ab\u00a0d&rsquo;avoir r\u00e9cup\u00e9r\u00e9 par la contrainte son enfant et d&rsquo;\u00eatre parti dans un lieu inconnu\u00a0\u00bb, ajoute le parquet.<\/p>\n<p class=\"mb-4 text-lg md:leading-8 break-words\">Une information judiciaire a \u00e9t\u00e9 ouverte ce lundi du chef de \u00ab\u00a0soustraction de mineur par ascendant\u00a0\u00bb et pour \u00ab\u00a0violences volontaires aggrav\u00e9es\u00a0\u00bb. Des mandats d&rsquo;arr\u00eat ont par ailleurs \u00e9t\u00e9 d\u00e9cern\u00e9s contre les personnes suspect\u00e9es d&rsquo;avoir pris part \u00e0 ces faits dans le cadre de cette information judiciaire.<\/p>\n<p class=\"mb-4 text-lg md:leading-8 break-words\"><a href=\"https:\/\/www.bfmtv.com\/police-justice\/un-pere-suspecte-d-avoir-enleve-son-enfant-de-deux-mois-a-grenoble-un-mandat-d-arret-lance_AN-202511050605.html#xtor=AL-68\" rel=\"nofollow noopener\" target=\"_blank\" data-ylk=\"slk:Article original publi\u00e9 sur BFMTV.com;elm:context_link;itc:0;sec:content-canvas\" class=\"link \">Article original publi\u00e9 sur BFMTV.com<\/a><\/p>\n","protected":false},"excerpt":{"rendered":"Un p\u00e8re de famille, suspect\u00e9 d&rsquo;avoir enlev\u00e9 son enfant de deux mois le dimanche 2 novembre \u00e0 Grenoble,&hellip;\n","protected":false},"author":2,"featured_media":513708,"comment_status":"","ping_status":"","sticky":false,"template":"","format":"standard","meta":{"footnotes":""},"categories":[9566],"tags":[1111,11,2430,847,1777,674,1011,27,2731,18798,12,25,63452,16185],"class_list":{"0":"post-513707","1":"post","2":"type-post","3":"status-publish","4":"format-standard","5":"has-post-thumbnail","7":"category-grenoble","8":"tag-actu","9":"tag-actualites","10":"tag-auvergne-rhone-alpes","11":"tag-enfant","12":"tag-eu","13":"tag-europe","14":"tag-fr","15":"tag-france","16":"tag-grenoble","17":"tag-information-judiciaire","18":"tag-news","19":"tag-republique-francaise","20":"tag-ressortissante-francaise","21":"tag-suspecte"},"share_on_mastodon":{"url":"https:\/\/pubeurope.com\/@fr\/115497582340347461","error":""},"_links":{"self":[{"href":"https:\/\/www.europesays.com\/fr\/wp-json\/wp\/v2\/posts\/513707","targetHints":{"allow":["GET"]}}],"collection":[{"href":"https:\/\/www.europesays.com\/fr\/wp-json\/wp\/v2\/posts"}],"about":[{"href":"https:\/\/www.europesays.com\/fr\/wp-json\/wp\/v2\/types\/post"}],"author":[{"embeddable":true,"href":"https:\/\/www.europesays.com\/fr\/wp-json\/wp\/v2\/users\/2"}],"replies":[{"embeddable":true,"href":"https:\/\/www.europesays.com\/fr\/wp-json\/wp\/v2\/comments?post=513707"}],"version-history":[{"count":0,"href":"https:\/\/www.europesays.com\/fr\/wp-json\/wp\/v2\/posts\/513707\/revisions"}],"wp:featuredmedia":[{"embeddable":true,"href":"https:\/\/www.europesays.com\/fr\/wp-json\/wp\/v2\/media\/513708"}],"wp:attachment":[{"href":"https:\/\/www.europesays.com\/fr\/wp-json\/wp\/v2\/media?parent=513707"}],"wp:term":[{"taxonomy":"category","embeddable":true,"href":"https:\/\/www.europesays.com\/fr\/wp-json\/wp\/v2\/categories?post=513707"},{"taxonomy":"post_tag","embeddable":true,"href":"https:\/\/www.europesays.com\/fr\/wp-json\/wp\/v2\/tags?post=513707"}],"curies":[{"name":"wp","href":"https:\/\/api.w.org\/{rel}","templated":true}]}}