{"id":513709,"date":"2025-11-05T14:33:10","date_gmt":"2025-11-05T14:33:10","guid":{"rendered":"https:\/\/www.europesays.com\/fr\/513709\/"},"modified":"2025-11-05T14:33:10","modified_gmt":"2025-11-05T14:33:10","slug":"lacteur-tres-discret-avait-des-attaches-dans-cette-commune-pres-de-rennes","status":"publish","type":"post","link":"https:\/\/www.europesays.com\/fr\/513709\/","title":{"rendered":"l&rsquo;acteur, \u00ab\u00a0tr\u00e8s discret\u00a0\u00bb, avait des attaches dans cette commune pr\u00e8s de Rennes"},"content":{"rendered":"<p>            Par<br \/>\n        <strong><br \/>\n            <a href=\"https:\/\/actu.fr\/auteur\/brian-legoff\" title=\"Consulter tous les articles de Brian Le Goff\" rel=\"nofollow noopener\" target=\"_blank\">Brian Le Goff<\/a><br \/>\n        <\/strong><\/p>\n<p>        Publi\u00e9 le<\/p>\n<p>            5 nov. 2025 \u00e0 14h48        <\/p>\n<p>Il a beau avoir tourn\u00e9 dans des <strong>dizaines de films et jou\u00e9 avec tout autant d\u2019acteurs,<\/strong> comme Will Smith, Vincent Cassel, Nathalie Baye, Angelina Jolie, Pierce Brosnan ou encore Ad\u00e8le Exarchopoulos, <a href=\"https:\/\/actu.fr\/cinema\/belle-et-sebastien-nikita-l-ours-l-acteur-francais-tcheky-karyo-est-mort-il-avait-72-ans_63381498.html\" rel=\"nofollow noopener\" target=\"_blank\">Tch\u00e9ky Kyaro, mort \u00e0 l\u2019\u00e2ge de 72 ans, vendredi 31 octobre 2025,<\/a> est <strong>qualifi\u00e9 d\u2019homme \u00ab\u2009discret et agr\u00e9able\u2009\u00bb par tous les Bretons<\/strong> qui ont crois\u00e9 sa route.<\/p>\n<p>Une r\u00e9sidence \u00e0 Concarneau<\/p>\n<p class=\" wall-content\">En effet, le <strong>\u00ab\u2009grand m\u00e9chant\u2009\u00bb<\/strong> du <a href=\"https:\/\/actu.fr\/cinema\" rel=\"nofollow noopener\" target=\"_blank\">cin\u00e9ma<\/a> fran\u00e7ais s\u2019\u00e9tait \u00e9tabli une partie de l\u2019ann\u00e9e en <a href=\"https:\/\/actu.fr\/bretagne\/\" rel=\"nofollow noopener\" target=\"_blank\">Bretagne<\/a> ces derni\u00e8res ann\u00e9es, o\u00f9 il poss\u00e9dait une r\u00e9sidence \u00e0 <a href=\"https:\/\/actu.fr\/bretagne\/concarneau_29039\" rel=\"nofollow noopener\" target=\"_blank\">Concarneau<\/a>.<\/p>\n<p class=\" wall-content\">En 2013, dans un entretien \u00e0 <a href=\"https:\/\/www.ouest-france.fr\/bretagne\/rennes-35000\/tcheky-karyo-star-des-10-ans-de-court-metrange-1634345\" rel=\"nofollow noopener\" target=\"_blank\">Ouest-France<\/a> en tant que pr\u00e9sident du festival Court M\u00e9trange, il expliquait \u00e9galement \u00eatre <strong>\u00ab\u2009Rennais d\u2019adoption\u2009\u00bb,<\/strong> notamment parce qu\u2019il <strong>formait un couple avec l\u2019actrice Val\u00e9rie K\u00e9ruzor\u00e9,<\/strong> fille de Raymond K\u00e9ruzor\u00e9, ex-joueur du <a href=\"https:\/\/actu.fr\/tag\/stade-rennais\" rel=\"nofollow noopener\" target=\"_blank\">Stade Rennais<\/a>.<\/p>\n<p class=\" wall-content\">Ce dernier r\u00e9side \u00e0 <a href=\"https:\/\/actu.fr\/bretagne\/thorigne-fouillard_35334\" rel=\"nofollow noopener\" target=\"_blank\">Thorign\u00e9-Fouillard<\/a>. Ainsi, Tch\u00e9ky Karyo a d\u00e9j\u00e0 \u00e9t\u00e9 aper\u00e7u dans cette ville, situ\u00e9e \u00e0 quelques kilom\u00e8tres au nord-est de Rennes.<\/p>\n<p>\u00ab\u2009Crois\u00e9 lors d\u2019une braderie\u2009\u00bb<\/p>\n<p class=\" wall-content\">Contact\u00e9 par la r\u00e9daction d\u2019<a href=\"https:\/\/actu.fr\/rennes\/\" rel=\"nofollow noopener\" target=\"_blank\">actu Rennes<\/a>, <strong>le maire, Ga\u00ebl Lefeuvre,<\/strong> confirme : \u00ab\u2009C\u2019est bien sa belle-famille, du c\u00f4t\u00e9 de son \u00e9pouse, Val\u00e9rie K\u00e9ruzor\u00e9, qui habite ici. Je me souviens avoir<strong> crois\u00e9 l\u2019acteur lors d\u2019une braderie<\/strong> il y a quelques ann\u00e9es. Je ne l\u2019avais pas abord\u00e9<strong>. C\u2019\u00e9tait quelqu\u2019un de tr\u00e8s discret.\u2009\u00bb<\/strong><\/p>\n<p>Votre r\u00e9gion, votre actu !<\/p>\n<p>Recevez chaque jour les infos qui comptent pour vous.<\/p>\n<p>\t<a href=\"https:\/\/actu.fr\/newsletter\" class=\"ac-btn ac-btn--corner ac-btn--medium ac-btn--blue800\" rel=\"nofollow noopener\" target=\"_blank\">S&rsquo;incrire<\/a><\/p>\n<p class=\" wall-content\"><strong>\u00ab\u2009Le dur au grand c\u0153ur\u2009\u00bb<\/strong>, un surnom donn\u00e9 par de nombreux m\u00e9dias pour le contraste entre ses r\u00f4les de flics ou de truands et sa personnalit\u00e9 douce et po\u00e9tique dans la vie, sera<strong> inhum\u00e9, ce mercredi 5\u00a0novembre, \u00e0 Concarneau<\/strong>, dans le <a href=\"https:\/\/actu.fr\/bretagne\/finistere_29\" rel=\"nofollow noopener\" target=\"_blank\">Finist\u00e8re<\/a>.<\/p>\n<p class=\" wall-content\">Personnalisez votre actualit\u00e9 en ajoutant vos villes et m\u00e9dias en favori avec <a href=\"https:\/\/moncompte.actu.fr\" title=\"D\u00e9couvez Mon Actu\" rel=\"nofollow noopener\" data-trk=\"{&quot;cta&quot;:{&quot;action&quot;:&quot;https:\\\/\\\/moncompte.actu.fr&quot;,&quot;category&quot;:&quot;mon compte&quot;,&quot;from&quot;:&quot;article footer&quot;,&quot;name&quot;:&quot;Mon actu&quot;,&quot;type&quot;:&quot;cta&quot;}}\" target=\"_blank\">Mon Actu<\/a>.<\/p>\n","protected":false},"excerpt":{"rendered":"Par Brian Le Goff Publi\u00e9 le 5 nov. 2025 \u00e0 14h48 Il a beau avoir tourn\u00e9 dans des&hellip;\n","protected":false},"author":2,"featured_media":513710,"comment_status":"","ping_status":"","sticky":false,"template":"","format":"standard","meta":{"footnotes":""},"categories":[2821],"tags":[1111,11,829,650,1777,674,1011,27,1652,1391,12,584,25,3087],"class_list":{"0":"post-513709","1":"post","2":"type-post","3":"status-publish","4":"format-standard","5":"has-post-thumbnail","7":"category-rennes","8":"tag-actu","9":"tag-actualites","10":"tag-bretagne","11":"tag-cinema","12":"tag-eu","13":"tag-europe","14":"tag-fr","15":"tag-france","16":"tag-loisirs-culture","17":"tag-necrologie","18":"tag-news","19":"tag-rennes","20":"tag-republique-francaise","21":"tag-stade-rennais"},"share_on_mastodon":{"url":"https:\/\/pubeurope.com\/@fr\/115497586242879053","error":""},"_links":{"self":[{"href":"https:\/\/www.europesays.com\/fr\/wp-json\/wp\/v2\/posts\/513709","targetHints":{"allow":["GET"]}}],"collection":[{"href":"https:\/\/www.europesays.com\/fr\/wp-json\/wp\/v2\/posts"}],"about":[{"href":"https:\/\/www.europesays.com\/fr\/wp-json\/wp\/v2\/types\/post"}],"author":[{"embeddable":true,"href":"https:\/\/www.europesays.com\/fr\/wp-json\/wp\/v2\/users\/2"}],"replies":[{"embeddable":true,"href":"https:\/\/www.europesays.com\/fr\/wp-json\/wp\/v2\/comments?post=513709"}],"version-history":[{"count":0,"href":"https:\/\/www.europesays.com\/fr\/wp-json\/wp\/v2\/posts\/513709\/revisions"}],"wp:featuredmedia":[{"embeddable":true,"href":"https:\/\/www.europesays.com\/fr\/wp-json\/wp\/v2\/media\/513710"}],"wp:attachment":[{"href":"https:\/\/www.europesays.com\/fr\/wp-json\/wp\/v2\/media?parent=513709"}],"wp:term":[{"taxonomy":"category","embeddable":true,"href":"https:\/\/www.europesays.com\/fr\/wp-json\/wp\/v2\/categories?post=513709"},{"taxonomy":"post_tag","embeddable":true,"href":"https:\/\/www.europesays.com\/fr\/wp-json\/wp\/v2\/tags?post=513709"}],"curies":[{"name":"wp","href":"https:\/\/api.w.org\/{rel}","templated":true}]}}