{"id":513714,"date":"2025-11-05T14:36:15","date_gmt":"2025-11-05T14:36:15","guid":{"rendered":"https:\/\/www.europesays.com\/fr\/513714\/"},"modified":"2025-11-05T14:36:15","modified_gmt":"2025-11-05T14:36:15","slug":"gabe-brown-elu-sigman-du-mois-doctobre","status":"publish","type":"post","link":"https:\/\/www.europesays.com\/fr\/513714\/","title":{"rendered":"GABE BROWN \u00c9LU SIGMAN DU MOIS D&rsquo;OCTOBRE !"},"content":{"rendered":"<p class=\"text-align-justify chapo\">Dans un mois d\u2019octobre \u00e9tincelant pour la SIG Strasbourg, marqu\u00e9 par cinq victoires en six matchs toutes comp\u00e9titions confondues (Betclic \u00c9LITE et Coupe de France), un joueur s\u2019est particuli\u00e8rement distingu\u00e9 par sa capacit\u00e9 \u00e0 scorer (actuellement 3e meilleur marqueur du championnat) et par son engagement. Gabe Brown a \u00e9t\u00e9 \u00e9lu SIGman du mois d\u2019octobre avec 46 % des votes de la SIGArmy !<\/p>\n<p>\u00a0<br \/>\n\u2b07\ufe0f Les meilleures actions de Gabe Brown \u2b07\ufe0f<\/p>\n","protected":false},"excerpt":{"rendered":"Dans un mois d\u2019octobre \u00e9tincelant pour la SIG Strasbourg, marqu\u00e9 par cinq victoires en six matchs toutes comp\u00e9titions&hellip;\n","protected":false},"author":2,"featured_media":513715,"comment_status":"","ping_status":"","sticky":false,"template":"","format":"standard","meta":{"footnotes":""},"categories":[2820],"tags":[1111,11,3146,1777,674,1011,27,775,3145,12,25,3144,640],"class_list":{"0":"post-513714","1":"post","2":"type-post","3":"status-publish","4":"format-standard","5":"has-post-thumbnail","7":"category-strasbourg","8":"tag-actu","9":"tag-actualites","10":"tag-betclic-elite","11":"tag-eu","12":"tag-europe","13":"tag-fr","14":"tag-france","15":"tag-grand-est","16":"tag-lnb","17":"tag-news","18":"tag-republique-francaise","19":"tag-sig","20":"tag-strasbourg"},"share_on_mastodon":{"url":"https:\/\/pubeurope.com\/@fr\/115497597858464087","error":""},"_links":{"self":[{"href":"https:\/\/www.europesays.com\/fr\/wp-json\/wp\/v2\/posts\/513714","targetHints":{"allow":["GET"]}}],"collection":[{"href":"https:\/\/www.europesays.com\/fr\/wp-json\/wp\/v2\/posts"}],"about":[{"href":"https:\/\/www.europesays.com\/fr\/wp-json\/wp\/v2\/types\/post"}],"author":[{"embeddable":true,"href":"https:\/\/www.europesays.com\/fr\/wp-json\/wp\/v2\/users\/2"}],"replies":[{"embeddable":true,"href":"https:\/\/www.europesays.com\/fr\/wp-json\/wp\/v2\/comments?post=513714"}],"version-history":[{"count":0,"href":"https:\/\/www.europesays.com\/fr\/wp-json\/wp\/v2\/posts\/513714\/revisions"}],"wp:featuredmedia":[{"embeddable":true,"href":"https:\/\/www.europesays.com\/fr\/wp-json\/wp\/v2\/media\/513715"}],"wp:attachment":[{"href":"https:\/\/www.europesays.com\/fr\/wp-json\/wp\/v2\/media?parent=513714"}],"wp:term":[{"taxonomy":"category","embeddable":true,"href":"https:\/\/www.europesays.com\/fr\/wp-json\/wp\/v2\/categories?post=513714"},{"taxonomy":"post_tag","embeddable":true,"href":"https:\/\/www.europesays.com\/fr\/wp-json\/wp\/v2\/tags?post=513714"}],"curies":[{"name":"wp","href":"https:\/\/api.w.org\/{rel}","templated":true}]}}