{"id":513718,"date":"2025-11-05T14:39:15","date_gmt":"2025-11-05T14:39:15","guid":{"rendered":"https:\/\/www.europesays.com\/fr\/513718\/"},"modified":"2025-11-05T14:39:15","modified_gmt":"2025-11-05T14:39:15","slug":"le-fabrique-en-loire-atlantique-sexpose-a-la-prefecture-le-12-novembre","status":"publish","type":"post","link":"https:\/\/www.europesays.com\/fr\/513718\/","title":{"rendered":"le \u00ab Fabriqu\u00e9 en Loire-Atlantique \u00bb s\u2019expose \u00e0 la pr\u00e9fecture le 12 novembre"},"content":{"rendered":"<p>Publi\u00e9 par Soizick David, le 05 Novembre 2025 \u00e0 14:49<\/p>\n<p itemprop=\"description\" class=\"chapo\">De 11h30 \u00e0 15h00, entreprises, artisans et producteurs locaux viendront pr\u00e9senter leurs cr\u00e9ations et innovations dans les salons du b\u00e2timent pr\u00e9fectoral, place Roger-Salengro \u00e0 Nantes.<\/p>\n<p><img decoding=\"async\" src=\"https:\/\/www.europesays.com\/fr\/wp-content\/uploads\/2025\/11\/2025-11-05-nantes-le-fabrique-en-loire-atlantique-s-expose-a-la-prefecture-le-12-novembre.jpg\" class=\"img-fluid rounded-3\" alt=\"Nantes : le \u00ab Fabriqu\u00e9 en Loire-Atlantique \u00bb s\u2019expose \u00e0 la pr\u00e9fecture le 12 novembre\"\/><br \/>\nLes salons de la Pr\u00e9fecture s&rsquo;ouvrent au public pour l&rsquo;exposition \u00ab\u00a0Fabriqu\u00e9 en Loire-Atlantique\u00a0\u00bb le 12 novembre prochain \u00a9 Wikimedia<\/p>\n<p>Inspir\u00e9e du \u00ab\u00a0Fabriqu\u00e9 en France\u00a0\u00bb, initi\u00e9 par le Pr\u00e9sident de la R\u00e9publique en 2020, cette exposition metra en lumi\u00e8re les talents et les savoir-faire de tout le D\u00e9partement. L\u2019\u00e9v\u00e9nement se veut une vitrine du dynamisme \u00e9conomique local, rassemblant aussi bien des start-ups technologiques que des maisons artisanales ou des producteurs engag\u00e9s dans la transition \u00e9cologique.<\/p>\n<p>Visite et \u00e9changes<\/p>\n<p>Le temps d\u2019une journ\u00e9e, les visiteurs pourront rencontrer les exposants, d\u00e9couvrir leurs produits, et \u00e9changer sur leurs d\u00e9marches d\u2019innovation, de durabilit\u00e9 et de production locale. De la confiserie artisanale aux innovations industrielles, le panel promet d\u2019\u00eatre aussi vari\u00e9 qu\u2019inspirant. Pour la pr\u00e9fecture, cette initiative s\u2019inscrit aussi dans une volont\u00e9 de rapprocher le public des acteurs \u00e9conomiques du d\u00e9partement. \u00ab \u00c0 travers cette initiative, les services de l\u2019\u00c9tat souhaitent rapprocher le public des acteurs \u00e9conomiques lig\u00e9riens et valoriser les savoir-faire qui font la richesse du territoire. Le Fabriqu\u00e9 en Loire-Atlantique, c\u2019est l\u2019occasion de red\u00e9couvrir que l\u2019innovation et la qualit\u00e9 se construisent aussi au plus pr\u00e8s de chez nous \u00bb souligne la Pr\u00e9fecture. L\u2019\u00e9v\u00e9nement, gratuit et ouvert \u00e0 tous, se d\u00e9roule sur inscription obligatoire via la plateforme <a href=\"https:\/\/www.saintnazairenews.fr\/news\/my.weezevent.com\/grande-exposition-du-fabrique-en-loire-atlantique\" target=\"_blank\" rel=\"noopener noreferrer\">Weezevent<\/a>. L\u2019accueil des personnes \u00e0 mobilit\u00e9 r\u00e9duite sera assur\u00e9.<\/p>\n<p>Salon du Fabriqu\u00e9 en Loire-Atlantique \u2022 Le mercredi 12 novembre 2025 de 11h30 \u00e0 15h \u2022 Pr\u00e9fecture de Loire-Atlantique, place Roger-Salengro, Nantes \u2022 Horaires : de 11h30 \u00e0 15h0 \u2022 <a href=\"https:\/\/www.saintnazairenews.fr\/news\/my.weezevent.com\/grande-exposition-du-fabrique-en-loire-atlantique\" target=\"_blank\" rel=\"noopener noreferrer\">Inscription obligatoire<\/a> \u2022 Acc\u00e8s PMR assur\u00e9.<\/p>\n","protected":false},"excerpt":{"rendered":"Publi\u00e9 par Soizick David, le 05 Novembre 2025 \u00e0 14:49 De 11h30 \u00e0 15h00, entreprises, artisans et producteurs&hellip;\n","protected":false},"author":2,"featured_media":513719,"comment_status":"","ping_status":"","sticky":false,"template":"","format":"standard","meta":{"footnotes":""},"categories":[2818],"tags":[1111,11,3723,1777,674,1011,27,1114,766,13694,12,2636,25,3213],"class_list":{"0":"post-513718","1":"post","2":"type-post","3":"status-publish","4":"format-standard","5":"has-post-thumbnail","7":"category-nantes","8":"tag-actu","9":"tag-actualites","10":"tag-actus","11":"tag-eu","12":"tag-europe","13":"tag-fr","14":"tag-france","15":"tag-infos","16":"tag-nantes","17":"tag-nazaire","18":"tag-news","19":"tag-pays-de-la-loire","20":"tag-republique-francaise","21":"tag-saint"},"share_on_mastodon":{"url":"https:\/\/pubeurope.com\/@fr\/115497610555030608","error":""},"_links":{"self":[{"href":"https:\/\/www.europesays.com\/fr\/wp-json\/wp\/v2\/posts\/513718","targetHints":{"allow":["GET"]}}],"collection":[{"href":"https:\/\/www.europesays.com\/fr\/wp-json\/wp\/v2\/posts"}],"about":[{"href":"https:\/\/www.europesays.com\/fr\/wp-json\/wp\/v2\/types\/post"}],"author":[{"embeddable":true,"href":"https:\/\/www.europesays.com\/fr\/wp-json\/wp\/v2\/users\/2"}],"replies":[{"embeddable":true,"href":"https:\/\/www.europesays.com\/fr\/wp-json\/wp\/v2\/comments?post=513718"}],"version-history":[{"count":0,"href":"https:\/\/www.europesays.com\/fr\/wp-json\/wp\/v2\/posts\/513718\/revisions"}],"wp:featuredmedia":[{"embeddable":true,"href":"https:\/\/www.europesays.com\/fr\/wp-json\/wp\/v2\/media\/513719"}],"wp:attachment":[{"href":"https:\/\/www.europesays.com\/fr\/wp-json\/wp\/v2\/media?parent=513718"}],"wp:term":[{"taxonomy":"category","embeddable":true,"href":"https:\/\/www.europesays.com\/fr\/wp-json\/wp\/v2\/categories?post=513718"},{"taxonomy":"post_tag","embeddable":true,"href":"https:\/\/www.europesays.com\/fr\/wp-json\/wp\/v2\/tags?post=513718"}],"curies":[{"name":"wp","href":"https:\/\/api.w.org\/{rel}","templated":true}]}}