{"id":513723,"date":"2025-11-05T14:42:11","date_gmt":"2025-11-05T14:42:11","guid":{"rendered":"https:\/\/www.europesays.com\/fr\/513723\/"},"modified":"2025-11-05T14:42:11","modified_gmt":"2025-11-05T14:42:11","slug":"un-elu-de-merignac-mis-en-examen-pour-pedopornographie-et-ecroue","status":"publish","type":"post","link":"https:\/\/www.europesays.com\/fr\/513723\/","title":{"rendered":"Un \u00e9lu de M\u00e9rignac mis en examen pour p\u00e9dopornographie et \u00e9crou\u00e9"},"content":{"rendered":"<p>Un conseiller municipal de M\u00e9rignac, pr\u00e8s de <a href=\"https:\/\/www.20minutes.fr\/bordeaux\/\" class=\"c-link c-link--is-underlined\" rel=\"nofollow noopener\" target=\"_blank\">Bordeaux<\/a>, a \u00e9t\u00e9 <a href=\"https:\/\/www.20minutes.fr\/dossier\/mis_en_examen\" class=\"c-link c-link--is-underlined\" rel=\"nofollow noopener\" target=\"_blank\">mis en examen<\/a> pour \u00ab\u00a0exportation, importation et d\u00e9tention d\u2019images <a href=\"https:\/\/www.20minutes.fr\/dossier\/pedopornographie\" class=\"c-link c-link--is-underlined\" rel=\"nofollow noopener\" target=\"_blank\">p\u00e9doporno<\/a>graphiques\u00a0\u00bb, a indiqu\u00e9 mercredi, le procureur de la R\u00e9publique de Bordeaux, Renaud Gaudeul, \u00e0 20 Minutes, confirmant une information de <a href=\"https:\/\/www.sudouest.fr\/gironde\/merignac\/pedopornographie-un-elu-de-gironde-mis-en-examen-et-place-en-detention-provisoire-26597293.php\" rel=\"nofollow noopener\" target=\"_blank\" class=\"c-link c-link--is-underlined\">Sud Ouest<\/a>.<\/p>\n<p>L\u2019\u00e9lu a \u00e9t\u00e9 plac\u00e9 en d\u00e9tention provisoire au centre p\u00e9nitentiaire de Gradignan, le 23\u00a0octobre. Au cours de sa garde \u00e0 vue, il a \u00ab\u00a0contest\u00e9 les faits qui lui sont reproch\u00e9s\u00a0\u00bb, a pr\u00e9cis\u00e9 le procureur.<\/p>\n<p>Un signalement des autorit\u00e9s am\u00e9ricaines<\/p>\n<p>C\u2019est un signalement des autorit\u00e9s am\u00e9ricaines aupr\u00e8s de l\u2019Office des mineurs, sp\u00e9cialis\u00e9 dans la lutte contre les violences faites aux enfants, de Paris qui est \u00e0 l\u2019origine de l\u2019enqu\u00eate. D\u2019apr\u00e8s les informations du quotidien local, des \u00e9changes de fichiers et d\u2019images de mineurs pr\u00e9sentant un caract\u00e8re pornographique avaient \u00e9t\u00e9 rep\u00e9r\u00e9s sur Internet.<\/p>\n<\/p>\n<p>Une fois alert\u00e9, le parquet de Bordeaux a confi\u00e9 l\u2019enqu\u00eate Division de la criminalit\u00e9 organis\u00e9e et sp\u00e9cialis\u00e9e (DCOS). L\u2019homme a \u00e9t\u00e9 interpell\u00e9 le 21\u00a0octobre. Au cours d\u2019une perquisition \u00e0 son domicile, du mat\u00e9riel informatique a \u00e9t\u00e9 saisi pour \u00eatre analys\u00e9 dans le cadre de l\u2019information <a href=\"https:\/\/www.20minutes.fr\/societe\/information_judiciaire\/\" class=\"c-link c-link--is-underlined\" rel=\"nofollow noopener\" target=\"_blank\">judiciaire <\/a>en cours.<\/p>\n<p><a href=\"https:\/\/www.20minutes.fr\/dossier\/pedophilie\" class=\"c-link c-btn c-btn--primary\" rel=\"nofollow noopener\" target=\"_blank\">Notre dossier sur la p\u00e9docriminalit\u00e9<\/a><\/p>\n<p>Cet homme de 53 ans, au casier judiciaire vierge, a \u00e9t\u00e9 \u00e9lu pour la premi\u00e8re fois en\u00a02020, pr\u00e9sent sur la liste de l\u2019ancien maire, Alain Anziani. Il pr\u00e9side, depuis pr\u00e8s d\u2019une d\u00e9cennie, le comit\u00e9 d\u2019entente des associations d\u2019anciens combattants de M\u00e9rignac, toujours selon les informations du quotidien local. Interrog\u00e9 par Sud Ouest, le maire de M\u00e9rignac, Thierry Trijoulet s\u2019est dit \u00ab\u00a0constern\u00e9\u00a0\u00bb par cette affaire. Il a retir\u00e9 sa d\u00e9l\u00e9gation au conseiller municipal. Il appelle \u00e0 ce qu\u2019il \u00ab\u00a0r\u00e9ponde de ses actes\u00a0\u00bb.<\/p>\n","protected":false},"excerpt":{"rendered":"Un conseiller municipal de M\u00e9rignac, pr\u00e8s de Bordeaux, a \u00e9t\u00e9 mis en examen pour \u00ab\u00a0exportation, importation et d\u00e9tention&hellip;\n","protected":false},"author":2,"featured_media":513724,"comment_status":"","ping_status":"","sticky":false,"template":"","format":"standard","meta":{"footnotes":""},"categories":[2817],"tags":[1111,47,11,3177,1997,1067,1777,674,1011,27,2905,310,303,5107,12,2219,1974,32329,3764,25],"class_list":{"0":"post-513723","1":"post","2":"type-post","3":"status-publish","4":"format-standard","5":"has-post-thumbnail","7":"category-bordeaux","8":"tag-actu","9":"tag-actualite","10":"tag-actualites","11":"tag-aquitaine","12":"tag-bordeaux","13":"tag-enquete","14":"tag-eu","15":"tag-europe","16":"tag-fr","17":"tag-france","18":"tag-gironde","19":"tag-internet","20":"tag-justice","21":"tag-maire","22":"tag-news","23":"tag-nouvelle-aquitaine","24":"tag-pedocriminalite","25":"tag-pedopornographie","26":"tag-procureur-de-la-republique","27":"tag-republique-francaise"},"share_on_mastodon":{"url":"https:\/\/pubeurope.com\/@fr\/115497621714308644","error":""},"_links":{"self":[{"href":"https:\/\/www.europesays.com\/fr\/wp-json\/wp\/v2\/posts\/513723","targetHints":{"allow":["GET"]}}],"collection":[{"href":"https:\/\/www.europesays.com\/fr\/wp-json\/wp\/v2\/posts"}],"about":[{"href":"https:\/\/www.europesays.com\/fr\/wp-json\/wp\/v2\/types\/post"}],"author":[{"embeddable":true,"href":"https:\/\/www.europesays.com\/fr\/wp-json\/wp\/v2\/users\/2"}],"replies":[{"embeddable":true,"href":"https:\/\/www.europesays.com\/fr\/wp-json\/wp\/v2\/comments?post=513723"}],"version-history":[{"count":0,"href":"https:\/\/www.europesays.com\/fr\/wp-json\/wp\/v2\/posts\/513723\/revisions"}],"wp:featuredmedia":[{"embeddable":true,"href":"https:\/\/www.europesays.com\/fr\/wp-json\/wp\/v2\/media\/513724"}],"wp:attachment":[{"href":"https:\/\/www.europesays.com\/fr\/wp-json\/wp\/v2\/media?parent=513723"}],"wp:term":[{"taxonomy":"category","embeddable":true,"href":"https:\/\/www.europesays.com\/fr\/wp-json\/wp\/v2\/categories?post=513723"},{"taxonomy":"post_tag","embeddable":true,"href":"https:\/\/www.europesays.com\/fr\/wp-json\/wp\/v2\/tags?post=513723"}],"curies":[{"name":"wp","href":"https:\/\/api.w.org\/{rel}","templated":true}]}}