{"id":513727,"date":"2025-11-05T14:44:10","date_gmt":"2025-11-05T14:44:10","guid":{"rendered":"https:\/\/www.europesays.com\/fr\/513727\/"},"modified":"2025-11-05T14:44:10","modified_gmt":"2025-11-05T14:44:10","slug":"train-des-enseignants-et-des-chercheurs-mettent-en-cause-la-fiabilite-de-la-ligne-albi-toulouse","status":"publish","type":"post","link":"https:\/\/www.europesays.com\/fr\/513727\/","title":{"rendered":"Train. Des enseignants et des chercheurs mettent en cause la fiabilit\u00e9 de la ligne Albi-Toulouse"},"content":{"rendered":"<p>            Par<br \/>\n        <strong><br \/>\n            <a href=\"https:\/\/actu.fr\/auteur\/fabien-hisbacq-actu-fr\" title=\"Consulter tous les articles de Fabien Hisbacq\" rel=\"nofollow noopener\" target=\"_blank\">Fabien Hisbacq<\/a><br \/>\n        <\/strong><\/p>\n<p>        Publi\u00e9 le<\/p>\n<p>            5 nov. 2025 \u00e0 15h07        <\/p>\n<p>Ils sont enseignants, chercheurs, les deux \u00e0 la fois ou simplement membres du personnel de <strong>l\u2019Institut national universitaire Champollion<\/strong> d\u2019Albi (<strong><a href=\"https:\/\/actu.fr\/occitanie\/tarn_81\" rel=\"nofollow noopener\" target=\"_blank\">Tarn<\/a><\/strong>). Et beaucoup prennent le train pour se rendre au travail. <strong>La ligne TER Albi-Toulouse<\/strong>. Ils remettent en cause sa fiabilit\u00e9 et s\u2019en alarment aupr\u00e8s de la R\u00e9gion et de la SNCF dans un courrier envoy\u00e9 en octobre\u00a02025 et sign\u00e9 par \u00ab\u2009un ensemble d\u2019usagers et usag\u00e8res, membres de l\u2019Universit\u00e9 d\u2019Albi, qui croient encore au train public\u2009\u00bb.<\/p>\n<p class=\" wall-content\">\u00ab\u2009La fr\u00e9quence des trains est <strong>toujours tr\u00e8s insuffisante<\/strong> pour les personnes qui utilisent cette ligne pour des raisons professionnelles et <strong>ce constat s\u2019aggrave<\/strong> \u00e0 mesure que de nouveaux horaires sont propos\u00e9s\u2009\u00bb, estiment les signataires du courrier.<\/p>\n<blockquote class=\"ac-article-quote wall-content\">\n<p>\u00ab\u00a0Les temps de trajet sont de plus en plus inadapt\u00e9s aux usagers et usag\u00e8res : \u00e0 titre d\u2019exemple entre Toulouse et Albi, il n\u2019existe aucun train \u00ab rapide \u00bb (environ 55 minutes)<br \/>\naux horaires de pointe, alors que certains sont mis en place au milieu de la journ\u00e9e. Au<br \/>\ncontraire, le train de 7h12, auparavant programm\u00e9 \u00e0 7h25, celui massivement emprunt\u00e9, est<br \/>\npass\u00e9 de 58 minutes il y a deux ans \u00e0 1h18 \u00e0 ce jour pour r\u00e9gulation du trafic : nous restons ainsi 10 minutes immobiles \u00e0 Saint Sulpice\u00a0\u00bb.<\/p>\n<p>    <strong>Les signataires de l&rsquo;INU Champollion<\/strong>\n            <\/p><\/blockquote>\n<p>\u00ab\u2009Qui peut encore pr\u00e9f\u00e9rer le train dans ces conditions\u2009?\u2009\u00bb<\/p>\n<p class=\" wall-content\">\u00ab\u2009Ainsi, int\u00e9grer \u00ab\u2009une r\u00e9gulation du trafic\u2009\u00bb de mani\u00e8re structurelle n\u2019est pas un signe d\u2019am\u00e9lioration du service, mais bien <strong>un aveu assum\u00e9 de la situation catastrophique du r\u00e9seau<\/strong> dont l\u2019\u00e9tat ne permet pas de fournir un service fiable\u2009\u00bb, regrettent les signataires du courrier. Ajoutant\u2009: \u00ab\u2009Qui peut encore pr\u00e9f\u00e9rer le train dans ces conditions\u2009?\u2009\u00bb.<\/p>\n<p><a href=\"https:\/\/static.actu.fr\/uploads\/2025\/11\/lettre-aux-responsables-ter-lio-du-15-octobre-2025.pdf\" rel=\"nofollow noopener\" target=\"_blank\">Afficher ou t\u00e9l\u00e9charger le fichier.<\/a><\/p>\n<p>Apr\u00e8s une premi\u00e8re alerte en 2023<\/p>\n<p class=\" wall-content\">\u00ab\u2009Sans une r\u00e9action politique ferme et sans investissement, cette situation empirera, et le v\u0153u d\u2019un r\u00e9seau ferr\u00e9 efficace ne pourra plus \u00eatre brandi par les responsables politiques qui n\u2019auront rien fait\u2009\u00bb, concluent les signataires. Qui savent de quoi ils parlent en tant qu\u2019usagers. Mais aussi parce qu\u2019<strong>ils avaient d\u00e9j\u00e0 alert\u00e9 les autorit\u00e9s sur le sujet.<\/strong><\/p>\n<p>Vid\u00e9os : en ce moment sur Actu<\/p>\n<p class=\" wall-content\">C\u2019\u00e9tait il y a deux ans. Le 31\u00a0juillet 2023, un groupe de personnels de l\u2019INU Champollion d\u2019Albi, signait d\u00e9j\u00e0 un courrier similaire, documentant les \u00ab\u2009difficult\u00e9s quotidiennes\u2009\u00bb sur le r\u00e9seau \u00e0 l\u2019\u00e9chelle de la r\u00e9gion.<\/p>\n<p>Votre r\u00e9gion, votre actu !<\/p>\n<p>Recevez chaque jour les infos qui comptent pour vous.<\/p>\n<p>\t<a href=\"https:\/\/actu.fr\/newsletter\" class=\"ac-btn ac-btn--corner ac-btn--medium ac-btn--blue800\" rel=\"nofollow noopener\" target=\"_blank\">S&rsquo;incrire<\/a><\/p>\n<p class=\" wall-content\">Des probl\u00e8mes \u00ab\u2009de deux ordres\u2009: d\u2019une part <strong>le manque criant de services de transport depuis Toulouse jusqu\u2019aux villes moyennes de la r\u00e9gion<\/strong>, d\u2019autre part les probl\u00e8mes ponctuels \u00e0 r\u00e9p\u00e9tition \u2013 retards subis pour r\u00e9gulation du trafic ou croisement de trains, avaries de mat\u00e9riel ou encore probl\u00e8mes sur les voies\u2009\u00bb.<\/p>\n<p>Un rencontre<\/p>\n<p class=\" wall-content\">Un appel \u00ab\u2009entendu \u2013 nous semblait-il \u2013 par la R\u00e9gion, qui avait propos\u00e9 de rencontrer certains usagers et usag\u00e8res de l\u2019Universit\u00e9 d\u2019Albi\u2009\u00bb. Le 11\u00a0septembre 2023, une rencontre avait dont lieu entre trois signataires et le directeur adjoint de cabinet de la pr\u00e9sidente de R\u00e9gion Carole Delga, le directeur du service Mobilit\u00e9s, Infrastructures et D\u00e9veloppement \u00e0 la R\u00e9gion, ceux de la direction TER Occitanie \u00e0 la SNCF ou encore la directrice du P\u00f4le Clients et services SNCF R\u00e9seau.<\/p>\n<p class=\" wall-content\">\u00ab\u00a0Lors de cet \u00e9change, les responsables pr\u00e9sents ont fait \u00e9tat d\u2019une capacit\u00e9 d\u2019action limit\u00e9e<br \/>concernant la ligne Toulouse- Albi\u00a0\u00bb. <strong>Pas de travaux pr\u00e9vus, pas d\u2019investissement, un mat\u00e9riel roulant \u00ab\u00a0exploit\u00e9 \u00e0 son maximum\u00a0\u00bb\u2026<\/strong> Les enseignements, bien que pessimistes, \u00e9taient nombreux.<\/p>\n<p>L\u2019ajout d\u2019un train aux heures de pointe\u2009?<\/p>\n<p class=\" wall-content\">\u00ab\u2009En termes d\u2019horaires, les responsables pr\u00e9sents ont expliqu\u00e9 que la strat\u00e9gie ferroviaire s\u2019\u00e9tait occup\u00e9e en premier lieu des mobilit\u00e9s des travailleurs depuis les villes moyennes vers Toulouse et nous remerciaient de les documenter <strong>sur les mobilit\u00e9s depuis Toulouse vers Albi et vers Rodez, ce qu\u2019ils avaient jusque-l\u00e0 moins privil\u00e9gi\u00e9<\/strong>. S\u2019ils reconnaissaient donc la faible marge de man\u0153uvre possible, en revanche ils s\u2019\u00e9taient engag\u00e9s \u00e0 \u00e9tudier les horaires de ces trains matin et soir, ainsi qu\u2019\u00e0 r\u00e9fl\u00e9chir au possible ajout d\u2019un train plus rapide aux heures de pointe, matin et soir\u2009\u00bb, r\u00e9sument les signataires du dernier courrier en date.<\/p>\n<p><a href=\"https:\/\/static.actu.fr\/uploads\/2025\/11\/lettre-du-31-juillet-2023-ter-occitanie-un-appel.pdf\" rel=\"nofollow noopener\" target=\"_blank\">Afficher ou t\u00e9l\u00e9charger le fichier.<\/a><\/p>\n<p>\u00ab\u2009De plus en plus nombreux \u00e0 pr\u00e9f\u00e9rer la voiture\u2009\u00bb<\/p>\n<p class=\" wall-content\">Sauf que deux ans apr\u00e8s cette r\u00e9union, <strong>\u00ab\u2009absolument rien n\u2019a chang\u00e9\u2009\u00bb.<\/strong> \u00ab\u2009Au contraire tous les dysfonctionnements point\u00e9s dans notre premi\u00e8re lettre se sont aggrav\u00e9s\u2009\u00bb, estiment les personnels de l\u2019INU Champollion, regrettant au passage que les usagers et usag\u00e8res soient \u00ab\u2009ainsi de plus en plus nombreux et nombreuses \u00e0 pr\u00e9f\u00e9rer la voiture et non le train, pour cause de non-fiabilit\u00e9 de la ligne\u2009\u00bb.<\/p>\n<p class=\" wall-content\">Reste \u00e0 savoir si le courrier d\u2019octobre\u00a02025 sera, lui, suivi d\u2019effets concrets dans les wagons\u2026<\/p>\n<p class=\" wall-content\">Personnalisez votre actualit\u00e9 en ajoutant vos villes et m\u00e9dias en favori avec <a href=\"https:\/\/moncompte.actu.fr\" title=\"D\u00e9couvez Mon Actu\" rel=\"nofollow noopener\" data-trk=\"{&quot;cta&quot;:{&quot;action&quot;:&quot;https:\\\/\\\/moncompte.actu.fr&quot;,&quot;category&quot;:&quot;mon compte&quot;,&quot;from&quot;:&quot;article footer&quot;,&quot;name&quot;:&quot;Mon actu&quot;,&quot;type&quot;:&quot;cta&quot;}}\" target=\"_blank\">Mon Actu<\/a>.<\/p>\n","protected":false},"excerpt":{"rendered":"Par Fabien Hisbacq Publi\u00e9 le 5 nov. 2025 \u00e0 15h07 Ils sont enseignants, chercheurs, les deux \u00e0 la&hellip;\n","protected":false},"author":2,"featured_media":513728,"comment_status":"","ping_status":"","sticky":false,"template":"","format":"standard","meta":{"footnotes":""},"categories":[2816],"tags":[1111,11,1777,674,1011,27,12,2680,25,2215,104,2312,2803],"class_list":{"0":"post-513727","1":"post","2":"type-post","3":"status-publish","4":"format-standard","5":"has-post-thumbnail","7":"category-toulouse","8":"tag-actu","9":"tag-actualites","10":"tag-eu","11":"tag-europe","12":"tag-fr","13":"tag-france","14":"tag-news","15":"tag-occitanie","16":"tag-republique-francaise","17":"tag-sncf","18":"tag-societe","19":"tag-toulouse","20":"tag-transport"},"share_on_mastodon":{"url":"https:\/\/pubeurope.com\/@fr\/115497629380519118","error":""},"_links":{"self":[{"href":"https:\/\/www.europesays.com\/fr\/wp-json\/wp\/v2\/posts\/513727","targetHints":{"allow":["GET"]}}],"collection":[{"href":"https:\/\/www.europesays.com\/fr\/wp-json\/wp\/v2\/posts"}],"about":[{"href":"https:\/\/www.europesays.com\/fr\/wp-json\/wp\/v2\/types\/post"}],"author":[{"embeddable":true,"href":"https:\/\/www.europesays.com\/fr\/wp-json\/wp\/v2\/users\/2"}],"replies":[{"embeddable":true,"href":"https:\/\/www.europesays.com\/fr\/wp-json\/wp\/v2\/comments?post=513727"}],"version-history":[{"count":0,"href":"https:\/\/www.europesays.com\/fr\/wp-json\/wp\/v2\/posts\/513727\/revisions"}],"wp:featuredmedia":[{"embeddable":true,"href":"https:\/\/www.europesays.com\/fr\/wp-json\/wp\/v2\/media\/513728"}],"wp:attachment":[{"href":"https:\/\/www.europesays.com\/fr\/wp-json\/wp\/v2\/media?parent=513727"}],"wp:term":[{"taxonomy":"category","embeddable":true,"href":"https:\/\/www.europesays.com\/fr\/wp-json\/wp\/v2\/categories?post=513727"},{"taxonomy":"post_tag","embeddable":true,"href":"https:\/\/www.europesays.com\/fr\/wp-json\/wp\/v2\/tags?post=513727"}],"curies":[{"name":"wp","href":"https:\/\/api.w.org\/{rel}","templated":true}]}}