{"id":513729,"date":"2025-11-05T14:45:19","date_gmt":"2025-11-05T14:45:19","guid":{"rendered":"https:\/\/www.europesays.com\/fr\/513729\/"},"modified":"2025-11-05T14:45:19","modified_gmt":"2025-11-05T14:45:19","slug":"une-nuit-dhalloween-inoubliable-sur-la-grand-place-de-roubaix","status":"publish","type":"post","link":"https:\/\/www.europesays.com\/fr\/513729\/","title":{"rendered":"Une nuit d\u2019Halloween inoubliable sur la Grand-Place de Roubaix"},"content":{"rendered":"<p class=\"introduction\">Ce vendredi soir, la Grand-Place de Roubaix a v\u00e9cu une soir\u00e9e d\u2019anthologie. Sorci\u00e8res, zombies, squelettes et clowns mal\u00e9fiques ont pris possession du c\u0153ur de ville pour une f\u00eate d\u2019Halloween \u00e0 la fois terrifiante et f\u00e9\u00e9rique.<\/p>\n<p data-start=\"623\" data-end=\"822\">Les <strong data-start=\"627\" data-end=\"651\">stands de maquillage<\/strong>, <strong data-start=\"653\" data-end=\"676\">tatouages \u00e9ph\u00e9m\u00e8res<\/strong> et <strong data-start=\"680\" data-end=\"701\">bonbons \u00e0 volont\u00e9<\/strong> ont ravi les enfants, tandis qu\u2019une <strong data-start=\"738\" data-end=\"757\">\u00ab cage hant\u00e9e \u00bb<\/strong> servait de d\u00e9cor parfait pour des photos souvenirs en famille.<\/p>\n<p data-start=\"824\" data-end=\"1064\">Point d\u2019orgue de la soir\u00e9e : un <strong data-start=\"856\" data-end=\"890\">show laser et un mapping vid\u00e9o<\/strong> ont m\u00e9tamorphos\u00e9 la fa\u00e7ade de l\u2019h\u00f4tel de ville en <strong data-start=\"941\" data-end=\"963\">monstre de lumi\u00e8re<\/strong>, sous les yeux \u00e9merveill\u00e9s des spectateurs. Un Halloween r\u00e9ussi, entre frissons et \u00e9merveillement.<\/p>\n<p data-start=\"1066\" data-end=\"1153\">\ud83d\udcf8 D\u00e9couvrez notre album photos<\/p>\n","protected":false},"excerpt":{"rendered":"Ce vendredi soir, la Grand-Place de Roubaix a v\u00e9cu une soir\u00e9e d\u2019anthologie. Sorci\u00e8res, zombies, squelettes et clowns mal\u00e9fiques&hellip;\n","protected":false},"author":2,"featured_media":513730,"comment_status":"","ping_status":"","sticky":false,"template":"","format":"standard","meta":{"footnotes":""},"categories":[2815],"tags":[1111,11,1777,674,3696,1011,27,10012,20815,811,1307,12,25],"class_list":{"0":"post-513729","1":"post","2":"type-post","3":"status-publish","4":"format-standard","5":"has-post-thumbnail","7":"category-lille","8":"tag-actu","9":"tag-actualites","10":"tag-eu","11":"tag-europe","12":"tag-evenements","13":"tag-fr","14":"tag-france","15":"tag-grand-place","16":"tag-halloween","17":"tag-hauts-de-france","18":"tag-lille","19":"tag-news","20":"tag-republique-francaise"},"share_on_mastodon":{"url":"https:\/\/pubeurope.com\/@fr\/115497633285118108","error":""},"_links":{"self":[{"href":"https:\/\/www.europesays.com\/fr\/wp-json\/wp\/v2\/posts\/513729","targetHints":{"allow":["GET"]}}],"collection":[{"href":"https:\/\/www.europesays.com\/fr\/wp-json\/wp\/v2\/posts"}],"about":[{"href":"https:\/\/www.europesays.com\/fr\/wp-json\/wp\/v2\/types\/post"}],"author":[{"embeddable":true,"href":"https:\/\/www.europesays.com\/fr\/wp-json\/wp\/v2\/users\/2"}],"replies":[{"embeddable":true,"href":"https:\/\/www.europesays.com\/fr\/wp-json\/wp\/v2\/comments?post=513729"}],"version-history":[{"count":0,"href":"https:\/\/www.europesays.com\/fr\/wp-json\/wp\/v2\/posts\/513729\/revisions"}],"wp:featuredmedia":[{"embeddable":true,"href":"https:\/\/www.europesays.com\/fr\/wp-json\/wp\/v2\/media\/513730"}],"wp:attachment":[{"href":"https:\/\/www.europesays.com\/fr\/wp-json\/wp\/v2\/media?parent=513729"}],"wp:term":[{"taxonomy":"category","embeddable":true,"href":"https:\/\/www.europesays.com\/fr\/wp-json\/wp\/v2\/categories?post=513729"},{"taxonomy":"post_tag","embeddable":true,"href":"https:\/\/www.europesays.com\/fr\/wp-json\/wp\/v2\/tags?post=513729"}],"curies":[{"name":"wp","href":"https:\/\/api.w.org\/{rel}","templated":true}]}}