{"id":513735,"date":"2025-11-05T14:48:17","date_gmt":"2025-11-05T14:48:17","guid":{"rendered":"https:\/\/www.europesays.com\/fr\/513735\/"},"modified":"2025-11-05T14:48:17","modified_gmt":"2025-11-05T14:48:17","slug":"rassemblement-contre-lexpulsion-dune-victime-des-effondrements-de-la-rue-daubagne","status":"publish","type":"post","link":"https:\/\/www.europesays.com\/fr\/513735\/","title":{"rendered":"rassemblement contre l&rsquo;expulsion d&rsquo;une victime des effondrements de la rue d\u2019Aubagne"},"content":{"rendered":"<p>\n    Ce mercredi, sept ans apr\u00e8s les effondrements mortels de plusieurs immeubles de la rue d\u2019Aubagne, un rassemblement a eu lieu devant la dent creuse, pour d\u00e9noncer notamment l\u2019expulsion en Tunisie d\u2019un des habitants qui a \u00e9chapp\u00e9 au drame, reconnu comme victime.<\/p>\n<p class=\"fig-paragraph\">Quelque 200 personnes se sont rassembl\u00e9es mercredi \u00e0 Marseille pour comm\u00e9morer les\u00a0<a href=\"http:\/\/www.lefigaro.fr\/marseille\/marseille-vers-un-nouveau-proces-dans-l-affaire-des-effondrements-de-la-rue-d-aubagne-20250718\" data-fig-type=\"NewsFlash\" data-gtm-custom-categorie=\"navigation\" data-gtm-custom-action=\"crossclick\" data-gtm-custom-label=\"Contextuel\" data-gtm-event=\"customEventSPE\" data-fig-domain=\"LEFIGARO\" target=\"_blank\" rel=\"noopener\">effondrements\u00a0<\/a>de la\u00a0<a href=\"http:\/\/www.lefigaro.fr\/marseille\/marseille-le-proces-en-appel-des-effondrements-de-la-rue-d-aubagne-fixe-en-2026-20251023\" data-fig-type=\"NewsFlash\" data-gtm-custom-categorie=\"navigation\" data-gtm-custom-action=\"crossclick\" data-gtm-custom-label=\"Contextuel\" data-gtm-event=\"customEventSPE\" data-fig-domain=\"LEFIGARO\" target=\"_blank\" rel=\"noopener\">rue d\u2019Aubagne<\/a>\u00a0et d\u00e9noncer l\u2019expulsion de France d\u2019un des occupants ayant \u00e9chapp\u00e9 au drame qui a fait huit morts, devenu embl\u00e9matique du fl\u00e9au du logement indigne.<\/p>\n<p class=\"fig-paragraph\">Devant le terrain o\u00f9 se trouvaient les immeubles tomb\u00e9s il y a sept ans jour pour jour en novembre 2018, des proches des victimes se sont rassembl\u00e9s, brandissant une fleur blanche ou le portrait d\u2019un fils ou d\u2019une fille disparue.<\/p>\n<p>                                    <a class=\"fig-a11y-skip a11y-hidden\" href=\"#fig-a11y-skip-main-inarticle\"><br \/>\n        Passer la publicit\u00e9<br \/>\n    <\/a><\/p>\n<p class=\"fig-paragraph\">Apr\u00e8s plusieurs minutes d\u2019un lourd silence seulement bris\u00e9 par le carillon d\u2019une \u00e9glise voisine, certains ont pris la parole devant les Marseillais venus comm\u00e9morer le drame, notamment le maire divers gauche\u00a0<a href=\"http:\/\/www.lefigaro.fr\/marseille\/marseille-benoit-payan-reclame-avec-huit-autres-maires-un-couvre-feu-total-a-l-aeroport-20251028\" data-fig-type=\"NewsFlash\" data-gtm-custom-categorie=\"navigation\" data-gtm-custom-action=\"crossclick\" data-gtm-custom-label=\"Contextuel\" data-gtm-event=\"customEventSPE\" data-fig-domain=\"LEFIGARO\" target=\"_blank\" rel=\"noopener\">Beno\u00eet Payan<\/a>.<\/p>\n<p>\u00abJustice et v\u00e9rit\u00e9\u00bb<\/p>\n<p class=\"fig-paragraph\">Beno\u00eet Payan a appel\u00e9 les anciens d\u00e9cideurs de la ville &#8211;\u00a0ses adversaires politiques en poste au moment du drame\u00a0&#8211; \u00e0 regarder les familles des victimes \u00abdroit dans les yeux\u00bb pour leur \u00abdemander pardon.\u00bb \u00abJe l\u2019ai fait \u00e0 leur place, il est temps qu\u2019ils le fassent eux-m\u00eames\u00bb, a-t-il dit en recevant mardi des familles de victimes, cit\u00e9 par le quotidien La Provence.<\/p>\n<p class=\"fig-paragraph\">\u00abEt pour Reda, justice et v\u00e9rit\u00e9\u00bb, ont scand\u00e9 mercredi les participants, en allusion \u00e0 un des habitants des immeubles effondr\u00e9s, expuls\u00e9 fin octobre vers la Tunisie. Son statut de victime avait \u00e9t\u00e9 reconnu lors du proc\u00e8s en premi\u00e8re instance et la\u00a0<a href=\"https:\/\/immobilier.lefigaro.fr\/article\/ce-sans-papiers-en-cdi-vivant-dans-un-logement-insalubre-a-trouve-une-solution-rare-pour-obtenir-une-carte-de-sejour-20251105\/\" target=\"_blank\" data-fig-type=\"Article\" rel=\"sponsored noopener\" data-gtm-custom-categorie=\"navigation\" data-gtm-custom-action=\"crossclick\" data-gtm-custom-label=\"Contextuel\" data-gtm-event=\"customEventSPE\" data-fig-domain=\"IMMOBILIER\">condamnation du propri\u00e9taire de l\u2019appartement o\u00f9 il \u00e9tait h\u00e9berg\u00e9<\/a>.<\/p>\n<p class=\"fig-paragraph\">\u00c0 l\u2019issue d\u2019un contr\u00f4le d\u2019identit\u00e9, le quinquag\u00e9naire Reda M., qui souffre d\u2019une h\u00e9patite B, s\u2019est retrouv\u00e9 en r\u00e9tention administrative avant son expulsion. Pour un vol, il avait \u00e9t\u00e9 condamn\u00e9 \u00e0 une \u00abdouble peine\u00a0: condamnation p\u00e9nale et interdiction du territoire fran\u00e7ais\u00bb, indique \u00e0 l\u2019AFP Kevin Vacher, du collectif du 5 novembre.<\/p>\n<p>Demande de gr\u00e2ce pr\u00e9sidentielle<\/p>\n<p class=\"fig-paragraph\">\u00abReda, c\u2019\u00e9tait un survivant\u00bb, raconte K\u00e9vin Vacher, pr\u00e9cisant que si le ma\u00e7on est en vie, c\u2019est parce qu\u2019il \u00ab\u00e9tait parti au travail \u00e0 5 heures du matin. Il a laiss\u00e9 ses amis chez lui dormir, ils sont morts.\u00bb<\/p>\n<p>                                    <a class=\"fig-a11y-skip a11y-hidden\" href=\"#fig-a11y-skip-main-inarticle_mtf\"><br \/>\n        Passer la publicit\u00e9<br \/>\n    <\/a><\/p>\n<p class=\"fig-paragraph\">Son expulsion l\u2019emp\u00eache \u00abnon seulement de se soigner mais \u00e9galement de faire valoir ses droits lors du futur proc\u00e8s en appel\u00bb, regrette le collectif. L\u2019association a demand\u00e9 \u00e0 Emmanuel Macron une gr\u00e2ce pr\u00e9sidentielle pour permettre son retour, un appel repris par le maire et plusieurs d\u00e9put\u00e9s et dont l\u2019\u00c9lys\u00e9e a \u00abaccus\u00e9 r\u00e9ception\u00bb, selon K\u00e9vin Vacher.<\/p>\n<p class=\"fig-paragraph\">Avec le proc\u00e8s en appel s\u2019ouvrant en novembre 2026, Lynda Larbi, dont le cousin Ch\u00e9rif est mort, attend \u00abdes peines beaucoup plus cons\u00e9quentes.\u00bb En juillet, le tribunal correctionnel a prononc\u00e9 dans cette affaire dix condamnations, dont trois \u00e0 de la prison ferme sous bracelet \u00e9lectronique, six relaxes, et 358.000 euros d\u2019amende, des peines globalement inf\u00e9rieures aux r\u00e9quisitions du parquet.<\/p>\n<p class=\"fig-paragraph\">Lynda Larbi fustige l\u2019expulsion de Reda, un ami de son cousin, pendant que \u00abdes pr\u00e9venus qui ont caus\u00e9 la mort de huit personnes sont tranquilles chez eux \u00e0 se d\u00e9fendre avec de grands avocats.\u00bb \u00abPourquoi ne serait-il pas pr\u00e9sent au proc\u00e8s en appel\u00a0? Il a v\u00e9cu le drame tout autant que nous. Sa place est en France.\u00bb<\/p>\n","protected":false},"excerpt":{"rendered":"Ce mercredi, sept ans apr\u00e8s les effondrements mortels de plusieurs immeubles de la rue d\u2019Aubagne, un rassemblement a&hellip;\n","protected":false},"author":2,"featured_media":513736,"comment_status":"","ping_status":"","sticky":false,"template":"","format":"standard","meta":{"footnotes":""},"categories":[2814],"tags":[1111,11,7122,1777,674,5341,1011,27,884,12,882,3919,25],"class_list":{"0":"post-513735","1":"post","2":"type-post","3":"status-publish","4":"format-standard","5":"has-post-thumbnail","7":"category-marseille","8":"tag-actu","9":"tag-actualites","10":"tag-effondrement","11":"tag-eu","12":"tag-europe","13":"tag-expulsions","14":"tag-fr","15":"tag-france","16":"tag-marseille","17":"tag-news","18":"tag-provence-alpes-cote-dazur","19":"tag-rassemblement","20":"tag-republique-francaise"},"share_on_mastodon":{"url":"https:\/\/pubeurope.com\/@fr\/115497645073923261","error":""},"_links":{"self":[{"href":"https:\/\/www.europesays.com\/fr\/wp-json\/wp\/v2\/posts\/513735","targetHints":{"allow":["GET"]}}],"collection":[{"href":"https:\/\/www.europesays.com\/fr\/wp-json\/wp\/v2\/posts"}],"about":[{"href":"https:\/\/www.europesays.com\/fr\/wp-json\/wp\/v2\/types\/post"}],"author":[{"embeddable":true,"href":"https:\/\/www.europesays.com\/fr\/wp-json\/wp\/v2\/users\/2"}],"replies":[{"embeddable":true,"href":"https:\/\/www.europesays.com\/fr\/wp-json\/wp\/v2\/comments?post=513735"}],"version-history":[{"count":0,"href":"https:\/\/www.europesays.com\/fr\/wp-json\/wp\/v2\/posts\/513735\/revisions"}],"wp:featuredmedia":[{"embeddable":true,"href":"https:\/\/www.europesays.com\/fr\/wp-json\/wp\/v2\/media\/513736"}],"wp:attachment":[{"href":"https:\/\/www.europesays.com\/fr\/wp-json\/wp\/v2\/media?parent=513735"}],"wp:term":[{"taxonomy":"category","embeddable":true,"href":"https:\/\/www.europesays.com\/fr\/wp-json\/wp\/v2\/categories?post=513735"},{"taxonomy":"post_tag","embeddable":true,"href":"https:\/\/www.europesays.com\/fr\/wp-json\/wp\/v2\/tags?post=513735"}],"curies":[{"name":"wp","href":"https:\/\/api.w.org\/{rel}","templated":true}]}}