{"id":513737,"date":"2025-11-05T14:49:10","date_gmt":"2025-11-05T14:49:10","guid":{"rendered":"https:\/\/www.europesays.com\/fr\/513737\/"},"modified":"2025-11-05T14:49:10","modified_gmt":"2025-11-05T14:49:10","slug":"du-monde-annonce-sur-les-routes-pour-le-long-week-end-du-11-novembre","status":"publish","type":"post","link":"https:\/\/www.europesays.com\/fr\/513737\/","title":{"rendered":"Du monde annonc\u00e9 sur les routes pour le long week-end du 11 novembre"},"content":{"rendered":"<p itemprop=\"description\"><strong>Il y aura du monde sur les routes ce week-end \u00e0 l\u2019occasion du pont du 11 novembre.<\/strong><\/p>\n<p>Bison Fut\u00e9 a d\u00e9voil\u00e9 ses pr\u00e9visions trafic. La journ\u00e9e de vendredi sera class\u00e9e orange dans les deux sens en Auvergne-Rh\u00f4ne-Alpes.<\/p>\n<p>Dans le sens des d\u00e9parts, il sera conseill\u00e9 d\u2019\u00e9viter l\u2019A7 entre Lyon et Orange, de 15h \u00e0 19h. Dans le sens des retours, Bison Fut\u00e9 conseille aux automobilistes de ne pas emprunter l\u2019A43 entre Chamb\u00e9ry et Lyon de 16h \u00e0 20h.<\/p>\n<p>Si la circulation promet d\u2019\u00eatre fluide samedi, dimanche et lundi, Bison Fut\u00e9 hissera de nouveau le drapeau orange dans la r\u00e9gion le mardi 11 novembre. Des bouchons sont annonc\u00e9s sur l\u2019A7 entre Orange et Lyon de 15h \u00e0 18h, sur l\u2019A43 entre Chamb\u00e9ry et Lyon de 17h \u00e0 19h et sur l\u2019A47 entre St Chamond et Givors de 17h \u00e0 20h.<\/p>\n","protected":false},"excerpt":{"rendered":"Il y aura du monde sur les routes ce week-end \u00e0 l\u2019occasion du pont du 11 novembre. Bison&hellip;\n","protected":false},"author":2,"featured_media":513738,"comment_status":"","ping_status":"","sticky":false,"template":"","format":"standard","meta":{"footnotes":""},"categories":[1889],"tags":[1111,11,2813,2190,2430,1109,251,1112,2811,1777,674,118,1011,27,1922,1110,1114,2428,2810,12,241,316,25,2812,517,800],"class_list":{"0":"post-513737","1":"post","2":"type-post","3":"status-publish","4":"format-standard","5":"has-post-thumbnail","7":"category-lyon","8":"tag-actu","9":"tag-actualites","10":"tag-article","11":"tag-asvel","12":"tag-auvergne-rhone-alpes","13":"tag-breves","14":"tag-culture","15":"tag-depeches","16":"tag-economique","17":"tag-eu","18":"tag-europe","19":"tag-faits-divers","20":"tag-fr","21":"tag-france","22":"tag-info","23":"tag-informations","24":"tag-infos","25":"tag-lyon","26":"tag-lyonmag","27":"tag-news","28":"tag-ol","29":"tag-politique","30":"tag-republique-francaise","31":"tag-sociale","32":"tag-sport","33":"tag-transports"},"share_on_mastodon":{"url":"https:\/\/pubeurope.com\/@fr\/115497649175423784","error":""},"_links":{"self":[{"href":"https:\/\/www.europesays.com\/fr\/wp-json\/wp\/v2\/posts\/513737","targetHints":{"allow":["GET"]}}],"collection":[{"href":"https:\/\/www.europesays.com\/fr\/wp-json\/wp\/v2\/posts"}],"about":[{"href":"https:\/\/www.europesays.com\/fr\/wp-json\/wp\/v2\/types\/post"}],"author":[{"embeddable":true,"href":"https:\/\/www.europesays.com\/fr\/wp-json\/wp\/v2\/users\/2"}],"replies":[{"embeddable":true,"href":"https:\/\/www.europesays.com\/fr\/wp-json\/wp\/v2\/comments?post=513737"}],"version-history":[{"count":0,"href":"https:\/\/www.europesays.com\/fr\/wp-json\/wp\/v2\/posts\/513737\/revisions"}],"wp:featuredmedia":[{"embeddable":true,"href":"https:\/\/www.europesays.com\/fr\/wp-json\/wp\/v2\/media\/513738"}],"wp:attachment":[{"href":"https:\/\/www.europesays.com\/fr\/wp-json\/wp\/v2\/media?parent=513737"}],"wp:term":[{"taxonomy":"category","embeddable":true,"href":"https:\/\/www.europesays.com\/fr\/wp-json\/wp\/v2\/categories?post=513737"},{"taxonomy":"post_tag","embeddable":true,"href":"https:\/\/www.europesays.com\/fr\/wp-json\/wp\/v2\/tags?post=513737"}],"curies":[{"name":"wp","href":"https:\/\/api.w.org\/{rel}","templated":true}]}}