{"id":513739,"date":"2025-11-05T14:50:10","date_gmt":"2025-11-05T14:50:10","guid":{"rendered":"https:\/\/www.europesays.com\/fr\/513739\/"},"modified":"2025-11-05T14:50:10","modified_gmt":"2025-11-05T14:50:10","slug":"lyon-moins-doeuvres-budget-en-baisse-soupe-a-la-grimace-pour-la-fete-des-lumieres-2025","status":"publish","type":"post","link":"https:\/\/www.europesays.com\/fr\/513739\/","title":{"rendered":"Lyon. Moins d&rsquo;oeuvres, budget en baisse&#8230; Soupe \u00e0 la grimace pour la F\u00eate des Lumi\u00e8res 2025"},"content":{"rendered":"<p>            Par<br \/>\n        <strong><br \/>\n            <a href=\"https:\/\/actu.fr\/auteur\/nicolas-zaugra\" title=\"Consulter tous les articles de Nicolas Zaugra\" target=\"_blank\" rel=\"noopener\">Nicolas Zaugra<\/a><br \/>\n        <\/strong><\/p>\n<p>        Publi\u00e9 le<\/p>\n<p>            5 nov. 2025 \u00e0 15h36        <\/p>\n<p>Le <a href=\"https:\/\/actu.fr\/auvergne-rhone-alpes\/lyon_69123\/fete-des-lumieres-2025-a-lyon-decouvrez-le-programme-complet-des-illuminations_63395646.html\" target=\"_blank\" rel=\"noopener\">programme complet de la F\u00eate des Lumi\u00e8res 2025<\/a> de <a href=\"https:\/\/actu.fr\/auvergne-rhone-alpes\/lyon_69123\" target=\"_blank\" rel=\"noopener\">Lyon<\/a> est d\u00e9sormais connu. Il a \u00e9t\u00e9 d\u00e9voil\u00e9 au public ce mercredi 5 novembre, pile un mois avant le d\u00e9but des festivit\u00e9s pr\u00e9vues du <strong>5 au 8 d\u00e9cembre<\/strong> prochain. Pour cette \u00e9dition, plusieurs nouveaut\u00e9s sont \u00e0 noter dont un spectacle de <a href=\"https:\/\/actu.fr\/auvergne-rhone-alpes\/lyon_69123\/fete-des-lumieres-2025-a-lyon-une-enorme-surprise-au-parc-de-la-tete-d-or_63396504.html\" target=\"_blank\" rel=\"noopener\">drones lumineux dans le ciel du parc de la T\u00eate d\u2019or<\/a>.\u00a0<br \/>Mais cette ann\u00e9e, le budget global de l\u2019\u00e9v\u00e9nement baisse, tout comme la participation financi\u00e8re de la municipalit\u00e9. Le nombre d\u2019\u0153uvres va donc se r\u00e9duire d\u2019un tiers environ et la place Bellecour ne sera pas illumin\u00e9e. Le maire \u00e9cologiste de Lyon <a href=\"https:\/\/actu.fr\/tag\/gregory-doucet\" target=\"_blank\" rel=\"noopener\">Gr\u00e9gory Doucet<\/a>, interrog\u00e9 sur le sujet ce mercredi lors de la conf\u00e9rence de presse de pr\u00e9sentation, s\u2019en est expliqu\u00e9 en d\u00e9fendant \u00ab\u00a0des choix budg\u00e9taires\u00a0\u00bb pr\u00e9f\u00e9rant \u00ab\u00a0la qualit\u00e9 \u00e0 la quantit\u00e9\u00a0\u00bb. La saign\u00e9e financi\u00e8re est finalement <strong>bien plus importante qu\u2019imagin\u00e9e<\/strong>.<\/p>\n<p>\u00ab\u00a0Le choix de se recentrer\u00a0\u00bb sur certains lieux<\/p>\n<p class=\" wall-content\">\u00ab\u00a0Cette ann\u00e9e, c\u2019est une f\u00eate o\u00f9 on a un peu moins de budget possible c\u00f4t\u00e9 Ville de Lyon\u00a0\u00bb, a annonc\u00e9 la premi\u00e8re adjointe en charge de la Culture Audrey H\u00e9nocque ce matin. \u00ab\u00a0D\u2019o\u00f9 le choix de se recentrer un peu plus sur le centre-ville et des lieux embl\u00e9matiques\u00a0\u00bb, a expliqu\u00e9 l\u2019\u00e9lue.\u00a0<\/p>\n<p class=\" wall-content\">Pour cette \u00e9dition, pas d\u2019\u0153uvre sur la place Bellecour. Et ce n\u2019est pas <a href=\"https:\/\/actu.fr\/auvergne-rhone-alpes\/lyon_69123\/lyon-installes-sur-l-oeuvre-tissage-urbain-les-brumisateurs-de-bellecour-posent-question_62947648.html\" target=\"_blank\" rel=\"noopener\">Tissage urbain<\/a> qui emp\u00eache de programmer des animations, mais un choix budg\u00e9taire. De m\u00eame pour le th\u00e9\u00e2tre des C\u00e9lestins ou la place de la Bourse. Le parc Blandan ne fait pas partie du programme pour cause de travaux, tandis que des lieux choisis de mani\u00e8re ponctuelle comme Croix-Rousse ou la Part-Dieu n\u2019apparaissent pas au profit, pour la premi\u00e8re fois, de Villeurbanne et de son P\u00f4le Pixel.<\/p>\n<p class=\" wall-content\">Au total, le programme \u00e9voque <strong>22 illuminations principales (sans compter la basilique de Fourvi\u00e8re, illumin\u00e9e par la R\u00e9gion) contre 31 en 2024<\/strong>.\u00a0<\/p>\n<p>\u00ab\u00a0Des choix budg\u00e9taires\u00a0\u00bb, explique le maire de Lyon<\/p>\n<p class=\" wall-content\">Au total, <strong>800 000 euros de participation de la Ville de Lyon sont retir\u00e9s<\/strong> cette ann\u00e9e.\u00a0 D\u00e9but 2025, des <a href=\"https:\/\/actu.fr\/auvergne-rhone-alpes\/lyon_69123\/lyon-les-pistes-tres-explosives-de-la-mairie-pour-faire-des-economies-en-2025_62103423.html\" target=\"_blank\" rel=\"noopener\">documents de travail qui avaient fuit\u00e9 dans la presse<\/a> \u00e9voquaient une saign\u00e9e bien moindre de \u00ab\u00a0200 000 euros au moins\u00a0\u00bb.<\/p>\n<p class=\" wall-content\">\u00ab\u00a0L\u2019ann\u00e9e 2025 est une ann\u00e9e de contraintes budg\u00e9taires et 2026 s\u2019annonce sous les m\u00eames auspices malheureusement, avec l\u2019\u00c9tat qui a d\u00e9cid\u00e9 de ponctionner les collectivit\u00e9s locales pour r\u00e9sorber le d\u00e9ficit public. Il a fallu s\u2019adapter\u00a0\u00bb, a regrett\u00e9 Gr\u00e9gory Doucet qui \u00e9voque des \u00ab\u00a0choix budg\u00e9taires\u00a0\u00bb.\u00a0<\/p>\n<p class=\" wall-content\">\n<p class=\" wall-content\">\u00ab\u00a0Nous avons r\u00e9duit en effet la participation de la Ville, mais on a redoubl\u00e9 d\u2019efforts pour aller chercher des m\u00e9c\u00e8nes et des partenaires, ce qui fait qu\u2019au global le budget de la F\u00eate des Lumi\u00e8res a baiss\u00e9 de 400 000 euros\u00a0\u00bb, poursuit le maire.<\/p>\n<p>Votre r\u00e9gion, votre actu !<\/p>\n<p>Recevez chaque jour les infos qui comptent pour vous.<\/p>\n<p>\t<a href=\"https:\/\/actu.fr\/newsletter\" class=\"ac-btn ac-btn--corner ac-btn--medium ac-btn--blue800\" target=\"_blank\" rel=\"noopener\">S&rsquo;incrire<\/a><\/p>\n<p class=\" wall-content\">\u00ab\u00a0Nous maintenons cette f\u00eate avec le m\u00eame esprit, mais avec moins d\u2019\u0153uvres. Si vous faites le ratio, on a fait en sorte d\u2019avoir la qualit\u00e9 plus que la quantit\u00e9. Le budget artistique est maintenu.\u00a0\u00bb \u00c0 cela s\u2019ajoute <a href=\"https:\/\/actu.fr\/auvergne-rhone-alpes\/lyon_69123\/lyon-la-fete-des-lumieres-2025-prend-un-revers-de-la-metropole-qui-coupe-le-robinet_62376138.html\" target=\"_blank\" rel=\"noopener\">la coupe de 80 000 euros de la M\u00e9tropole de Lyon<\/a> d\u00e9j\u00e0 annonc\u00e9e en mars.<\/p>\n<p>Un partenariat avec Netflix<\/p>\n<p class=\" wall-content\">Parmi les partenaires priv\u00e9s qui apportent des financements, <strong>Netflix<\/strong> appara\u00eet dans la liste pour la premi\u00e8re fois cette ann\u00e9e.<\/p>\n<p class=\" wall-content\">La plateforme am\u00e9ricaine va s\u2019associer \u00e0 l\u2019\u0153uvre \u00ab\u00a0Stranger Lights\u00a0\u00bb sur la place Sathonay (1er). Une cr\u00e9ation de Nils Rousset pour faire la promotion de la saison 5 de la s\u00e9rie Stranger Things, dont la premi\u00e8re partie sort le 27 novembre et la seconde le 27 d\u00e9cembre. L\u2019\u0153uvre est pens\u00e9e comme une ultime sc\u00e8ne de la s\u00e9rie et l\u2019installation promet de plonger le public dans l\u2019univers d\u2019Hawkins. C\u2019est surtout un beau coup promotionnel pour la plateforme.<\/p>\n<p class=\" wall-content\">Le <strong>budget global est donc de 2,1 millions d\u2019euros<\/strong> (dont 1,3 million de m\u00e9c\u00e9nat) comprenant les financements publics et priv\u00e9s, hors masse salariale.\u00a0<\/p>\n<p class=\" wall-content\">Personnalisez votre actualit\u00e9 en ajoutant vos villes et m\u00e9dias en favori avec <a href=\"https:\/\/moncompte.actu.fr\" title=\"D\u00e9couvez Mon Actu\" rel=\"nofollow noopener\" data-trk=\"{&quot;cta&quot;:{&quot;action&quot;:&quot;https:\\\/\\\/moncompte.actu.fr&quot;,&quot;category&quot;:&quot;mon compte&quot;,&quot;from&quot;:&quot;article footer&quot;,&quot;name&quot;:&quot;Mon actu&quot;,&quot;type&quot;:&quot;cta&quot;}}\" target=\"_blank\">Mon Actu<\/a>.<\/p>\n","protected":false},"excerpt":{"rendered":"Par Nicolas Zaugra Publi\u00e9 le 5 nov. 2025 \u00e0 15h36 Le programme complet de la F\u00eate des Lumi\u00e8res&hellip;\n","protected":false},"author":2,"featured_media":513740,"comment_status":"","ping_status":"","sticky":false,"template":"","format":"standard","meta":{"footnotes":""},"categories":[1889],"tags":[1111,11,2430,1777,674,849,48837,1011,27,5226,1652,2428,12,25],"class_list":{"0":"post-513739","1":"post","2":"type-post","3":"status-publish","4":"format-standard","5":"has-post-thumbnail","7":"category-lyon","8":"tag-actu","9":"tag-actualites","10":"tag-auvergne-rhone-alpes","11":"tag-eu","12":"tag-europe","13":"tag-festival","14":"tag-fete-des-lumieres-de-lyon","15":"tag-fr","16":"tag-france","17":"tag-gregory-doucet","18":"tag-loisirs-culture","19":"tag-lyon","20":"tag-news","21":"tag-republique-francaise"},"share_on_mastodon":{"url":"https:\/\/pubeurope.com\/@fr\/115497652932249654","error":""},"_links":{"self":[{"href":"https:\/\/www.europesays.com\/fr\/wp-json\/wp\/v2\/posts\/513739","targetHints":{"allow":["GET"]}}],"collection":[{"href":"https:\/\/www.europesays.com\/fr\/wp-json\/wp\/v2\/posts"}],"about":[{"href":"https:\/\/www.europesays.com\/fr\/wp-json\/wp\/v2\/types\/post"}],"author":[{"embeddable":true,"href":"https:\/\/www.europesays.com\/fr\/wp-json\/wp\/v2\/users\/2"}],"replies":[{"embeddable":true,"href":"https:\/\/www.europesays.com\/fr\/wp-json\/wp\/v2\/comments?post=513739"}],"version-history":[{"count":0,"href":"https:\/\/www.europesays.com\/fr\/wp-json\/wp\/v2\/posts\/513739\/revisions"}],"wp:featuredmedia":[{"embeddable":true,"href":"https:\/\/www.europesays.com\/fr\/wp-json\/wp\/v2\/media\/513740"}],"wp:attachment":[{"href":"https:\/\/www.europesays.com\/fr\/wp-json\/wp\/v2\/media?parent=513739"}],"wp:term":[{"taxonomy":"category","embeddable":true,"href":"https:\/\/www.europesays.com\/fr\/wp-json\/wp\/v2\/categories?post=513739"},{"taxonomy":"post_tag","embeddable":true,"href":"https:\/\/www.europesays.com\/fr\/wp-json\/wp\/v2\/tags?post=513739"}],"curies":[{"name":"wp","href":"https:\/\/api.w.org\/{rel}","templated":true}]}}