{"id":513755,"date":"2025-11-05T14:59:13","date_gmt":"2025-11-05T14:59:13","guid":{"rendered":"https:\/\/www.europesays.com\/fr\/513755\/"},"modified":"2025-11-05T14:59:13","modified_gmt":"2025-11-05T14:59:13","slug":"lia-pretexte-a-la-correction-des-indices-par-john-plassard-05-11","status":"publish","type":"post","link":"https:\/\/www.europesays.com\/fr\/513755\/","title":{"rendered":"L&rsquo;IA, pr\u00e9texte \u00e0 la correction des indices, par John Plassard \u2013 05\/11"},"content":{"rendered":"<p>Ce mardi 4 novembre, Antoine Larigaudrie, journaliste \u00e0 BFM Business ; John Plassard, associ\u00e9 et responsable de la strat\u00e9gie d\u2019investissement de Cit\u00e9 Gestion ; Aymeric Diday, directeur de la gestion chez Pergam ; Joffrey Ouafqa, directeur des gestions chez Auris Gestion ; Philippe Ferreira, responsable adjoint de la Strat\u00e9gie de Kepler Cheuvreux ; Gr\u00e9goire Uettwiller, g\u00e9rant du fonds Moneta Long Short chez Moneta ; Samy Chaar, chef \u00e9conomiste chez Lombard Odier &amp; Cie : Eric Simonnet, business development &amp; investor relationship manager chez Triodos ; Andrea Tueni, sales trader chez Saxo Banque ; Sabrina Sadgui, journaliste \u00e0 BFM Business ; Franklin Pichard, directeur de la recherche chez Kiplink ; G\u00e9rald Grant, associ\u00e9 G\u00e9rant de Fundesys ; Amandine Gerard, pr\u00e9sidente de Financi\u00e8re de l&rsquo;Arc ; Cyrille Collet, directeur de la gestion quantitative actions chez CPR AM et Wilfrid Galand, directeur strat\u00e9giste chez Montpensier Arbevel, \u00e9taient les invit\u00e9s de l&rsquo;\u00e9mission BFM Bourse pr\u00e9sent\u00e9e par Guillaume Sommerer. BFM Bourse est \u00e0 voir ou \u00e9couter du lundi au vendredi sur BFM Business.<\/p>\n<p>Ce mardi 4 novembre, Philippe Ferreira, responsable adjoint de la strat\u00e9gie de Kepler Cheuvreux, a d\u00e9brief\u00e9 la s\u00e9ance du jour, dans l&rsquo;\u00e9mission BFM Bourse pr\u00e9sent\u00e9e par Guillaume Sommerer. BFM Bourse est \u00e0 voir ou \u00e9couter du lundi au vendredi sur BFM Business.<\/p>\n<p>Ce mardi 4 novembre 2025, Wilfrid Galand, directeur strat\u00e9giste chez Montpensier Arbevel, Cyrille Collet, directeur de la gestion quantitative actions, CPR AM, Antoine Larigaudrie, journaliste BFM Business, Andrea Tueni, sales trader chez Saxo Banque, et Arnaud Girod, Responsable de la Strat\u00e9gie chez Kepler Cheuvreux, \u00e9taient les invit\u00e9s de l&rsquo;\u00e9mission BFM Bourse pr\u00e9sent\u00e9e par Guillaume Sommerer. BFM Bourse est \u00e0 voir ou \u00e9couter du lundi au vendredi sur BFM Business.<\/p>\n<p>Ce mardi 4 novembre, Cyrille Collet, directeur de la gestion quantitative actions, CPR AM, et Wilfrid Galand, directeur strat\u00e9giste chez Montpensier Arbevel, \u00e9taient les invit\u00e9s de l&rsquo;\u00e9mission BFM Bourse pr\u00e9sent\u00e9e par Guillaume Sommerer. BFM Bourse est \u00e0 voir ou \u00e9couter du lundi au vendredi sur BFM Business.<\/p>\n<p>Ce mardi 4 novembre, Wilfrid Galand, directeur strat\u00e9giste chez Montpensier Arbevel, et Cyrille Collet, directeur de la gestion quantitative actions, CPR AM, \u00e9taient les invit\u00e9s de l&rsquo;\u00e9mission BFM Bourse pr\u00e9sent\u00e9e par Guillaume Sommerer. BFM Bourse est \u00e0 voir ou \u00e9couter du lundi au vendredi sur BFM Business.<\/p>\n<p>Ce mardi 4 novembre, Philippe Ferreira, responsable adjoint de la Strat\u00e9gie de Kepler Cheuvreux, Gr\u00e9goire Uettwiller, g\u00e9rant du fonds Moneta Long Short chez Moneta, Samy Chaar, chef \u00e9conomiste chez Lombard Odier &amp; Cie, Eric Simonnet, business Development &amp; Investor Relationship Manager chez Triodos, Andrea Tueni, sales trader chez Saxo Banque, Sabrina Sadgui, journaliste BFM Business, Franklin Pichard, directeur de la Recherche Kiplink, G\u00e9rald Grant, associ\u00e9 G\u00e9rant de Fundesys, et Amandine Gerard, pr\u00e9sidente de Financi\u00e8re de l&rsquo;Arc, \u00e9taient les invit\u00e9s de l&rsquo;\u00e9mission BFM Bourse pr\u00e9sent\u00e9e par Guillaume Sommerer. BFM Bourse est \u00e0 voir ou \u00e9couter du lundi au vendredi sur BFM Business.<\/p>\n<p>Bullshitom\u00e8tre : \u00ab\u00a0\u00c0 moyen terme, les march\u00e9s vont consolider\u00a0<\/p>\n<p>Ce mardi 4 novembre, Andrea Tueni, sales trader chez Saxo Banque, s\u2019est pench\u00e9 sur les seuils techniques incontournables sur les march\u00e9s et les valeurs, dans Le plan de trading dans l&rsquo;\u00e9mission BFM Bourse pr\u00e9sent\u00e9e par Guillaume Sommerer. BFM Bourse est \u00e0 voir ou \u00e9couter du lundi au vendredi sur BFM Business.<\/p>\n<p>Ce mardi 4 novembre, Eric Simonnet, business Development &amp; Investor Relationship Manager chez Triodos, s&rsquo;est pench\u00e9 sur l&rsquo;aspect ESG des t\u00e9l\u00e9coms, et les valeurs \u00e0 suivre dans le secteur de la t\u00e9l\u00e9communication, dans l&rsquo;\u00e9mission BFM Bourse pr\u00e9sent\u00e9e par Guillaume Sommerer. BFM Bourse est \u00e0 voir ou \u00e9couter du lundi au vendredi sur BFM Business.<\/p>\n","protected":false},"excerpt":{"rendered":"Ce mardi 4 novembre, Antoine Larigaudrie, journaliste \u00e0 BFM Business ; John Plassard, associ\u00e9 et responsable de la&hellip;\n","protected":false},"author":2,"featured_media":17731,"comment_status":"","ping_status":"","sticky":false,"template":"","format":"standard","meta":{"footnotes":""},"categories":[1589],"tags":[11,73,1866,12,1864,1865,1863,308],"class_list":{"0":"post-513755","1":"post","2":"type-post","3":"status-publish","4":"format-standard","5":"has-post-thumbnail","7":"category-etats-unis","8":"tag-actualites","9":"tag-etats-unis","10":"tag-etats-unis-damerique","11":"tag-news","12":"tag-united-states","13":"tag-united-states-of-america","14":"tag-us","15":"tag-usa"},"share_on_mastodon":{"url":"https:\/\/pubeurope.com\/@fr\/115497688444683742","error":""},"_links":{"self":[{"href":"https:\/\/www.europesays.com\/fr\/wp-json\/wp\/v2\/posts\/513755","targetHints":{"allow":["GET"]}}],"collection":[{"href":"https:\/\/www.europesays.com\/fr\/wp-json\/wp\/v2\/posts"}],"about":[{"href":"https:\/\/www.europesays.com\/fr\/wp-json\/wp\/v2\/types\/post"}],"author":[{"embeddable":true,"href":"https:\/\/www.europesays.com\/fr\/wp-json\/wp\/v2\/users\/2"}],"replies":[{"embeddable":true,"href":"https:\/\/www.europesays.com\/fr\/wp-json\/wp\/v2\/comments?post=513755"}],"version-history":[{"count":0,"href":"https:\/\/www.europesays.com\/fr\/wp-json\/wp\/v2\/posts\/513755\/revisions"}],"wp:featuredmedia":[{"embeddable":true,"href":"https:\/\/www.europesays.com\/fr\/wp-json\/wp\/v2\/media\/17731"}],"wp:attachment":[{"href":"https:\/\/www.europesays.com\/fr\/wp-json\/wp\/v2\/media?parent=513755"}],"wp:term":[{"taxonomy":"category","embeddable":true,"href":"https:\/\/www.europesays.com\/fr\/wp-json\/wp\/v2\/categories?post=513755"},{"taxonomy":"post_tag","embeddable":true,"href":"https:\/\/www.europesays.com\/fr\/wp-json\/wp\/v2\/tags?post=513755"}],"curies":[{"name":"wp","href":"https:\/\/api.w.org\/{rel}","templated":true}]}}